{"id":37922,"date":"2025-11-18T06:45:01","date_gmt":"2025-11-18T09:45:01","guid":{"rendered":"https:\/\/minutobahia24h.com.br\/?p=37922"},"modified":"2025-11-18T06:45:04","modified_gmt":"2025-11-18T09:45:04","slug":"prefeito-e-notificado-por-documentos-insuficientes-de-concurso-publico","status":"publish","type":"post","link":"https:\/\/minutobahia24h.com.br\/?p=37922","title":{"rendered":"Prefeito \u00e9 notificado por documentos insuficientes de concurso p\u00fablico"},"content":{"rendered":"<div class=\"wp-block-image\">\n<figure class=\"aligncenter size-full\"><img data-recalc-dims=\"1\" fetchpriority=\"high\" decoding=\"async\" width=\"750\" height=\"599\" src=\"https:\/\/i0.wp.com\/minutobahia24h.com.br\/wp-content\/uploads\/2025\/11\/Sem-titulo-175.jpg?resize=750%2C599&#038;ssl=1\" alt=\"\" class=\"wp-image-37924\" srcset=\"https:\/\/i0.wp.com\/minutobahia24h.com.br\/wp-content\/uploads\/2025\/11\/Sem-titulo-175.jpg?w=750&amp;ssl=1 750w, https:\/\/i0.wp.com\/minutobahia24h.com.br\/wp-content\/uploads\/2025\/11\/Sem-titulo-175.jpg?resize=300%2C240&amp;ssl=1 300w\" sizes=\"(max-width: 750px) 100vw, 750px\" \/><figcaption class=\"wp-element-caption\">Wilson Rocha, prefeito de Palmeiras (Avante) &#8211;\u00a0Foto: Reprodu\u00e7\u00e3o | Facebook<br><br><\/figcaption><\/figure>\n<\/div>\n\n\n<p>O prefeito de Palmeiras, Wilson Rocha (Avante), vai ter que apresentar ao\u00a0<a href=\"https:\/\/atarde.com.br\/tags\/tribunal-de-contas-dos-municipios?d=1\" target=\"_blank\" rel=\"noreferrer noopener\">Tribunal de Contas dos Munic\u00edpios (TCM-BA)<\/a>,\u00a0em um prazo de 20 dias, a documenta\u00e7\u00e3o completa referente a um Processo Seletivo no munic\u00edpio. Entre a documenta\u00e7\u00e3o solicitada est\u00e1 a\u00a0etapa de planejamento do certame, bem como o\u00a0ato de homologa\u00e7\u00e3o. O\u00a0TCM-BA busca sanear o processo e garantir a regularidade da sele\u00e7\u00e3o realizada pela gest\u00e3o municipal. Caso o prefeito n\u00e3o apresente os documentos dentro do prazo estabelecido, o procedimento deve avan\u00e7ar com a possibilidade de san\u00e7\u00f5es ou responsabiliza\u00e7\u00f5es.<\/p>\n\n\n\n<h2 class=\"wp-block-heading\">Processo seletivo<\/h2>\n\n\n\n<p>As inscri\u00e7\u00f5es para este processo seletivo foram entre os dias 5 e 9 de maio deste ano.&nbsp;Foram abertas 28 vagas, al\u00e9m de cadastro reserva, para cargos de n\u00edveis m\u00e9dio, t\u00e9cnico e superior, com sal\u00e1rios de at\u00e9 R$ 2.600,00.<\/p>\n\n\n\n<p>Houve vagas abertas para monitor ambiental, agente administrativo, motorista, fiscal de Meio Ambiente, t\u00e9cnico agr\u00edcola, entre outros.<\/p>\n\n\n\n<h2 class=\"wp-block-heading\">Recorr\u00eancia<\/h2>\n\n\n\n<p>Em fevereiro deste ano, o processo seletivo j\u00e1 havia sido alvo de aten\u00e7\u00e3o do&nbsp;<a href=\"https:\/\/atarde.com.br\/tags\/mpba?d=1\" target=\"_blank\" rel=\"noreferrer noopener\">Minist\u00e9rio P\u00fablico do Estado da Bahia (MP-BA)<\/a>.<\/p>\n\n\n\n<p>O munic\u00edpio de Palmeiras acatou a recomenda\u00e7\u00e3o do MP-BA para suspender as convoca\u00e7\u00f5es e contrata\u00e7\u00f5es devido a diversas irregularidades apontadas no edital, como contradi\u00e7\u00e3o nas classifica\u00e7\u00f5es, aus\u00eancia de protocolo de entrega de documentos e falhas na reserva de vagas para pessoas com defici\u00eancia e negros.<\/p>\n\n\n\n<p>O Processo Seletivo Simplificado j\u00e1 estava sob an\u00e1lise de legalidade antes mesmo da notifica\u00e7\u00e3o do TCM, o que pode ter motivado a a\u00e7\u00e3o do Tribunal.<\/p>\n\n\n\n<p>A reportagem procurou a Prefeitura de Palmeiras e ainda aguarda resposta ao questionamento.<\/p>\n\n\n\n<p>Atarde<\/p>\n","protected":false},"excerpt":{"rendered":"<p>O prefeito de Palmeiras, Wilson Rocha (Avante), vai ter que apresentar ao\u00a0Tribunal de Contas dos Munic\u00edpios (TCM-BA),\u00a0em um prazo de 20 dias, a documenta\u00e7\u00e3o completa referente a um Processo Seletivo no munic\u00edpio. Entre a documenta\u00e7\u00e3o solicitada est\u00e1 a\u00a0etapa de planejamento do certame, bem como o\u00a0ato de homologa\u00e7\u00e3o. O\u00a0TCM-BA busca sanear o processo e garantir a [&hellip;]<\/p>\n","protected":false},"author":2,"featured_media":37924,"comment_status":"open","ping_status":"open","sticky":false,"template":"","format":"standard","meta":{"_jetpack_memberships_contains_paid_content":false,"footnotes":""},"categories":[3],"tags":[],"class_list":["post-37922","post","type-post","status-publish","format-standard","has-post-thumbnail","hentry","category-regional"],"aioseo_notices":[],"jetpack_featured_media_url":"https:\/\/i0.wp.com\/minutobahia24h.com.br\/wp-content\/uploads\/2025\/11\/Sem-titulo-175.jpg?fit=750%2C599&ssl=1","jetpack_sharing_enabled":true,"_links":{"self":[{"href":"https:\/\/minutobahia24h.com.br\/index.php?rest_route=\/wp\/v2\/posts\/37922","targetHints":{"allow":["GET"]}}],"collection":[{"href":"https:\/\/minutobahia24h.com.br\/index.php?rest_route=\/wp\/v2\/posts"}],"about":[{"href":"https:\/\/minutobahia24h.com.br\/index.php?rest_route=\/wp\/v2\/types\/post"}],"author":[{"embeddable":true,"href":"https:\/\/minutobahia24h.com.br\/index.php?rest_route=\/wp\/v2\/users\/2"}],"replies":[{"embeddable":true,"href":"https:\/\/minutobahia24h.com.br\/index.php?rest_route=%2Fwp%2Fv2%2Fcomments&post=37922"}],"version-history":[{"count":1,"href":"https:\/\/minutobahia24h.com.br\/index.php?rest_route=\/wp\/v2\/posts\/37922\/revisions"}],"predecessor-version":[{"id":37925,"href":"https:\/\/minutobahia24h.com.br\/index.php?rest_route=\/wp\/v2\/posts\/37922\/revisions\/37925"}],"wp:featuredmedia":[{"embeddable":true,"href":"https:\/\/minutobahia24h.com.br\/index.php?rest_route=\/wp\/v2\/media\/37924"}],"wp:attachment":[{"href":"https:\/\/minutobahia24h.com.br\/index.php?rest_route=%2Fwp%2Fv2%2Fmedia&parent=37922"}],"wp:term":[{"taxonomy":"category","embeddable":true,"href":"https:\/\/minutobahia24h.com.br\/index.php?rest_route=%2Fwp%2Fv2%2Fcategories&post=37922"},{"taxonomy":"post_tag","embeddable":true,"href":"https:\/\/minutobahia24h.com.br\/index.php?rest_route=%2Fwp%2Fv2%2Ftags&post=37922"}],"curies":[{"name":"wp","href":"https:\/\/api.w.org\/{rel}","templated":true}]}}