{"id":3765,"date":"2023-11-09T22:11:34","date_gmt":"2023-11-10T01:11:34","guid":{"rendered":"https:\/\/minutobahia24h.com.br\/?p=3765"},"modified":"2023-11-09T22:11:36","modified_gmt":"2023-11-10T01:11:36","slug":"acm-neto-diz-que-jeronimo-precisa-ter-humildade-e-reconhecer-que-a-bahia-tem-problemas-serios","status":"publish","type":"post","link":"https:\/\/minutobahia24h.com.br\/?p=3765","title":{"rendered":"ACM Neto diz que Jer\u00f4nimo precisa ter \u201chumildade\u201d e \u201creconhecer que a Bahia tem problemas s\u00e9rios\u201d"},"content":{"rendered":"<div class=\"wp-block-image\">\n<figure class=\"aligncenter size-large\"><img data-recalc-dims=\"1\" fetchpriority=\"high\" decoding=\"async\" width=\"800\" height=\"420\" src=\"https:\/\/i0.wp.com\/minutobahia24h.com.br\/wp-content\/uploads\/2023\/11\/Sem-titulo-119-1024x538.jpg?resize=800%2C420&#038;ssl=1\" alt=\"\" class=\"wp-image-3767\" srcset=\"https:\/\/i0.wp.com\/minutobahia24h.com.br\/wp-content\/uploads\/2023\/11\/Sem-titulo-119.jpg?resize=1024%2C538&amp;ssl=1 1024w, https:\/\/i0.wp.com\/minutobahia24h.com.br\/wp-content\/uploads\/2023\/11\/Sem-titulo-119.jpg?resize=300%2C158&amp;ssl=1 300w, https:\/\/i0.wp.com\/minutobahia24h.com.br\/wp-content\/uploads\/2023\/11\/Sem-titulo-119.jpg?resize=768%2C403&amp;ssl=1 768w, https:\/\/i0.wp.com\/minutobahia24h.com.br\/wp-content\/uploads\/2023\/11\/Sem-titulo-119.jpg?resize=750%2C394&amp;ssl=1 750w, https:\/\/i0.wp.com\/minutobahia24h.com.br\/wp-content\/uploads\/2023\/11\/Sem-titulo-119.jpg?resize=1140%2C599&amp;ssl=1 1140w, https:\/\/i0.wp.com\/minutobahia24h.com.br\/wp-content\/uploads\/2023\/11\/Sem-titulo-119.jpg?w=1200&amp;ssl=1 1200w\" sizes=\"(max-width: 800px) 100vw, 800px\" \/><figcaption class=\"wp-element-caption\">Foto: Maur\u00edcio Leiro \/ Bahia Not\u00edcias<br><\/figcaption><\/figure>\n<\/div>\n\n\n<p>O ex-prefeito ACM Neto (Uni\u00e3o) participou da entrega da Medalha Tom\u00e9 de Souza, concedida pela C\u00e2mara de Vereadores de Salvador, ao deputado federal e ex-secret\u00e1rio de Sa\u00fade de Salvador, L\u00e9o Prates (PDT). Ele falou com o Bahia Not\u00edcias na noite desta quinta-feira (9) e n\u00e3o poupou cr\u00edticas a Jer\u00f4nimo Rodrigues (PT).<\/p>\n\n\n\n<p>\u201cO governador deve ter humildade pra ouvir, para reconhecer que existem problemas muito s\u00e9rios no estado da Bahia. N\u00f3s n\u00e3o estamos aqui com o objetivo de apenas desgastar o governo. Quando eu fa\u00e7o uma cr\u00edtica, quando eu cobro alguma coisa, minha expectativa \u00e9 que o governo possa melhorar, que o governador possa aperfei\u00e7oar sua gest\u00e3o. At\u00e9 porque temos a\u00ed mais 3 anos com Jer\u00f4nimo governando a Bahia\u201d, assinalou.<\/p>\n\n\n\n<p>Ele tamb\u00e9m se defendeu das acusa\u00e7\u00f5es de \u201crevanchismo\u201d, por ter perdido a elei\u00e7\u00e3o para o governo estadual para jer\u00f4nimo. \u201c\u00c9 uma coisa contradit\u00f3ria: se a oposi\u00e7\u00e3o n\u00e3o fala nada, dizem que n\u00e3o existe oposi\u00e7\u00e3o, se a oposi\u00e7\u00e3o fala, como tenho feito, diz que \u2018n\u00e3o desceu do palanque\u2019\u201d, reclamou.&nbsp;<\/p>\n\n\n\n<p>Para o ex-mandat\u00e1rio soteropolitano, \u201c\u00e9 importante para a democracia que exista o contradit\u00f3rio\u201d.&nbsp;<\/p>\n\n\n\n<p>AUMENTO DO ICMS<\/p>\n\n\n\n<p>ACM Neto tamb\u00e9m comentou o aumento do Imposto de Circula\u00e7\u00e3o de Mercadorias e Servi\u00e7os (ICMS), aprovado pela Assembleia Legislativa da Bahia. \u201cFiz at\u00e9 uma cr\u00edtica, \u00e9 o segundo aumento de ICMS que o governo promove em menos de um ano de governo. O lament\u00e1vel \u00e9 que de um lado ele est\u00e1 aumentando imposto, t\u00e1&nbsp;tirando dinheiro do bolso do contribuinte, e do outro ele n\u00e3o corresponde, por que os resultados n\u00e3o melhoram. Bahia em primeiro lugar do pa\u00eds em n\u00famero de homic\u00eddios, Bahia em \u00faltimo lugar no Ideb&nbsp;[\u00edndice de Educa\u00e7\u00e3o B\u00e1sica]&#8230;\u201d, enumerou.<\/p>\n\n\n\n<p>Na vota\u00e7\u00e3o, aqueles que apoiam o atual governador relembraram o aumento do Imposto Predial e Territorial Urbano (IPTU), na gest\u00e3o ACM Neto. \u201cN\u00e3o vamos comparar como estava Salvador em 2013 para como est\u00e1 a Bahia agora. Na \u00e9poca est\u00e1vamos fazendo \u2018justi\u00e7a fiscal\u2019\u201d, se defendeu.<\/p>\n\n\n\n<p>O entrevistado disse ainda que o aumento \u201cfoi aprovado de forma rel\u00e2mpago\u201d e que \u201co dinheiro ta sendo mal empregado, sacrificando o bolso do trabalhador e gastando mal\u201d.<\/p>\n\n\n\n<p>\u201cA gente paga muito imposto e agora vai pagar mais ainda\u201d, cravou.<\/p>\n\n\n\n<p>BN<\/p>\n","protected":false},"excerpt":{"rendered":"<p>O ex-prefeito ACM Neto (Uni\u00e3o) participou da entrega da Medalha Tom\u00e9 de Souza, concedida pela C\u00e2mara de Vereadores de Salvador, ao deputado federal e ex-secret\u00e1rio de Sa\u00fade de Salvador, L\u00e9o Prates (PDT). Ele falou com o Bahia Not\u00edcias na noite desta quinta-feira (9) e n\u00e3o poupou cr\u00edticas a Jer\u00f4nimo Rodrigues (PT). \u201cO governador deve ter [&hellip;]<\/p>\n","protected":false},"author":2,"featured_media":3767,"comment_status":"open","ping_status":"open","sticky":false,"template":"","format":"standard","meta":{"_jetpack_memberships_contains_paid_content":false,"footnotes":""},"categories":[39],"tags":[],"class_list":["post-3765","post","type-post","status-publish","format-standard","has-post-thumbnail","hentry","category-politica"],"aioseo_notices":[],"jetpack_featured_media_url":"https:\/\/i0.wp.com\/minutobahia24h.com.br\/wp-content\/uploads\/2023\/11\/Sem-titulo-119.jpg?fit=1200%2C630&ssl=1","jetpack_sharing_enabled":true,"_links":{"self":[{"href":"https:\/\/minutobahia24h.com.br\/index.php?rest_route=\/wp\/v2\/posts\/3765","targetHints":{"allow":["GET"]}}],"collection":[{"href":"https:\/\/minutobahia24h.com.br\/index.php?rest_route=\/wp\/v2\/posts"}],"about":[{"href":"https:\/\/minutobahia24h.com.br\/index.php?rest_route=\/wp\/v2\/types\/post"}],"author":[{"embeddable":true,"href":"https:\/\/minutobahia24h.com.br\/index.php?rest_route=\/wp\/v2\/users\/2"}],"replies":[{"embeddable":true,"href":"https:\/\/minutobahia24h.com.br\/index.php?rest_route=%2Fwp%2Fv2%2Fcomments&post=3765"}],"version-history":[{"count":1,"href":"https:\/\/minutobahia24h.com.br\/index.php?rest_route=\/wp\/v2\/posts\/3765\/revisions"}],"predecessor-version":[{"id":3768,"href":"https:\/\/minutobahia24h.com.br\/index.php?rest_route=\/wp\/v2\/posts\/3765\/revisions\/3768"}],"wp:featuredmedia":[{"embeddable":true,"href":"https:\/\/minutobahia24h.com.br\/index.php?rest_route=\/wp\/v2\/media\/3767"}],"wp:attachment":[{"href":"https:\/\/minutobahia24h.com.br\/index.php?rest_route=%2Fwp%2Fv2%2Fmedia&parent=3765"}],"wp:term":[{"taxonomy":"category","embeddable":true,"href":"https:\/\/minutobahia24h.com.br\/index.php?rest_route=%2Fwp%2Fv2%2Fcategories&post=3765"},{"taxonomy":"post_tag","embeddable":true,"href":"https:\/\/minutobahia24h.com.br\/index.php?rest_route=%2Fwp%2Fv2%2Ftags&post=3765"}],"curies":[{"name":"wp","href":"https:\/\/api.w.org\/{rel}","templated":true}]}}