{"id":3749,"date":"2023-11-09T21:50:04","date_gmt":"2023-11-10T00:50:04","guid":{"rendered":"https:\/\/minutobahia24h.com.br\/?p=3749"},"modified":"2023-11-09T21:50:05","modified_gmt":"2023-11-10T00:50:05","slug":"quando-acaba-a-onda-de-calor-no-brasil-e-quais-regioes-podem-atingir-45c","status":"publish","type":"post","link":"https:\/\/minutobahia24h.com.br\/?p=3749","title":{"rendered":"Quando acaba a onda de calor no Brasil e quais regi\u00f5es podem atingir 45\u00b0C"},"content":{"rendered":"<div class=\"wp-block-image\">\n<figure class=\"aligncenter size-full\"><img data-recalc-dims=\"1\" fetchpriority=\"high\" decoding=\"async\" width=\"800\" height=\"600\" src=\"https:\/\/i0.wp.com\/minutobahia24h.com.br\/wp-content\/uploads\/2023\/11\/Sem-titulo-115.jpg?resize=800%2C600&#038;ssl=1\" alt=\"\" class=\"wp-image-3751\" srcset=\"https:\/\/i0.wp.com\/minutobahia24h.com.br\/wp-content\/uploads\/2023\/11\/Sem-titulo-115.jpg?w=888&amp;ssl=1 888w, https:\/\/i0.wp.com\/minutobahia24h.com.br\/wp-content\/uploads\/2023\/11\/Sem-titulo-115.jpg?resize=300%2C225&amp;ssl=1 300w, https:\/\/i0.wp.com\/minutobahia24h.com.br\/wp-content\/uploads\/2023\/11\/Sem-titulo-115.jpg?resize=768%2C576&amp;ssl=1 768w, https:\/\/i0.wp.com\/minutobahia24h.com.br\/wp-content\/uploads\/2023\/11\/Sem-titulo-115.jpg?resize=750%2C563&amp;ssl=1 750w\" sizes=\"(max-width: 800px) 100vw, 800px\" \/><figcaption class=\"wp-element-caption\">Marcas hist\u00f3ricas de temperatura podem ser quebradas \u2014 Foto: FreeImages<br><\/figcaption><\/figure>\n<\/div>\n\n\n<p><strong>As temperaturas ultrapassaram os 40\u00baC\u00a0<\/strong>em cidades do Mato Grosso do\u00a0<a class=\"\" href=\"https:\/\/globorural.globo.com\/tudo-sobre\/sul\/\">Sul<\/a>, Cear\u00e1 e Piau\u00ed, e at\u00e9 pelo menos o fim de semana, o calor aumenta dia ap\u00f3s dia. No domingo (12\/11), \u00e1reas do interior paulista, Tri\u00e2ngulo Mineiro, leste de Minas Gerais, pontos do Esp\u00edrito Santo, de Goi\u00e1s, do Tocantins, da Bahia e extremo\u00a0<a class=\"\" href=\"https:\/\/globorural.globo.com\/tudo-sobre\/norte\/\">norte<\/a>\u00a0do Paran\u00e1 tamb\u00e9m ter\u00e3o os term\u00f4metros acima dos 40\u00baC, segundo a Climatempo.<\/p>\n\n\n\n<p>Na pr\u00f3xima semana, o calor aumenta ainda mais e as maiores temperaturas dever\u00e3o ser sentidas depois do feriado de 15 de novembro, entre quinta e sexta-feira (16 e 17). \u201cTemperaturas entre 40\u00baC e 43\u00baC em muitas regi\u00f5es do Brasil, com pico entre 44\u00baC e 45\u00baC em pontos do Mato Grosso do Sul e noroeste de S\u00e3o Paulo\u201d, diz o boletim clim\u00e1tico. H\u00e1 expectativas de que marcas recordes e absolutas sejam batidas para o m\u00eas de novembro e at\u00e9 para qualquer m\u00eas da hist\u00f3ria em v\u00e1rias capitais.<\/p>\n\n\n\n<p>A Climatempo destaca que a abrang\u00eancia e a dura\u00e7\u00e3o da onda de calor chamam aten\u00e7\u00e3o, porque ainda n\u00e3o \u00e9 poss\u00edvel precisar o dia que ela acaba.<\/p>\n\n\n\n<h2 class=\"wp-block-heading\"><a class=\"\" href=\"https:\/\/globorural.globo.com\/previsao-do-tempo\/\">Acesse nossa ferramenta gratuita de previs\u00e3o do tempo e veja como ser\u00e1 o tempo na sua cidade<\/a><\/h2>\n\n\n\n<p>Na cidade de S\u00e3o Paulo, a sexta-feira (10\/11) ter\u00e1 uma ligeira diminui\u00e7\u00e3o do calor intenso diante da interfer\u00eancia da frente fria que atinge o Sul, mas a semana ainda termina com temperaturas em torno dos 30\u202f\u00b0C.<\/p>\n\n\n\n<p>No fim de semana, o ar seco se expande e o pico de calor volta, com possibilidades de recorde. \u201cOs modelos num\u00e9ricos de previs\u00e3o do tempo t\u00eam estimado valores de temperatura em torno de 37\u00b0C para este domingo, 12 de novembro\u201d. O recorde de 2023 \u00e9 de 36,5\u202f\u00b0C alcan\u00e7ado na \u00faltima onda de calor de setembro. N\u00e3o h\u00e1 chances para chuva.<\/p>\n\n\n\n<h2 class=\"wp-block-heading\">Ciclone no Sul<\/h2>\n\n\n\n<p>A passagem de uma frente fria na regi\u00e3o Sul espalhou chuva sobre \u00e1reas do Sul do Brasil nesta quinta-feira (9\/11). Passo Fundo e Erechim, no Rio Grande do Sul, sul e sudoeste do Paran\u00e1 e oeste de Santa Catarina foram algumas das \u00e1reas mais atingidas.<\/p>\n\n\n\n<p>Para sexta-feira (10\/11), pancadas de chuva s\u00e3o previstas por toda a regi\u00e3o, especialmente no decorrer da tarde e com moderada a forte intensidade. J\u00e1 no leste do Paran\u00e1 e de Santa Catarina, a chuva ocorre de forma mais isolada.<\/p>\n\n\n\n<p>No s\u00e1bado (11\/11), a forma\u00e7\u00e3o de uma frente fria e de um ciclone v\u00e3o intensificar as instabilidades no Sul do Brasil. De acordo com a Climatempo, o ciclone n\u00e3o \u00e9 considerado t\u00e3o forte quanto os \u00faltimos, mas s\u00e3o esperados temporais a qualquer hora do dia, \u201cespecialmente na Campanha Ga\u00facha e no litoral sul do estado do Rio Grande do Sul\u201d.<\/p>\n","protected":false},"excerpt":{"rendered":"<p>As temperaturas ultrapassaram os 40\u00baC\u00a0em cidades do Mato Grosso do\u00a0Sul, Cear\u00e1 e Piau\u00ed, e at\u00e9 pelo menos o fim de semana, o calor aumenta dia ap\u00f3s dia. No domingo (12\/11), \u00e1reas do interior paulista, Tri\u00e2ngulo Mineiro, leste de Minas Gerais, pontos do Esp\u00edrito Santo, de Goi\u00e1s, do Tocantins, da Bahia e extremo\u00a0norte\u00a0do Paran\u00e1 tamb\u00e9m ter\u00e3o [&hellip;]<\/p>\n","protected":false},"author":2,"featured_media":3751,"comment_status":"open","ping_status":"open","sticky":false,"template":"","format":"standard","meta":{"_jetpack_memberships_contains_paid_content":false,"footnotes":""},"categories":[2],"tags":[],"class_list":["post-3749","post","type-post","status-publish","format-standard","has-post-thumbnail","hentry","category-nacional"],"aioseo_notices":[],"jetpack_featured_media_url":"https:\/\/i0.wp.com\/minutobahia24h.com.br\/wp-content\/uploads\/2023\/11\/Sem-titulo-115.jpg?fit=888%2C666&ssl=1","jetpack_sharing_enabled":true,"_links":{"self":[{"href":"https:\/\/minutobahia24h.com.br\/index.php?rest_route=\/wp\/v2\/posts\/3749","targetHints":{"allow":["GET"]}}],"collection":[{"href":"https:\/\/minutobahia24h.com.br\/index.php?rest_route=\/wp\/v2\/posts"}],"about":[{"href":"https:\/\/minutobahia24h.com.br\/index.php?rest_route=\/wp\/v2\/types\/post"}],"author":[{"embeddable":true,"href":"https:\/\/minutobahia24h.com.br\/index.php?rest_route=\/wp\/v2\/users\/2"}],"replies":[{"embeddable":true,"href":"https:\/\/minutobahia24h.com.br\/index.php?rest_route=%2Fwp%2Fv2%2Fcomments&post=3749"}],"version-history":[{"count":1,"href":"https:\/\/minutobahia24h.com.br\/index.php?rest_route=\/wp\/v2\/posts\/3749\/revisions"}],"predecessor-version":[{"id":3752,"href":"https:\/\/minutobahia24h.com.br\/index.php?rest_route=\/wp\/v2\/posts\/3749\/revisions\/3752"}],"wp:featuredmedia":[{"embeddable":true,"href":"https:\/\/minutobahia24h.com.br\/index.php?rest_route=\/wp\/v2\/media\/3751"}],"wp:attachment":[{"href":"https:\/\/minutobahia24h.com.br\/index.php?rest_route=%2Fwp%2Fv2%2Fmedia&parent=3749"}],"wp:term":[{"taxonomy":"category","embeddable":true,"href":"https:\/\/minutobahia24h.com.br\/index.php?rest_route=%2Fwp%2Fv2%2Fcategories&post=3749"},{"taxonomy":"post_tag","embeddable":true,"href":"https:\/\/minutobahia24h.com.br\/index.php?rest_route=%2Fwp%2Fv2%2Ftags&post=3749"}],"curies":[{"name":"wp","href":"https:\/\/api.w.org\/{rel}","templated":true}]}}