{"id":37484,"date":"2025-11-05T10:24:25","date_gmt":"2025-11-05T13:24:25","guid":{"rendered":"https:\/\/minutobahia24h.com.br\/?p=37484"},"modified":"2025-11-05T10:24:27","modified_gmt":"2025-11-05T13:24:27","slug":"governador-jeronimo-rodrigues-fara-sua-primeira-visita-a-conceicao-do-coite-e-riachao-do-jacuipe","status":"publish","type":"post","link":"https:\/\/minutobahia24h.com.br\/?p=37484","title":{"rendered":"Governador Jer\u00f4nimo Rodrigues far\u00e1 sua primeira visita a Concei\u00e7\u00e3o do Coit\u00e9 e Riach\u00e3o do Jacu\u00edpe"},"content":{"rendered":"<div class=\"wp-block-image\">\n<figure class=\"aligncenter size-full\"><img data-recalc-dims=\"1\" fetchpriority=\"high\" decoding=\"async\" width=\"590\" height=\"370\" src=\"https:\/\/i0.wp.com\/minutobahia24h.com.br\/wp-content\/uploads\/2025\/11\/Sem-titulo-55.jpg?resize=590%2C370&#038;ssl=1\" alt=\"\" class=\"wp-image-37485\" srcset=\"https:\/\/i0.wp.com\/minutobahia24h.com.br\/wp-content\/uploads\/2025\/11\/Sem-titulo-55.jpg?w=590&amp;ssl=1 590w, https:\/\/i0.wp.com\/minutobahia24h.com.br\/wp-content\/uploads\/2025\/11\/Sem-titulo-55.jpg?resize=300%2C188&amp;ssl=1 300w\" sizes=\"(max-width: 590px) 100vw, 590px\" \/><\/figure>\n<\/div>\n\n\n<p>O governador Jer\u00f4nimo Rodrigues estar\u00e1 pela primeira vez em Concei\u00e7\u00e3o do Coit\u00e9 no pr\u00f3ximo s\u00e1bado, dia 08, pela manh\u00e3, em uma agenda que marca a sua estreia oficial no munic\u00edpio desde que assumiu o governo da Bahia. Nem mesmo durante a campanha eleitoral o ent\u00e3o candidato havia visitado Coit\u00e9. A \u00faltima visita de Jer\u00f4nimo \u00e0 Coit\u00e9 foi no fim de dezembro de 2020 quando o mundo vivia a pandemia do novo Coronav\u00edrus. Ele era o secret\u00e1rio de Educa\u00e7\u00e3o do Governo Rui Costa, que visitou a cidade para inaugurar o Complexo Poliesportivo Educacional.<\/p>\n\n\n\n<p>Ao final do compromisso em Concei\u00e7\u00e3o do Coit\u00e9, Jer\u00f4nimo seguir\u00e1 para Riach\u00e3o do Jacu\u00edpe 30 km distante, onde cumprir\u00e1 agenda \u00e0s 14 horas. Nos dois munic\u00edpios, o governador estar\u00e1 anunciando novas a\u00e7\u00f5es do Governo do Estado, com destaque para investimentos da Secretaria de Infraestrutura (Seinfra), especialmente em obras de rodovias, um dos pontos centrais da visita.<\/p>\n\n\n\n<p>De acordo com informa\u00e7\u00f5es repassadas ao Calila Not\u00edcias pelo deputado estadual Alex da Piat\u00e3, o governador tem mantido di\u00e1logo constante com sua base e refor\u00e7ado o compromisso de ampliar os investimentos na regi\u00e3o.<\/p>\n\n\n\n<p>\u201cO governador tem conversado muito conosco sobre a import\u00e2ncia de fortalecer os investimentos em infraestrutura no interior da Bahia, e Concei\u00e7\u00e3o do Coit\u00e9 est\u00e1 entre as cidades que mais t\u00eam recebido aten\u00e7\u00e3o do governo. J\u00e1 tivemos a\u00e7\u00f5es importantes e novas obras ser\u00e3o anunciadas\u201d, destacou o deputado Alex da Piat\u00e3.<\/p>\n\n\n\n<p>A visita tamb\u00e9m tem relev\u00e2ncia pol\u00edtica. Tanto Concei\u00e7\u00e3o do Coit\u00e9 quanto Riach\u00e3o do Jacu\u00edpe s\u00e3o administrados por prefeitos filiados ao Uni\u00e3o Brasil, partido que integra o grupo de oposi\u00e7\u00e3o ao governo estadual. Esses gestores, assim como suas fam\u00edlias, possuem uma trajet\u00f3ria pol\u00edtica historicamente ligada ao carlismo, corrente liderada no passado pelo falecido ACM e atualmente representada por ACM Neto.<\/p>\n\n\n\n<p>Essa liga\u00e7\u00e3o se estende a gera\u00e7\u00f5es anteriores, cujos familiares tiveram papel importante na hist\u00f3ria pol\u00edtica dos dois munic\u00edpios e ajudaram a consolidar a presen\u00e7a da antiga base carlista no territ\u00f3rio.<\/p>\n\n\n\n<p>Com isso, a visita do governador Jer\u00f4nimo Rodrigues a dois redutos tradicionalmente oposicionistas tem despertado aten\u00e7\u00e3o em todo o cen\u00e1rio pol\u00edtico baiano, sendo vista como um gesto de aproxima\u00e7\u00e3o institucional e de fortalecimento das a\u00e7\u00f5es do Governo do Estado no interior.<\/p>\n\n\n\n<p>O governador Jer\u00f4nimo gravou um v\u00eddeo falando de sua visita \u00e0 Concei\u00e7\u00e3o do Coit\u00e9, inclusive j\u00e1 sabe que o prefeito Marcelo Ara\u00fajo n\u00e3o vai estar na cidade por ter compromissos externos e que designou seu vice Marquinhos de Renato para represent\u00e1-lo.<\/p>\n\n\n\n<p>\u00c9 verdade que Marcelo Ara\u00fajo sempre cumpre agendas externas, mas uma visita do governador ao seu munic\u00edpio as chances de ele subir no palanque mesmo estando na cidade, s\u00e3o poucas. At\u00e9 hoje n\u00e3o se tem registro de nenhum ato do Governo com a presen\u00e7a do prefeito de Coit\u00e9, sempre que o munic\u00edpio recebe algum benef\u00edcio que vai receber \u00e9 o vice Marquinhos que \u00e9 filiado ao Solidariedade que aderiu a base governista logo nos primeiros meses do Governo Jer\u00f4nimo.<\/p>\n\n\n\n<p>Em agosto deste ano,&nbsp;<a href=\"https:\/\/www.calilanoticias.com\/2025\/08\/eu-nao-me-vendo-diz-prefeito-de-coite-sobre-procurar-jeronimo-rodrigues\"><strong>o prefeito Marcelo fez um discurso na C\u00e2mara de Vereadores dizendo que n\u00e3o se vendia, sobre procurar Jer\u00f4nimo em busca de obras.<\/strong><\/a><\/p>\n\n\n\n<p>Pela fidelidade ao grupo e a bandeira carlista, pela postura de politico independente, a quem acredite que Ara\u00fajo jamais apoiaria o Governo petista.<\/p>\n\n\n\n<p>calilanoticias<\/p>\n","protected":false},"excerpt":{"rendered":"<p>O governador Jer\u00f4nimo Rodrigues estar\u00e1 pela primeira vez em Concei\u00e7\u00e3o do Coit\u00e9 no pr\u00f3ximo s\u00e1bado, dia 08, pela manh\u00e3, em uma agenda que marca a sua estreia oficial no munic\u00edpio desde que assumiu o governo da Bahia. Nem mesmo durante a campanha eleitoral o ent\u00e3o candidato havia visitado Coit\u00e9. A \u00faltima visita de Jer\u00f4nimo \u00e0 [&hellip;]<\/p>\n","protected":false},"author":2,"featured_media":37485,"comment_status":"open","ping_status":"open","sticky":false,"template":"","format":"standard","meta":{"_jetpack_memberships_contains_paid_content":false,"footnotes":""},"categories":[3],"tags":[],"class_list":["post-37484","post","type-post","status-publish","format-standard","has-post-thumbnail","hentry","category-regional"],"aioseo_notices":[],"jetpack_featured_media_url":"https:\/\/i0.wp.com\/minutobahia24h.com.br\/wp-content\/uploads\/2025\/11\/Sem-titulo-55.jpg?fit=590%2C370&ssl=1","jetpack_sharing_enabled":true,"_links":{"self":[{"href":"https:\/\/minutobahia24h.com.br\/index.php?rest_route=\/wp\/v2\/posts\/37484","targetHints":{"allow":["GET"]}}],"collection":[{"href":"https:\/\/minutobahia24h.com.br\/index.php?rest_route=\/wp\/v2\/posts"}],"about":[{"href":"https:\/\/minutobahia24h.com.br\/index.php?rest_route=\/wp\/v2\/types\/post"}],"author":[{"embeddable":true,"href":"https:\/\/minutobahia24h.com.br\/index.php?rest_route=\/wp\/v2\/users\/2"}],"replies":[{"embeddable":true,"href":"https:\/\/minutobahia24h.com.br\/index.php?rest_route=%2Fwp%2Fv2%2Fcomments&post=37484"}],"version-history":[{"count":1,"href":"https:\/\/minutobahia24h.com.br\/index.php?rest_route=\/wp\/v2\/posts\/37484\/revisions"}],"predecessor-version":[{"id":37486,"href":"https:\/\/minutobahia24h.com.br\/index.php?rest_route=\/wp\/v2\/posts\/37484\/revisions\/37486"}],"wp:featuredmedia":[{"embeddable":true,"href":"https:\/\/minutobahia24h.com.br\/index.php?rest_route=\/wp\/v2\/media\/37485"}],"wp:attachment":[{"href":"https:\/\/minutobahia24h.com.br\/index.php?rest_route=%2Fwp%2Fv2%2Fmedia&parent=37484"}],"wp:term":[{"taxonomy":"category","embeddable":true,"href":"https:\/\/minutobahia24h.com.br\/index.php?rest_route=%2Fwp%2Fv2%2Fcategories&post=37484"},{"taxonomy":"post_tag","embeddable":true,"href":"https:\/\/minutobahia24h.com.br\/index.php?rest_route=%2Fwp%2Fv2%2Ftags&post=37484"}],"curies":[{"name":"wp","href":"https:\/\/api.w.org\/{rel}","templated":true}]}}