{"id":37478,"date":"2025-11-05T10:21:18","date_gmt":"2025-11-05T13:21:18","guid":{"rendered":"https:\/\/minutobahia24h.com.br\/?p=37478"},"modified":"2025-11-05T10:21:20","modified_gmt":"2025-11-05T13:21:20","slug":"suspenso-em-queimadas-juri-de-policial-militar-acusado-de-homicidio-esta-sendo-realizado-em-conceicao-do-coite","status":"publish","type":"post","link":"https:\/\/minutobahia24h.com.br\/?p=37478","title":{"rendered":"Suspenso em Queimadas, j\u00fari de policial militar acusado de homic\u00eddio est\u00e1 sendo realizado em Concei\u00e7\u00e3o do Coit\u00e9"},"content":{"rendered":"<div class=\"wp-block-image\">\n<figure class=\"aligncenter size-full\"><img data-recalc-dims=\"1\" fetchpriority=\"high\" decoding=\"async\" width=\"698\" height=\"463\" src=\"https:\/\/i0.wp.com\/minutobahia24h.com.br\/wp-content\/uploads\/2025\/11\/Sem-titulo-53.jpg?resize=698%2C463&#038;ssl=1\" alt=\"\" class=\"wp-image-37479\" srcset=\"https:\/\/i0.wp.com\/minutobahia24h.com.br\/wp-content\/uploads\/2025\/11\/Sem-titulo-53.jpg?w=698&amp;ssl=1 698w, https:\/\/i0.wp.com\/minutobahia24h.com.br\/wp-content\/uploads\/2025\/11\/Sem-titulo-53.jpg?resize=300%2C199&amp;ssl=1 300w\" sizes=\"(max-width: 698px) 100vw, 698px\" \/><\/figure>\n<\/div>\n\n\n<p>O Poder Judici\u00e1rio da Bahia iniciou, neste m\u00eas de novembro, uma grande for\u00e7a-tarefa em todo o estado, com a meta de realizar cerca de 600 julgamentos populares dentro da programa\u00e7\u00e3o do M\u00eas Nacional do J\u00fari, conforme divulgado pelo Tribunal de Justi\u00e7a da Bahia (TJ-BA)&nbsp;<a href=\"https:\/\/www.calilanoticias.com\/2025\/11\/novembro-mes-nacional-do-juri-tera-cerca-de-600-julgamentos-populares-na-bahia\"><strong>e repercutido pelo site Calila Not\u00edcias<\/strong>.<\/a><\/p>\n\n\n\n<p>Em Concei\u00e7\u00e3o do Coit\u00e9, o juiz Gerivaldo Alves Neiva respons\u00e1vel pela Vara Criminal j\u00e1&nbsp;<a href=\"https:\/\/www.calilanoticias.com\/2025\/08\/justica-de-conceicao-do-coite-divulga-calendario-de-julgamentos-do-tribunal-do-juri-para-o-segundo-semestre-de-2025\"><strong>havia divulgado em 2 de agosto a programa\u00e7\u00e3o de julgamentos<\/strong><\/a>&nbsp;para o segundo semestre na Comarca de Coit\u00e9, e um dos casos previstos inicialmente para quinta-feira, 06\/11, foi antecipado para esta quarta (5). O j\u00fari acontece no F\u00f3rum Durval da Silva Pinto e teve in\u00edcio \u00e0s 8h da manh\u00e3.<\/p>\n\n\n\n<p>No banco dos r\u00e9us est\u00e1 o cabo da Pol\u00edcia Militar Edmilson Bispo da Silva, acusado de homic\u00eddio duplamente qualificado e furto. A v\u00edtima \u00e9 o trabalhador rural Alberto dos Santos Pereira, morto em julho de 2021, no munic\u00edpio de Queimadas.<\/p>\n\n\n<div class=\"wp-block-image\">\n<figure class=\"aligncenter\" id=\"attachment_323612\"><img decoding=\"async\" src=\"https:\/\/i0.wp.com\/www.calilanoticias.com\/wp-content\/uploads\/2025\/07\/bispo-1751980749.jpg?resize=605%2C409&amp;ssl=1\" alt=\"\" class=\"wp-image-323612\"\/><figcaption class=\"wp-element-caption\">Cabo PM Bispo<\/figcaption><\/figure>\n<\/div>\n\n\n<p><a href=\"https:\/\/www.calilanoticias.com\/2025\/07\/tj-suspende-juri-de-cabo-pm-acusado-de-homicidio-em-queimadas-e-relatora-sugere-que-o-julgamento-aconteca-em-coite\"><strong>O julgamento, que originalmente seria realizado naquela comarca, foi transferido para Concei\u00e7\u00e3o do Coit\u00e9<\/strong><\/a>&nbsp;ap\u00f3s decis\u00e3o da Segunda Turma Criminal do Tribunal de Justi\u00e7a da Bahia, que acatou o pedido de desaforamento formulado pelo Minist\u00e9rio P\u00fablico.<\/p>\n\n\n\n<p>A relatora do processo, desembargadora Inez Maria Miranda, considerou que a baixa densidade populacional de Queimadas poderia comprometer a forma\u00e7\u00e3o de um Conselho de Senten\u00e7a isento de press\u00f5es ou influ\u00eancias indevidas, raz\u00e3o pela qual decidiu pela mudan\u00e7a de local.<\/p>\n\n\n<div class=\"wp-block-image\">\n<figure class=\"aligncenter\" id=\"attachment_323613\"><img decoding=\"async\" src=\"https:\/\/i0.wp.com\/www.calilanoticias.com\/wp-content\/uploads\/2025\/07\/Alberto-.jpg?resize=721%2C449&amp;ssl=1\" alt=\"\" class=\"wp-image-323613\"\/><figcaption class=\"wp-element-caption\">V\u00edtima do PM<\/figcaption><\/figure>\n<\/div>\n\n\n<p>A dist\u00e2ncia entre Queimadas e Concei\u00e7\u00e3o do Coit\u00e9 \u00e9 de aproximadamente 90 quil\u00f4metros, e a expectativa \u00e9 de que o julgamento seja longo, em raz\u00e3o da complexidade do caso e do n\u00famero de testemunhas arroladas.<\/p>\n\n\n\n<p>A iniciativa do TJ-BA faz parte de um esfor\u00e7o nacional para agilizar o andamento de processos criminais e reduzir o ac\u00famulo de casos pendentes de julgamento pelo Tribunal do J\u00fari, que tratam de crimes dolosos contra a vida.<\/p>\n\n\n\n<p>calilanoticias<\/p>\n","protected":false},"excerpt":{"rendered":"<p>O Poder Judici\u00e1rio da Bahia iniciou, neste m\u00eas de novembro, uma grande for\u00e7a-tarefa em todo o estado, com a meta de realizar cerca de 600 julgamentos populares dentro da programa\u00e7\u00e3o do M\u00eas Nacional do J\u00fari, conforme divulgado pelo Tribunal de Justi\u00e7a da Bahia (TJ-BA)&nbsp;e repercutido pelo site Calila Not\u00edcias. Em Concei\u00e7\u00e3o do Coit\u00e9, o juiz [&hellip;]<\/p>\n","protected":false},"author":2,"featured_media":37479,"comment_status":"open","ping_status":"open","sticky":false,"template":"","format":"standard","meta":{"_jetpack_memberships_contains_paid_content":false,"footnotes":""},"categories":[3],"tags":[],"class_list":["post-37478","post","type-post","status-publish","format-standard","has-post-thumbnail","hentry","category-regional"],"aioseo_notices":[],"jetpack_featured_media_url":"https:\/\/i0.wp.com\/minutobahia24h.com.br\/wp-content\/uploads\/2025\/11\/Sem-titulo-53.jpg?fit=698%2C463&ssl=1","jetpack_sharing_enabled":true,"_links":{"self":[{"href":"https:\/\/minutobahia24h.com.br\/index.php?rest_route=\/wp\/v2\/posts\/37478","targetHints":{"allow":["GET"]}}],"collection":[{"href":"https:\/\/minutobahia24h.com.br\/index.php?rest_route=\/wp\/v2\/posts"}],"about":[{"href":"https:\/\/minutobahia24h.com.br\/index.php?rest_route=\/wp\/v2\/types\/post"}],"author":[{"embeddable":true,"href":"https:\/\/minutobahia24h.com.br\/index.php?rest_route=\/wp\/v2\/users\/2"}],"replies":[{"embeddable":true,"href":"https:\/\/minutobahia24h.com.br\/index.php?rest_route=%2Fwp%2Fv2%2Fcomments&post=37478"}],"version-history":[{"count":1,"href":"https:\/\/minutobahia24h.com.br\/index.php?rest_route=\/wp\/v2\/posts\/37478\/revisions"}],"predecessor-version":[{"id":37480,"href":"https:\/\/minutobahia24h.com.br\/index.php?rest_route=\/wp\/v2\/posts\/37478\/revisions\/37480"}],"wp:featuredmedia":[{"embeddable":true,"href":"https:\/\/minutobahia24h.com.br\/index.php?rest_route=\/wp\/v2\/media\/37479"}],"wp:attachment":[{"href":"https:\/\/minutobahia24h.com.br\/index.php?rest_route=%2Fwp%2Fv2%2Fmedia&parent=37478"}],"wp:term":[{"taxonomy":"category","embeddable":true,"href":"https:\/\/minutobahia24h.com.br\/index.php?rest_route=%2Fwp%2Fv2%2Fcategories&post=37478"},{"taxonomy":"post_tag","embeddable":true,"href":"https:\/\/minutobahia24h.com.br\/index.php?rest_route=%2Fwp%2Fv2%2Ftags&post=37478"}],"curies":[{"name":"wp","href":"https:\/\/api.w.org\/{rel}","templated":true}]}}