{"id":3738,"date":"2023-11-09T07:35:14","date_gmt":"2023-11-09T10:35:14","guid":{"rendered":"https:\/\/minutobahia24h.com.br\/?p=3738"},"modified":"2023-11-09T07:35:15","modified_gmt":"2023-11-09T10:35:15","slug":"campo-formoso-itiuba-e-senhor-do-bonfim-outras-cidades-da-bahia-sao-contempladas-com-ambulancias","status":"publish","type":"post","link":"https:\/\/minutobahia24h.com.br\/?p=3738","title":{"rendered":"Campo Formoso, Iti\u00faba e Senhor do Bonfim, outras cidades da Bahia s\u00e3o contempladas com ambul\u00e2ncias"},"content":{"rendered":"<div class=\"wp-block-image\">\n<figure class=\"aligncenter size-full\"><img data-recalc-dims=\"1\" fetchpriority=\"high\" decoding=\"async\" width=\"599\" height=\"399\" src=\"https:\/\/i0.wp.com\/minutobahia24h.com.br\/wp-content\/uploads\/2023\/11\/Sem-titulo-113.jpg?resize=599%2C399&#038;ssl=1\" alt=\"\" class=\"wp-image-3740\" srcset=\"https:\/\/i0.wp.com\/minutobahia24h.com.br\/wp-content\/uploads\/2023\/11\/Sem-titulo-113.jpg?w=599&amp;ssl=1 599w, https:\/\/i0.wp.com\/minutobahia24h.com.br\/wp-content\/uploads\/2023\/11\/Sem-titulo-113.jpg?resize=300%2C200&amp;ssl=1 300w\" sizes=\"(max-width: 599px) 100vw, 599px\" \/><\/figure>\n<\/div>\n\n\n<p>O Governo do Estado entregou, nesta quarta-feira (8), por meio da Secretaria Estadual da Sa\u00fade (Sesab), 68 ambul\u00e2ncias tipo van para 66 munic\u00edpios de diferentes regi\u00f5es do estado.\u00a0O evento, realizado na sede da pasta, no Centro Administrativo da Bahia (CAB), contou com a presen\u00e7a do governador Jer\u00f4nimo Rodrigues, do vice-governador Geraldo Junior e da secret\u00e1ria da Sa\u00fade, Roberta Santana. O investimento \u00e9 superior a R$ 18 milh\u00f5es.<\/p>\n\n\n\n<p><strong>Os munic\u00edpios contemplados com as ambul\u00e2ncias foram:<\/strong>\u00a0\u00c1gua Fria, Alagoinhas, Andara\u00ed, Aurelino Leal, Barra do Mendes, Barreiras, Barro Preto, Bom Jesus da Lapa, Camac\u00e3,\u00a0<strong>Campo Formoso,<\/strong>\u00a0C\u00e2ndido Sales, Caravelas, Casa Nova, C\u00edcero Dantas, Concei\u00e7\u00e3o da Feira, Concei\u00e7\u00e3o do Coit\u00e9, Conde\u00faba, Coronel Jo\u00e3o S\u00e1, Dias D`\u00c1vila, Esplanada, Eun\u00e1polis, Feira da Mata, Feira de Santana, Ibicoara, Ibicu\u00ed, Ibotirama, Ipir\u00e1, Iraquara, Irec\u00ea, Itabuna, Itagi, Itatim,\u00a0<strong>Iti\u00faba,<\/strong>\u00a0Ituber\u00e1, Jequi\u00e9, Jeremoabo, Juazeiro, Lauro de Freitas, Lenc\u00f3is, Lic\u00ednio Almeida, Macajuba, Macaran\u00ed, Malhada, Miguel Calmon, Monte Santo, Nova F\u00e1tima, Nova Vi\u00e7osa, Novo Horizonte, Paratinga, Planalto, Pojuca, Prado, Rio de Contas, Rio do Ant\u00f4nio, Rodelas, Santan\u00f3polis, Santo Ant\u00f4nio de Jesus, S\u00e3o Felipe, S\u00e1tiro Dias,\u00a0<strong>Senhor do Bonfim,<\/strong>\u00a0Serra Dourada, S\u00edtio do Mato, Valen\u00e7a, V\u00e1rzedo, Vera Cruz e Vit\u00f3ria da Conquista.<\/p>\n\n\n\n<p>jacarenoticias<\/p>\n","protected":false},"excerpt":{"rendered":"<p>O Governo do Estado entregou, nesta quarta-feira (8), por meio da Secretaria Estadual da Sa\u00fade (Sesab), 68 ambul\u00e2ncias tipo van para 66 munic\u00edpios de diferentes regi\u00f5es do estado.\u00a0O evento, realizado na sede da pasta, no Centro Administrativo da Bahia (CAB), contou com a presen\u00e7a do governador Jer\u00f4nimo Rodrigues, do vice-governador Geraldo Junior e da secret\u00e1ria [&hellip;]<\/p>\n","protected":false},"author":2,"featured_media":3740,"comment_status":"open","ping_status":"open","sticky":false,"template":"","format":"standard","meta":{"_jetpack_memberships_contains_paid_content":false,"footnotes":""},"categories":[3],"tags":[],"class_list":["post-3738","post","type-post","status-publish","format-standard","has-post-thumbnail","hentry","category-regional"],"aioseo_notices":[],"jetpack_featured_media_url":"https:\/\/i0.wp.com\/minutobahia24h.com.br\/wp-content\/uploads\/2023\/11\/Sem-titulo-113.jpg?fit=599%2C399&ssl=1","jetpack_sharing_enabled":true,"_links":{"self":[{"href":"https:\/\/minutobahia24h.com.br\/index.php?rest_route=\/wp\/v2\/posts\/3738","targetHints":{"allow":["GET"]}}],"collection":[{"href":"https:\/\/minutobahia24h.com.br\/index.php?rest_route=\/wp\/v2\/posts"}],"about":[{"href":"https:\/\/minutobahia24h.com.br\/index.php?rest_route=\/wp\/v2\/types\/post"}],"author":[{"embeddable":true,"href":"https:\/\/minutobahia24h.com.br\/index.php?rest_route=\/wp\/v2\/users\/2"}],"replies":[{"embeddable":true,"href":"https:\/\/minutobahia24h.com.br\/index.php?rest_route=%2Fwp%2Fv2%2Fcomments&post=3738"}],"version-history":[{"count":1,"href":"https:\/\/minutobahia24h.com.br\/index.php?rest_route=\/wp\/v2\/posts\/3738\/revisions"}],"predecessor-version":[{"id":3741,"href":"https:\/\/minutobahia24h.com.br\/index.php?rest_route=\/wp\/v2\/posts\/3738\/revisions\/3741"}],"wp:featuredmedia":[{"embeddable":true,"href":"https:\/\/minutobahia24h.com.br\/index.php?rest_route=\/wp\/v2\/media\/3740"}],"wp:attachment":[{"href":"https:\/\/minutobahia24h.com.br\/index.php?rest_route=%2Fwp%2Fv2%2Fmedia&parent=3738"}],"wp:term":[{"taxonomy":"category","embeddable":true,"href":"https:\/\/minutobahia24h.com.br\/index.php?rest_route=%2Fwp%2Fv2%2Fcategories&post=3738"},{"taxonomy":"post_tag","embeddable":true,"href":"https:\/\/minutobahia24h.com.br\/index.php?rest_route=%2Fwp%2Fv2%2Ftags&post=3738"}],"curies":[{"name":"wp","href":"https:\/\/api.w.org\/{rel}","templated":true}]}}