{"id":3734,"date":"2023-11-09T07:20:21","date_gmt":"2023-11-09T10:20:21","guid":{"rendered":"https:\/\/minutobahia24h.com.br\/?p=3734"},"modified":"2023-11-09T11:04:27","modified_gmt":"2023-11-09T14:04:27","slug":"vereador-critica-presidente-nene-do-dario-por-descaso-com-carros-oficiais-8-demissoes-de-acessores-e-aluguel-de-fiat-toro-de-14-mil","status":"publish","type":"post","link":"https:\/\/minutobahia24h.com.br\/?p=3734","title":{"rendered":"Vereador critica Presidente Nen\u00ea do D\u00e1rio por descaso com carros oficiais, 8 demiss\u00f5es de assessores e aluguel de Fiat Toro de 14 MIL"},"content":{"rendered":"<div class=\"wp-block-image\">\n<figure class=\"aligncenter size-full\"><img data-recalc-dims=\"1\" fetchpriority=\"high\" decoding=\"async\" width=\"640\" height=\"480\" src=\"https:\/\/i0.wp.com\/minutobahia24h.com.br\/wp-content\/uploads\/2023\/11\/Sem-titulo-112.jpg?resize=640%2C480&#038;ssl=1\" alt=\"\" class=\"wp-image-3736\" srcset=\"https:\/\/i0.wp.com\/minutobahia24h.com.br\/wp-content\/uploads\/2023\/11\/Sem-titulo-112.jpg?w=640&amp;ssl=1 640w, https:\/\/i0.wp.com\/minutobahia24h.com.br\/wp-content\/uploads\/2023\/11\/Sem-titulo-112.jpg?resize=300%2C225&amp;ssl=1 300w\" sizes=\"(max-width: 640px) 100vw, 640px\" \/><\/figure>\n<\/div>\n\n\n<p>O\u00a0<em>vereador<\/em>\u00a0<strong>Nilton Matos<\/strong>, lan\u00e7ou duras\u00a0<strong>cr\u00edticas<\/strong>\u00a0ao atual\u00a0<em>presidente<\/em>\u00a0da casa legislativa,\u00a0<strong>Nen\u00ea do D\u00e1rio<\/strong>, por alegado descumprimento da lei referente \u00e0\u00a0<em>plotagem dos carros oficiais da C\u00e2mara<\/em>. Al\u00e9m disso, Matos tamb\u00e9m expressou preocupa\u00e7\u00e3o com gastos excessivos e a\u00a0<strong>demiss\u00e3o de oito assessores<\/strong>, que, segundo o vereador, encerram suas atividades no dia 20 de novembro.<\/p>\n\n\n\n<p>Al\u00e9m disso,&nbsp;<strong>Nilton Matos<\/strong>&nbsp;questionou os gastos da atual administra\u00e7\u00e3o da C\u00e2mara, especialmente em rela\u00e7\u00e3o ao aluguel de um ve\u00edculo&nbsp;<strong>Fiat Toro<\/strong>&nbsp;por dois meses, a um custo mensal de&nbsp;<strong>7 mil reais<\/strong>, totalizando&nbsp;<strong>14 mil reais<\/strong>. O&nbsp;<em>vereador&nbsp;<\/em>enfatizou que a C\u00e2mara possui quatro carros \u00e0 disposi\u00e7\u00e3o, questionando a necessidade de tal despesa.<\/p>\n\n\n\n<p>A\u00a0<strong>C\u00e2mara Municipal de Andorinha<\/strong>\u00a0possui uma lei que exige a plotagem dos carros oficiais para fins de identifica\u00e7\u00e3o e transpar\u00eancia. No entanto, ele alega que o\u00a0<em>Presidente<\/em>\u00a0<strong>Nen\u00ea do D\u00e1rio<\/strong>\u00a0ainda n\u00e3o tomou as medidas necess\u00e1rias para cumprir essa legisla\u00e7\u00e3o, levando a questionamentos sobre a transpar\u00eancia na utiliza\u00e7\u00e3o dos ve\u00edculos p\u00fablicos.<\/p>\n\n\n\n<figure class=\"wp-block-embed is-type-video is-provider-youtube wp-block-embed-youtube wp-embed-aspect-4-3 wp-has-aspect-ratio\"><div class=\"wp-block-embed__wrapper\">\n<iframe title=\"Ver critica Presidente Nen\u00ea do D\u00e1rio por descaso com carros oficiais, 8 demiss\u00f5es e aluguel de carro\" width=\"800\" height=\"600\" data-src=\"https:\/\/www.youtube.com\/embed\/p5Dxv7MFecc?feature=oembed\" frameborder=\"0\" allow=\"accelerometer; autoplay; clipboard-write; encrypted-media; gyroscope; picture-in-picture; web-share\" allowfullscreen src=\"data:image\/gif;base64,R0lGODlhAQABAAAAACH5BAEKAAEALAAAAAABAAEAAAICTAEAOw==\" class=\"lazyload\" data-load-mode=\"1\"><\/iframe>\n<\/div><\/figure>\n\n\n\n<p>andorinhanews<\/p>\n","protected":false},"excerpt":{"rendered":"<p>O\u00a0vereador\u00a0Nilton Matos, lan\u00e7ou duras\u00a0cr\u00edticas\u00a0ao atual\u00a0presidente\u00a0da casa legislativa,\u00a0Nen\u00ea do D\u00e1rio, por alegado descumprimento da lei referente \u00e0\u00a0plotagem dos carros oficiais da C\u00e2mara. Al\u00e9m disso, Matos tamb\u00e9m expressou preocupa\u00e7\u00e3o com gastos excessivos e a\u00a0demiss\u00e3o de oito assessores, que, segundo o vereador, encerram suas atividades no dia 20 de novembro. Al\u00e9m disso,&nbsp;Nilton Matos&nbsp;questionou os gastos da atual administra\u00e7\u00e3o [&hellip;]<\/p>\n","protected":false},"author":2,"featured_media":3736,"comment_status":"open","ping_status":"open","sticky":false,"template":"","format":"standard","meta":{"_jetpack_memberships_contains_paid_content":false,"footnotes":""},"categories":[47],"tags":[],"class_list":["post-3734","post","type-post","status-publish","format-standard","has-post-thumbnail","hentry","category-andorinha"],"aioseo_notices":[],"jetpack_featured_media_url":"https:\/\/i0.wp.com\/minutobahia24h.com.br\/wp-content\/uploads\/2023\/11\/Sem-titulo-112.jpg?fit=640%2C480&ssl=1","jetpack_sharing_enabled":true,"_links":{"self":[{"href":"https:\/\/minutobahia24h.com.br\/index.php?rest_route=\/wp\/v2\/posts\/3734","targetHints":{"allow":["GET"]}}],"collection":[{"href":"https:\/\/minutobahia24h.com.br\/index.php?rest_route=\/wp\/v2\/posts"}],"about":[{"href":"https:\/\/minutobahia24h.com.br\/index.php?rest_route=\/wp\/v2\/types\/post"}],"author":[{"embeddable":true,"href":"https:\/\/minutobahia24h.com.br\/index.php?rest_route=\/wp\/v2\/users\/2"}],"replies":[{"embeddable":true,"href":"https:\/\/minutobahia24h.com.br\/index.php?rest_route=%2Fwp%2Fv2%2Fcomments&post=3734"}],"version-history":[{"count":2,"href":"https:\/\/minutobahia24h.com.br\/index.php?rest_route=\/wp\/v2\/posts\/3734\/revisions"}],"predecessor-version":[{"id":3748,"href":"https:\/\/minutobahia24h.com.br\/index.php?rest_route=\/wp\/v2\/posts\/3734\/revisions\/3748"}],"wp:featuredmedia":[{"embeddable":true,"href":"https:\/\/minutobahia24h.com.br\/index.php?rest_route=\/wp\/v2\/media\/3736"}],"wp:attachment":[{"href":"https:\/\/minutobahia24h.com.br\/index.php?rest_route=%2Fwp%2Fv2%2Fmedia&parent=3734"}],"wp:term":[{"taxonomy":"category","embeddable":true,"href":"https:\/\/minutobahia24h.com.br\/index.php?rest_route=%2Fwp%2Fv2%2Fcategories&post=3734"},{"taxonomy":"post_tag","embeddable":true,"href":"https:\/\/minutobahia24h.com.br\/index.php?rest_route=%2Fwp%2Fv2%2Ftags&post=3734"}],"curies":[{"name":"wp","href":"https:\/\/api.w.org\/{rel}","templated":true}]}}