{"id":3714,"date":"2023-11-09T07:09:44","date_gmt":"2023-11-09T10:09:44","guid":{"rendered":"https:\/\/minutobahia24h.com.br\/?p=3714"},"modified":"2023-11-09T07:09:45","modified_gmt":"2023-11-09T10:09:45","slug":"cnj-vai-revisar-pad-contra-juiz-alvo-da-faroeste-com-ordem-para-novo-comando-de-afastamento-do-cargo","status":"publish","type":"post","link":"https:\/\/minutobahia24h.com.br\/?p=3714","title":{"rendered":"CNJ vai revisar PAD contra juiz alvo da Faroeste com ordem para novo comando de afastamento do cargo"},"content":{"rendered":"<div class=\"wp-block-image\">\n<figure class=\"aligncenter size-large\"><img data-recalc-dims=\"1\" fetchpriority=\"high\" decoding=\"async\" width=\"800\" height=\"420\" src=\"https:\/\/i0.wp.com\/minutobahia24h.com.br\/wp-content\/uploads\/2023\/11\/Sem-titulo-107-1024x538.jpg?resize=800%2C420&#038;ssl=1\" alt=\"\" class=\"wp-image-3716\" srcset=\"https:\/\/i0.wp.com\/minutobahia24h.com.br\/wp-content\/uploads\/2023\/11\/Sem-titulo-107.jpg?resize=1024%2C538&amp;ssl=1 1024w, https:\/\/i0.wp.com\/minutobahia24h.com.br\/wp-content\/uploads\/2023\/11\/Sem-titulo-107.jpg?resize=300%2C158&amp;ssl=1 300w, https:\/\/i0.wp.com\/minutobahia24h.com.br\/wp-content\/uploads\/2023\/11\/Sem-titulo-107.jpg?resize=768%2C403&amp;ssl=1 768w, https:\/\/i0.wp.com\/minutobahia24h.com.br\/wp-content\/uploads\/2023\/11\/Sem-titulo-107.jpg?resize=750%2C394&amp;ssl=1 750w, https:\/\/i0.wp.com\/minutobahia24h.com.br\/wp-content\/uploads\/2023\/11\/Sem-titulo-107.jpg?resize=1140%2C599&amp;ssl=1 1140w, https:\/\/i0.wp.com\/minutobahia24h.com.br\/wp-content\/uploads\/2023\/11\/Sem-titulo-107.jpg?w=1200&amp;ssl=1 1200w\" sizes=\"(max-width: 800px) 100vw, 800px\" \/><figcaption class=\"wp-element-caption\">Foto: Reprodu\u00e7\u00e3o<br><\/figcaption><\/figure>\n<\/div>\n\n\n<p class=\"has-text-align-justify\">O juiz\u00a0<a href=\"https:\/\/www.bahianoticias.com.br\/tags\/sergio-humberto-de-quadros-sampaio\">S\u00e9rgio Humberto de Quadros Sampaio<\/a>\u00a0ter\u00e1 um processo administrativo disciplinar (PAD) revisado pela Corregedoria Nacional de Justi\u00e7a, \u00f3rg\u00e3o ligado ao Conselho Nacional de Justi\u00e7a (CNJ). Ele \u00e9 um dos alvos da\u00a0<a href=\"https:\/\/www.bahianoticias.com.br\/tags\/operacao-faroeste\">Opera\u00e7\u00e3o Faroeste<\/a>, que investiga venda de senten\u00e7as no Tribunal de Justi\u00e7a da Bahia (TJ-BA), e est\u00e1 em\u00a0<a href=\"https:\/\/www.bahianoticias.com.br\/justica\/noticia\/65680-faroeste-juiz-sergio-humberto-vai-para-prisao-domiciliar-por-sequelas-da-covid-19.html?utm_source=justica&amp;utm_medium=link&amp;utm_campaign=destaques\">pris\u00e3o domiciliar<\/a>\u00a0desde abril de 2022.<\/p>\n\n\n\n<p class=\"has-text-align-justify\">O corregedor nacional de Justi\u00e7a, ministro Luis Felipe Salom\u00e3o, determinou a revis\u00e3o do processo com afastamento cautelar, mesmo Sampaio estando preso e j\u00e1 tendo sido punido com a aposentadoria compuls\u00f3ria por duas vezes em PADs instaurados e julgados pelo TJ-BA. Salom\u00e3o aponta que a revis\u00e3o analisar\u00e1 de forma \u201cmais detida\u201d a infra\u00e7\u00e3o disciplinar cometida e um poss\u00edvel redimensionamento da pena de censura aplicada ao magistrado.<\/p>\n\n\n\n<p class=\"has-text-align-justify\">\u201cCreio seja recomend\u00e1vel expedir novo comando pelo afastamento do magistrado do cargo, a fim de corroborar a incompatibilidade das condutas que lhe s\u00e3o imputadas com o exerc\u00edcio da magistratura\u201d, afirma o ministro em seu voto.<\/p>\n\n\n\n<p class=\"has-text-align-justify\">O PAD em quest\u00e3o, que no TJ-BA esteve sob relatoria da desembargadora Maria de Lourdes Pinho Medauar, apura a conduta de\u00a0<a href=\"https:\/\/www.bahianoticias.com.br\/justica\/noticia\/67576-tj-ba-abre-nova-sindicancia-para-investigar-suposto-recebimento-indevido-de-valores-por-parte-de-juiz-preso-na-faroeste\">S\u00e9rgio Humberto de Quadros Sampaio<\/a>\u00a0diante da morosidade excessiva na condu\u00e7\u00e3o de demanda possess\u00f3ria &#8211; \u201cnotadamente por ter se mantido inerte a despeito de v\u00e1rias peti\u00e7\u00f5es informando o descumprimento de liminar de manuten\u00e7\u00e3o de posse\u201d. O Pleno, em 14 de dezembro de 2022, decidiu pela aplica\u00e7\u00e3o da pena de censura ao juiz. O tr\u00e2nsito em julgado do ac\u00f3rd\u00e3o ocorreu em 16 de mar\u00e7o de 2023.<\/p>\n\n\n\n<p class=\"has-text-align-justify\">Segundo a Corregedoria das Comarcas do Interior do TJ-BA, o magistrado \u201cnegligenciou\u201d por 1 ano e tr\u00eas meses o cumprimento da medida liminar de manuten\u00e7\u00e3o de posse, em caso \u201cdotado de especial urg\u00eancia e relev\u00e2ncia social\u201d diante dos conflitos de terra na regi\u00e3o. A a\u00e7\u00e3o tramita na comarca de Formosa do Rio Preto, no oeste baiano, e o fato tem rela\u00e7\u00e3o com as investiga\u00e7\u00f5es da Opera\u00e7\u00e3o Faroeste.\u00a0<\/p>\n\n\n\n<p class=\"has-text-align-justify\">A briga pela posse da terra envolve as comunidades geraizeiras de Aldeia (englobando a localidade Mutamba), Gatos, Marinheiro, Cacimbinha (englobando a localidade Arroz) e Cachoeira &#8211;\u00a0descendentes de povos ind\u00edgenas e de quilombolas &#8211;\u00a0e o Condom\u00ednio Cachoeira do Estrondo.\u00a0<\/p>\n\n\n\n<p>A efetiva\u00e7\u00e3o da tutela de urg\u00eancia, conforme a Justi\u00e7a baiana, serviria para evitar viola\u00e7\u00f5es aos direitos de comunidades rurais tradicionais da regi\u00e3o, cujos membros vinham sendo v\u00edtimas de amea\u00e7as e de agress\u00f5es f\u00edsicas, envolvendo armas de fogo, praticadas por agentes de seguran\u00e7a privados contratados pelo condom\u00ednio.<\/p>\n\n\n\n<p>Sampaio pleiteia que a revis\u00e3o disciplinar se \u201climite \u00e0 an\u00e1lise da prescri\u00e7\u00e3o da pena aplicada no TJ-BA, considerando que o conhecimento oficial do fato se operou muito antes da abertura do PAD e, portanto, j\u00e1 transcorridos os 2 anos e 140 dias reconhecidos na jurisprud\u00eancia deste \u00f3rg\u00e3o de controle e do STJ&#8221;.<\/p>\n\n\n\n<p>No entanto, o ministro Salom\u00e3o indica que o Regimento Interno do CNJ autoriza revis\u00e3o dos processos disciplinares de ju\u00edzes e membros dos tribunais julgados h\u00e1 menos de um ano do pedido de revis\u00e3o.<\/p>\n\n\n\n<p><strong>CRONOLOGIA<\/strong><\/p>\n\n\n\n<p>Inicialmente o processo tramitava na comarca de Barreiras, em vara especializada, onde, em 3 de maio de 2017 a ju\u00edza Marlise Freire Alvarenga deferiu a medida liminar de manuten\u00e7\u00e3o de posse.<\/p>\n\n\n\n<p>No dia 12 de maio foi confeccionada carta precat\u00f3ria, solicitando o cumprimento da liminar ao ju\u00edzo de Formosa do Rio Preto diante da extin\u00e7\u00e3o da vara especializada de Barreiras. S\u00e9rgio Humberto de Quadros Sampaio j\u00e1 era titular da comarca desde julho de 2016.<\/p>\n\n\n\n<p>\u201cObserva-se que, a partir do momento em que o processo foi encaminhado para a Comarca de Formosa do Rio Preto, e passou a tramitar sob sua responsabilidade, a sua condu\u00e7\u00e3o passou a sofrer com uma morosidade significativa e injustificada\u201d, alerta relat\u00f3rio da Corregedoria Nacional de Justi\u00e7a.\u00a0<\/p>\n\n\n\n<p>Em 29 de agosto de 2017, por exemplo, os autores peticionaram se insurgindo contra a falta de cita\u00e7\u00e3o do r\u00e9u residente em Formosa do Rio Preto; em 11 de setembro, protocolaram outra peti\u00e7\u00e3o informando que a liminar de manuten\u00e7\u00e3o de posse n\u00e3o estava sendo cumprida. No ano seguinte, em 2 de fevereiro de 2018, novo pedido para cumprimento da liminar, com mais uma reitera\u00e7\u00e3o em 5 de mar\u00e7o. Por\u00e9m somente em 22 de abril de 2018, cerca de oito meses e quatro peti\u00e7\u00f5es depois, o juiz S\u00e9rgio Humberto despachou nos autos.\u00a0<\/p>\n\n\n\n<p>No despacho nada foi dito acerca da alega\u00e7\u00e3o autoral de descumprimento da liminar possess\u00f3ria. O magistrado se conteve a apenas ratificar a validade dos atos processuais anteriormente praticados, e manter formalmente a liminar que havia sido deferida, mas sem adotar qualquer medida para assegurar o efetivo cumprimento da manuten\u00e7\u00e3o de posse, ou mesmo apreciar as peti\u00e7\u00f5es sobre as alega\u00e7\u00f5es de viola\u00e7\u00e3o da ordem judicial ent\u00e3o em vigor.<\/p>\n\n\n\n<p>Em 27 de novembro de 2018, ao inv\u00e9s de adotar medidas para garantir a efetiva\u00e7\u00e3o da liminar ent\u00e3o deferida nos autos, desde 3 de maio de 2017, S\u00e9rgio Humberto consignou a possibilidade de revogar a decis\u00e3o liminar, por entender que a a\u00e7\u00e3o n\u00e3o poderia ter tramitado sob o rito especial possess\u00f3rio &#8211;\u00a0isso depois de a liminar ter sido mantida pelo TJ-BA, em sede de agravo de instrumento, que rejeitou o pedido de atribui\u00e7\u00e3o de efeito suspensivo ao recurso interposto contra a concess\u00e3o da liminar em quest\u00e3o.<\/p>\n\n\n\n<p>\u201cDiante desse quadro, n\u00e3o se pode compreender que a prolongada (e injustific\u00e1vel) inc\u00faria do magistrado no exerc\u00edcio da presta\u00e7\u00e3o jurisdicional &#8211; que potencializou conflitos fundi\u00e1rios graves em Formosa do Rio Preto\/BA &#8211; seja juridicamente qualificada como mera &#8216;neglig\u00eancia reiterada&#8217;, pass\u00edvel da aplica\u00e7\u00e3o da pena de censura\u201d, opina o ministro Salom\u00e3o.\u00a0<\/p>\n\n\n\n<p>O Instituto do Meio Ambiente e Recursos H\u00eddricos (Inema) chegou a autorizar a supress\u00e3o de vegeta\u00e7\u00e3o de 24 mil hectares e instituiu sobre a \u00e1rea do Vale do Rio Preto, onde vivem os geraizeiros, reserva ambiental de 55 mil hectares, que beneficiava o Condom\u00ednio Estrondo com a permiss\u00e3o estatal para desmatar uma \u00e1rea cada vez maior.\u00a0<\/p>\n\n\n\n<p>De acordo com depoimentos, houve excessiva e inexplic\u00e1vel demora no cumprimento de liminares de manuten\u00e7\u00e3o de posse, que, ap\u00f3s a deflagra\u00e7\u00e3o da Opera\u00e7\u00e3o Faroeste &#8211;\u00a0em 19 de novembro de 2019 &#8211;\u00a0&#8220;come\u00e7aram a ser [parcialmente] cumpridas com a derrubada de algumas das guaritas onde agentes de seguran\u00e7a privados contratados pelo Condom\u00ednio Estrondo restringiam o acesso nas estradas que levam \u00e0s comunidades&#8221;.\u00a0<\/p>\n\n\n\n<p>BN<\/p>\n","protected":false},"excerpt":{"rendered":"<p>O juiz\u00a0S\u00e9rgio Humberto de Quadros Sampaio\u00a0ter\u00e1 um processo administrativo disciplinar (PAD) revisado pela Corregedoria Nacional de Justi\u00e7a, \u00f3rg\u00e3o ligado ao Conselho Nacional de Justi\u00e7a (CNJ). Ele \u00e9 um dos alvos da\u00a0Opera\u00e7\u00e3o Faroeste, que investiga venda de senten\u00e7as no Tribunal de Justi\u00e7a da Bahia (TJ-BA), e est\u00e1 em\u00a0pris\u00e3o domiciliar\u00a0desde abril de 2022. O corregedor nacional de [&hellip;]<\/p>\n","protected":false},"author":2,"featured_media":3716,"comment_status":"open","ping_status":"open","sticky":false,"template":"","format":"standard","meta":{"_jetpack_memberships_contains_paid_content":false,"footnotes":""},"categories":[23],"tags":[],"class_list":["post-3714","post","type-post","status-publish","format-standard","has-post-thumbnail","hentry","category-justica"],"aioseo_notices":[],"jetpack_featured_media_url":"https:\/\/i0.wp.com\/minutobahia24h.com.br\/wp-content\/uploads\/2023\/11\/Sem-titulo-107.jpg?fit=1200%2C630&ssl=1","jetpack_sharing_enabled":true,"_links":{"self":[{"href":"https:\/\/minutobahia24h.com.br\/index.php?rest_route=\/wp\/v2\/posts\/3714","targetHints":{"allow":["GET"]}}],"collection":[{"href":"https:\/\/minutobahia24h.com.br\/index.php?rest_route=\/wp\/v2\/posts"}],"about":[{"href":"https:\/\/minutobahia24h.com.br\/index.php?rest_route=\/wp\/v2\/types\/post"}],"author":[{"embeddable":true,"href":"https:\/\/minutobahia24h.com.br\/index.php?rest_route=\/wp\/v2\/users\/2"}],"replies":[{"embeddable":true,"href":"https:\/\/minutobahia24h.com.br\/index.php?rest_route=%2Fwp%2Fv2%2Fcomments&post=3714"}],"version-history":[{"count":1,"href":"https:\/\/minutobahia24h.com.br\/index.php?rest_route=\/wp\/v2\/posts\/3714\/revisions"}],"predecessor-version":[{"id":3717,"href":"https:\/\/minutobahia24h.com.br\/index.php?rest_route=\/wp\/v2\/posts\/3714\/revisions\/3717"}],"wp:featuredmedia":[{"embeddable":true,"href":"https:\/\/minutobahia24h.com.br\/index.php?rest_route=\/wp\/v2\/media\/3716"}],"wp:attachment":[{"href":"https:\/\/minutobahia24h.com.br\/index.php?rest_route=%2Fwp%2Fv2%2Fmedia&parent=3714"}],"wp:term":[{"taxonomy":"category","embeddable":true,"href":"https:\/\/minutobahia24h.com.br\/index.php?rest_route=%2Fwp%2Fv2%2Fcategories&post=3714"},{"taxonomy":"post_tag","embeddable":true,"href":"https:\/\/minutobahia24h.com.br\/index.php?rest_route=%2Fwp%2Fv2%2Ftags&post=3714"}],"curies":[{"name":"wp","href":"https:\/\/api.w.org\/{rel}","templated":true}]}}