{"id":3706,"date":"2023-11-09T06:53:31","date_gmt":"2023-11-09T09:53:31","guid":{"rendered":"https:\/\/minutobahia24h.com.br\/?p=3706"},"modified":"2023-11-09T06:53:32","modified_gmt":"2023-11-09T09:53:32","slug":"bahia-sedia-25a-edicao-do-congresso-nacional-do-ministerio-publico-sobre-uso-de-tecnologias","status":"publish","type":"post","link":"https:\/\/minutobahia24h.com.br\/?p=3706","title":{"rendered":"Bahia sedia 25\u00aa edi\u00e7\u00e3o do Congresso Nacional do Minist\u00e9rio P\u00fablico sobre uso de tecnologias"},"content":{"rendered":"<div class=\"wp-block-image\">\n<figure class=\"aligncenter size-full\"><img data-recalc-dims=\"1\" fetchpriority=\"high\" decoding=\"async\" width=\"600\" height=\"420\" src=\"https:\/\/i0.wp.com\/minutobahia24h.com.br\/wp-content\/uploads\/2023\/11\/Sem-titulo-105.jpg?resize=600%2C420&#038;ssl=1\" alt=\"\" class=\"wp-image-3708\" srcset=\"https:\/\/i0.wp.com\/minutobahia24h.com.br\/wp-content\/uploads\/2023\/11\/Sem-titulo-105.jpg?w=600&amp;ssl=1 600w, https:\/\/i0.wp.com\/minutobahia24h.com.br\/wp-content\/uploads\/2023\/11\/Sem-titulo-105.jpg?resize=300%2C210&amp;ssl=1 300w\" sizes=\"(max-width: 600px) 100vw, 600px\" \/><figcaption class=\"wp-element-caption\">Fotos: Fernando Vivas\/GOVBA<br><\/figcaption><\/figure>\n<\/div>\n\n\n<p>Crises contempor\u00e2neas no direito, uso de tecnologias e os desafios do Minist\u00e9rio P\u00fablico s\u00e3o alguns dos temas que ser\u00e3o discutidos desta quarta-feira (8) at\u00e9 sexta-feira (10), na 25\u00aa edi\u00e7\u00e3o do Congresso Nacional do Minist\u00e9rio P\u00fablico, que acontece no Centro de Conven\u00e7\u00f5es, em Salvador. Durante os tr\u00eas dias, estar\u00e3o reunidos membros do Minist\u00e9rio P\u00fablico e da justi\u00e7a de todo o Brasil. A expectativa \u00e9 de que participem cerca de tr\u00eas mil pessoas.<\/p>\n\n\n\n<p>O assunto deste ano \u00e9 \u201cMP e resolutividade na era das tecnologias 5.0\u201d, destacando avan\u00e7os ao longo dos anos na atua\u00e7\u00e3o institucional do \u00f3rg\u00e3o no pa\u00eds. A abertura do evento contou com uma palestra magna com a procuradora-geral da Rep\u00fablica interina Elizeta Ramos e a procuradora-geral de justi\u00e7a da Bahia Norma Cavalcanti.<\/p>\n\n\n\n<p>Presente na abertura, o vice-governador Geraldo J\u00fanior representou o governador Jer\u00f4nimo Rodrigues e refor\u00e7ou a import\u00e2ncia do debate. \u201cAqui ser\u00e3o apresentados temas nos interessam enquanto governo, porque dialogam com o que temos feito na Bahia\u201d, pontuou Geraldo. Para o presidente da Associa\u00e7\u00e3o Nacional dos Membros do Minist\u00e9rio P\u00fablico (Conamp), Manoel Murrieta, ser\u00e1 um momento de avalia\u00e7\u00e3o do que j\u00e1 \u00e9 feito e usado de tecnologia nos \u00f3rg\u00e3os do Brasil. \u201cA pandemia mostrou ao Brasil e ao mundo que a tecnologia aproxima, cria facilidades e pode solucionar obst\u00e1culos importantes para o mundo moderno. Ent\u00e3o, precisamos discutir e entender como ela pode melhorar ainda mais os nossos servi\u00e7os\u201d, analisou.<\/p>\n\n\n\n<p>O evento \u00e9 realizado pela Associa\u00e7\u00e3o do Minist\u00e9rio P\u00fablico do Estado da Bahia (Ampeb) e pela Associa\u00e7\u00e3o Nacional dos Membros do Minist\u00e9rio P\u00fablico (Conamp), com patroc\u00ednio do Governo da Bahia, atrav\u00e9s da Secretaria do Turismo (Setur), e apoio da Secretaria de Educa\u00e7\u00e3o do Estado (SEC).<\/p>\n\n\n\n<p>Bahia.ba<\/p>\n","protected":false},"excerpt":{"rendered":"<p>Crises contempor\u00e2neas no direito, uso de tecnologias e os desafios do Minist\u00e9rio P\u00fablico s\u00e3o alguns dos temas que ser\u00e3o discutidos desta quarta-feira (8) at\u00e9 sexta-feira (10), na 25\u00aa edi\u00e7\u00e3o do Congresso Nacional do Minist\u00e9rio P\u00fablico, que acontece no Centro de Conven\u00e7\u00f5es, em Salvador. Durante os tr\u00eas dias, estar\u00e3o reunidos membros do Minist\u00e9rio P\u00fablico e da [&hellip;]<\/p>\n","protected":false},"author":2,"featured_media":3708,"comment_status":"open","ping_status":"open","sticky":false,"template":"","format":"standard","meta":{"_jetpack_memberships_contains_paid_content":false,"footnotes":""},"categories":[21],"tags":[],"class_list":["post-3706","post","type-post","status-publish","format-standard","has-post-thumbnail","hentry","category-bahia"],"aioseo_notices":[],"jetpack_featured_media_url":"https:\/\/i0.wp.com\/minutobahia24h.com.br\/wp-content\/uploads\/2023\/11\/Sem-titulo-105.jpg?fit=600%2C420&ssl=1","jetpack_sharing_enabled":true,"_links":{"self":[{"href":"https:\/\/minutobahia24h.com.br\/index.php?rest_route=\/wp\/v2\/posts\/3706","targetHints":{"allow":["GET"]}}],"collection":[{"href":"https:\/\/minutobahia24h.com.br\/index.php?rest_route=\/wp\/v2\/posts"}],"about":[{"href":"https:\/\/minutobahia24h.com.br\/index.php?rest_route=\/wp\/v2\/types\/post"}],"author":[{"embeddable":true,"href":"https:\/\/minutobahia24h.com.br\/index.php?rest_route=\/wp\/v2\/users\/2"}],"replies":[{"embeddable":true,"href":"https:\/\/minutobahia24h.com.br\/index.php?rest_route=%2Fwp%2Fv2%2Fcomments&post=3706"}],"version-history":[{"count":1,"href":"https:\/\/minutobahia24h.com.br\/index.php?rest_route=\/wp\/v2\/posts\/3706\/revisions"}],"predecessor-version":[{"id":3709,"href":"https:\/\/minutobahia24h.com.br\/index.php?rest_route=\/wp\/v2\/posts\/3706\/revisions\/3709"}],"wp:featuredmedia":[{"embeddable":true,"href":"https:\/\/minutobahia24h.com.br\/index.php?rest_route=\/wp\/v2\/media\/3708"}],"wp:attachment":[{"href":"https:\/\/minutobahia24h.com.br\/index.php?rest_route=%2Fwp%2Fv2%2Fmedia&parent=3706"}],"wp:term":[{"taxonomy":"category","embeddable":true,"href":"https:\/\/minutobahia24h.com.br\/index.php?rest_route=%2Fwp%2Fv2%2Fcategories&post=3706"},{"taxonomy":"post_tag","embeddable":true,"href":"https:\/\/minutobahia24h.com.br\/index.php?rest_route=%2Fwp%2Fv2%2Ftags&post=3706"}],"curies":[{"name":"wp","href":"https:\/\/api.w.org\/{rel}","templated":true}]}}