{"id":36859,"date":"2025-10-23T07:00:25","date_gmt":"2025-10-23T10:00:25","guid":{"rendered":"https:\/\/minutobahia24h.com.br\/?p=36859"},"modified":"2025-10-23T07:00:26","modified_gmt":"2025-10-23T10:00:26","slug":"prefeito-andrei-abre-o-maior-festival-literario-do-nordeste-e-transforma-juazeiro-na-capital-da-leitura-e-da-arte","status":"publish","type":"post","link":"https:\/\/minutobahia24h.com.br\/?p=36859","title":{"rendered":"Prefeito Andrei abre o maior festival liter\u00e1rio do Nordeste e transforma Juazeiro na capital da leitura e da arte"},"content":{"rendered":"<div class=\"wp-block-image\">\n<figure class=\"aligncenter size-full\"><img data-recalc-dims=\"1\" fetchpriority=\"high\" decoding=\"async\" width=\"750\" height=\"750\" src=\"https:\/\/i0.wp.com\/minutobahia24h.com.br\/wp-content\/uploads\/2025\/10\/Sem-titulo-287.jpg?resize=750%2C750&#038;ssl=1\" alt=\"\" class=\"wp-image-36860\" srcset=\"https:\/\/i0.wp.com\/minutobahia24h.com.br\/wp-content\/uploads\/2025\/10\/Sem-titulo-287.jpg?w=750&amp;ssl=1 750w, https:\/\/i0.wp.com\/minutobahia24h.com.br\/wp-content\/uploads\/2025\/10\/Sem-titulo-287.jpg?resize=300%2C300&amp;ssl=1 300w, https:\/\/i0.wp.com\/minutobahia24h.com.br\/wp-content\/uploads\/2025\/10\/Sem-titulo-287.jpg?resize=150%2C150&amp;ssl=1 150w, https:\/\/i0.wp.com\/minutobahia24h.com.br\/wp-content\/uploads\/2025\/10\/Sem-titulo-287.jpg?resize=75%2C75&amp;ssl=1 75w\" sizes=\"(max-width: 750px) 100vw, 750px\" \/><figcaption class=\"wp-element-caption\">Fotos: Gilson Pereira<\/figcaption><\/figure>\n<\/div>\n\n\n<p>Juazeiro deu in\u00edcio, nesta quarta-feira (22), \u00e0 primeira edi\u00e7\u00e3o do Festival Ju\u00e1 Liter\u00e1rio, um evento grandioso que promete transformar a cidade na capital da leitura e da arte do Nordeste. A abertura cultural aconteceu na Tenda das Palavras, na Orla II, e contou com a presen\u00e7a do prefeito Andrei Gon\u00e7alves, do vice-prefeito Tiano Felix, da secret\u00e1ria de Educa\u00e7\u00e3o, Maeve Melo e de Sandro Magalh\u00e3es, da Funda\u00e7\u00e3o Miguel Calmon, representando o Governo do Estado, al\u00e9m de autoridades, artistas, professores, estudantes e um p\u00fablico geral.<\/p>\n\n\n\n<p>Durante a solenidade, o prefeito Andrei destacou a import\u00e2ncia do festival para a valoriza\u00e7\u00e3o da cultura, da educa\u00e7\u00e3o e da economia criativa local. \u201cO Ju\u00e1 Liter\u00e1rio \u00e9 um marco para Juazeiro. Estamos realizando o maior festival liter\u00e1rio da Bahia e do Nordeste, com a certeza de que esta \u00e9 apenas a primeira edi\u00e7\u00e3o de muitas que vir\u00e3o. Agrade\u00e7o \u00e0 secret\u00e1ria Maeve Melo e a toda a equipe envolvida, parceiros e patrocinadores, por acreditarem neste projeto que j\u00e1 nasce grandioso\u201d, afirmou o prefeito.<\/p>\n\n\n\n<p>Com quatro dias de programa\u00e7\u00e3o intensa e gratuita, o festival reunir\u00e1 cerca de 80 atra\u00e7\u00f5es distribu\u00eddas em diversos espa\u00e7os da cidade \u2014 Orla II, Centro de Cultura Jo\u00e3o Gilberto, os nove distritos e at\u00e9 nas barquinhas da travessia de Juazeiro para Petrolina, no rio S\u00e3o Francisco. O p\u00fablico poder\u00e1 desfrutar de shows musicais, mesas redondas, lan\u00e7amentos de livros, conta\u00e7\u00e3o de hist\u00f3rias, apresenta\u00e7\u00f5es teatrais, poesias no Espa\u00e7o Manuca Almeida, al\u00e9m da Kombi do Z\u00e9 Livr\u00f3rio, o Cineteatro Busarte, a Carreta Liter\u00e1ria e a Feira de Livros.<\/p>\n\n\n\n<p>O evento, idealizado para toda a fam\u00edlia, trar\u00e1 grandes nomes da literatura e das artes, como Arnaldo Antunes, Russo Passapusso, Let\u00edcia Sabatella, Xangai, Itamar Vieira Junior, Xico S\u00e1, Ana Mametto, Maciel Melo e Mariana Aydar, consolidando Juazeiro como refer\u00eancia no cen\u00e1rio cultural nacional.<\/p>\n\n\n\n<p>Um dos destaques desta edi\u00e7\u00e3o \u00e9 o \u201cB\u00f4nus Livro\u201d, benef\u00edcio criado pela Prefeitura de Juazeiro, por meio da Secretaria de Educa\u00e7\u00e3o (Seduc), e institu\u00eddo pela Lei n\u00ba 3.281\/2025. O programa incentiva a leitura e o acesso \u00e0 literatura, destinando R$ 70,00 para estudantes, R$ 300,00 para professores e R$ 150,00 para t\u00e9cnicos e demais servidores da rede municipal.<\/p>\n\n\n\n<p>De acordo com a secret\u00e1ria de Educa\u00e7\u00e3o, Maeve Melo, o festival representa um novo tempo para a educa\u00e7\u00e3o juazeirense. \u201cO Ju\u00e1 Liter\u00e1ria \u00e9 uma celebra\u00e7\u00e3o da leitura, da arte e da nossa identidade. \u00c9 emocionante ver nossos estudantes e professores participando de um evento dessa dimens\u00e3o, com acesso aos livros, \u00e0 cultura e a experi\u00eancias que inspiram. Esse \u00e9 o come\u00e7o de uma transforma\u00e7\u00e3o que une educa\u00e7\u00e3o e cultura para formar cidad\u00e3os mais cr\u00edticos e criativos\u201d, ressaltou.<\/p>\n\n\n\n<p>Durante os quatro dias de programa\u00e7\u00e3o, cerca de 6 mil estudantes da rede municipal participar\u00e3o diariamente das atividades. \u201cVer as crian\u00e7as encantadas com os livros e com o contato direto com escritores e artistas \u00e9 o maior presente deste festival. Juazeiro est\u00e1 vivendo um momento hist\u00f3rico\u201d, completou o prefeito Andrei.<\/p>\n\n\n\n<p>Com o Festival Ju\u00e1 Liter\u00e1ria, Juazeiro reafirma sua voca\u00e7\u00e3o cultural, educadora e transformadora \u2014 celebrando o poder das palavras, da arte, da imagina\u00e7\u00e3o e dos sonhos dos juazeireses, \u00e0s margens do Velho Chico.<\/p>\n\n\n\n<p>Na noite desta quarta-feira (22), \u00e0s 19h30, \u00a0acontece a abertura oficial do evento, com os shows de Jessier Quirino, Maciel Melo, Xangai, Ana Barroso, Fatel e Tio Z\u00e9 B\u00e1, no Espa\u00e7o Som das \u00c1guas, na Orla II.<br>\u00a0<\/p>\n\n\n\n<p>Manu Lustosa Ascom\/Prefeito Andrei <\/p>\n","protected":false},"excerpt":{"rendered":"<p>Juazeiro deu in\u00edcio, nesta quarta-feira (22), \u00e0 primeira edi\u00e7\u00e3o do Festival Ju\u00e1 Liter\u00e1rio, um evento grandioso que promete transformar a cidade na capital da leitura e da arte do Nordeste. A abertura cultural aconteceu na Tenda das Palavras, na Orla II, e contou com a presen\u00e7a do prefeito Andrei Gon\u00e7alves, do vice-prefeito Tiano Felix, da [&hellip;]<\/p>\n","protected":false},"author":2,"featured_media":36860,"comment_status":"open","ping_status":"open","sticky":false,"template":"","format":"standard","meta":{"_jetpack_memberships_contains_paid_content":false,"footnotes":""},"categories":[3],"tags":[],"class_list":["post-36859","post","type-post","status-publish","format-standard","has-post-thumbnail","hentry","category-regional"],"aioseo_notices":[],"jetpack_featured_media_url":"https:\/\/i0.wp.com\/minutobahia24h.com.br\/wp-content\/uploads\/2025\/10\/Sem-titulo-287.jpg?fit=750%2C750&ssl=1","jetpack_sharing_enabled":true,"_links":{"self":[{"href":"https:\/\/minutobahia24h.com.br\/index.php?rest_route=\/wp\/v2\/posts\/36859","targetHints":{"allow":["GET"]}}],"collection":[{"href":"https:\/\/minutobahia24h.com.br\/index.php?rest_route=\/wp\/v2\/posts"}],"about":[{"href":"https:\/\/minutobahia24h.com.br\/index.php?rest_route=\/wp\/v2\/types\/post"}],"author":[{"embeddable":true,"href":"https:\/\/minutobahia24h.com.br\/index.php?rest_route=\/wp\/v2\/users\/2"}],"replies":[{"embeddable":true,"href":"https:\/\/minutobahia24h.com.br\/index.php?rest_route=%2Fwp%2Fv2%2Fcomments&post=36859"}],"version-history":[{"count":1,"href":"https:\/\/minutobahia24h.com.br\/index.php?rest_route=\/wp\/v2\/posts\/36859\/revisions"}],"predecessor-version":[{"id":36861,"href":"https:\/\/minutobahia24h.com.br\/index.php?rest_route=\/wp\/v2\/posts\/36859\/revisions\/36861"}],"wp:featuredmedia":[{"embeddable":true,"href":"https:\/\/minutobahia24h.com.br\/index.php?rest_route=\/wp\/v2\/media\/36860"}],"wp:attachment":[{"href":"https:\/\/minutobahia24h.com.br\/index.php?rest_route=%2Fwp%2Fv2%2Fmedia&parent=36859"}],"wp:term":[{"taxonomy":"category","embeddable":true,"href":"https:\/\/minutobahia24h.com.br\/index.php?rest_route=%2Fwp%2Fv2%2Fcategories&post=36859"},{"taxonomy":"post_tag","embeddable":true,"href":"https:\/\/minutobahia24h.com.br\/index.php?rest_route=%2Fwp%2Fv2%2Ftags&post=36859"}],"curies":[{"name":"wp","href":"https:\/\/api.w.org\/{rel}","templated":true}]}}