{"id":36746,"date":"2025-10-21T06:57:39","date_gmt":"2025-10-21T09:57:39","guid":{"rendered":"https:\/\/minutobahia24h.com.br\/?p=36746"},"modified":"2025-10-21T06:57:41","modified_gmt":"2025-10-21T09:57:41","slug":"confirmado-ciel-rodrigues-na-4o-edicao-da-farota-da-andorinha-da-zueira","status":"publish","type":"post","link":"https:\/\/minutobahia24h.com.br\/?p=36746","title":{"rendered":"Confirmado Ciel Rodrigues na 4\u00ba Edi\u00e7\u00e3o da Farota da Andorinha da Zueira"},"content":{"rendered":"<div class=\"wp-block-image\">\n<figure class=\"aligncenter size-full\"><img data-recalc-dims=\"1\" fetchpriority=\"high\" decoding=\"async\" width=\"640\" height=\"460\" src=\"https:\/\/i0.wp.com\/minutobahia24h.com.br\/wp-content\/uploads\/2025\/10\/Sem-titulo-252.jpg?resize=640%2C460&#038;ssl=1\" alt=\"\" class=\"wp-image-36747\" srcset=\"https:\/\/i0.wp.com\/minutobahia24h.com.br\/wp-content\/uploads\/2025\/10\/Sem-titulo-252.jpg?w=640&amp;ssl=1 640w, https:\/\/i0.wp.com\/minutobahia24h.com.br\/wp-content\/uploads\/2025\/10\/Sem-titulo-252.jpg?resize=300%2C216&amp;ssl=1 300w, https:\/\/i0.wp.com\/minutobahia24h.com.br\/wp-content\/uploads\/2025\/10\/Sem-titulo-252.jpg?resize=120%2C86&amp;ssl=1 120w\" sizes=\"(max-width: 640px) 100vw, 640px\" \/><figcaption class=\"wp-element-caption\">Rede Sociais \u00a0(Foto: Internet)<br><\/figcaption><\/figure>\n<\/div>\n\n\n<p class=\"wp-block-paragraph\">O perfil oficial da&nbsp;<em>Andorinha da Zueira<\/em>&nbsp;anunciou nesta segunda-feira (<strong>20<\/strong>) a primeira atra\u00e7\u00e3o da&nbsp;<strong>4\u00aa edi\u00e7\u00e3o da Farofa Andorinha da Zueira 2026<\/strong>. O cantor&nbsp;<strong>Ciel Rodrigues<\/strong>&nbsp;foi confirmado como uma das grandes atra\u00e7\u00f5es do evento, que ser\u00e1 realizado no dia&nbsp;<strong>31 de janeiro<\/strong>, no&nbsp;<strong>Espa\u00e7o do Ti\u00e3o Pared\u00e3o<\/strong>, em&nbsp;<strong>Andorinha (BA)<\/strong>.<\/p>\n\n\n\n<p class=\"wp-block-paragraph\">Reconhecida como uma das festas mais animadas do in\u00edcio do ano no munic\u00edpio, a Farofa Andorinha da Zueira chega \u00e0 sua quarta edi\u00e7\u00e3o prometendo um p\u00fablico recorde e muitas novidades. A organiza\u00e7\u00e3o deve divulgar em breve as demais atra\u00e7\u00f5es que far\u00e3o parte da programa\u00e7\u00e3o de 2026.<\/p>\n\n\n\n<p class=\"wp-block-paragraph\">andorinhanews<\/p>\n","protected":false},"excerpt":{"rendered":"<p>O perfil oficial da&nbsp;Andorinha da Zueira&nbsp;anunciou nesta segunda-feira (20) a primeira atra\u00e7\u00e3o da&nbsp;4\u00aa edi\u00e7\u00e3o da Farofa Andorinha da Zueira 2026. O cantor&nbsp;Ciel Rodrigues&nbsp;foi confirmado como uma das grandes atra\u00e7\u00f5es do evento, que ser\u00e1 realizado no dia&nbsp;31 de janeiro, no&nbsp;Espa\u00e7o do Ti\u00e3o Pared\u00e3o, em&nbsp;Andorinha (BA). Reconhecida como uma das festas mais animadas do in\u00edcio do ano [&hellip;]<\/p>\n","protected":false},"author":2,"featured_media":36747,"comment_status":"open","ping_status":"open","sticky":false,"template":"","format":"standard","meta":{"_jetpack_newsletter_access":"","_jetpack_dont_email_post_to_subs":false,"_jetpack_newsletter_tier_id":0,"_jetpack_memberships_contains_paywalled_content":false,"_jetpack_feature_clip_id":0,"_jetpack_memberships_contains_paid_content":false,"footnotes":"","jetpack_post_was_ever_published":false},"categories":[3],"tags":[],"class_list":["post-36746","post","type-post","status-publish","format-standard","has-post-thumbnail","hentry","category-regional"],"aioseo_notices":[],"aioseo_head":"\n\t\t<!-- All in One SEO 5.0.1.1 - aioseo.com -->\n\t<meta name=\"description\" content=\"O perfil oficial da Andorinha da Zueira anunciou nesta segunda-feira (20) a primeira atra\u00e7\u00e3o da 4\u00aa edi\u00e7\u00e3o da Farofa Andorinha da Zueira 2026. O cantor Ciel Rodrigues foi confirmado como uma das grandes atra\u00e7\u00f5es do evento, que ser\u00e1 realizado no dia 31 de janeiro, no Espa\u00e7o do Ti\u00e3o Pared\u00e3o, em Andorinha (BA). Reconhecida como uma das festas mais animadas do in\u00edcio do ano\" \/>\n\t<meta name=\"robots\" content=\"max-image-preview:large\" \/>\n\t<meta name=\"author\" content=\"andre\"\/>\n\t<link rel=\"canonical\" href=\"https:\/\/minutobahia24h.com.br\/?p=36746\" \/>\n\t<meta name=\"generator\" content=\"All in One SEO (AIOSEO) 5.0.1.1\" \/>\n\t\t<meta property=\"og:locale\" content=\"pt_BR\" \/>\n\t\t<meta property=\"og:site_name\" content=\"Minuto Bahia 24h - O seu portal de not\u00edcias\" \/>\n\t\t<meta property=\"og:type\" content=\"article\" \/>\n\t\t<meta property=\"og:title\" content=\"Confirmado Ciel Rodrigues na 4\u00ba Edi\u00e7\u00e3o da Farota da Andorinha da Zueira - Minuto Bahia 24h\" \/>\n\t\t<meta property=\"og:description\" content=\"O perfil oficial da Andorinha da Zueira anunciou nesta segunda-feira (20) a primeira atra\u00e7\u00e3o da 4\u00aa edi\u00e7\u00e3o da Farofa Andorinha da Zueira 2026. O cantor Ciel Rodrigues foi confirmado como uma das grandes atra\u00e7\u00f5es do evento, que ser\u00e1 realizado no dia 31 de janeiro, no Espa\u00e7o do Ti\u00e3o Pared\u00e3o, em Andorinha (BA). Reconhecida como uma das festas mais animadas do in\u00edcio do ano\" \/>\n\t\t<meta property=\"og:url\" content=\"https:\/\/minutobahia24h.com.br\/?p=36746\" \/>\n\t\t<meta property=\"og:image\" content=\"https:\/\/minutobahia24h.com.br\/wp-content\/uploads\/2025\/10\/Sem-titulo-252.jpg\" \/>\n\t\t<meta property=\"og:image:secure_url\" content=\"https:\/\/minutobahia24h.com.br\/wp-content\/uploads\/2025\/10\/Sem-titulo-252.jpg\" \/>\n\t\t<meta property=\"og:image:width\" content=\"640\" \/>\n\t\t<meta property=\"og:image:height\" content=\"460\" \/>\n\t\t<meta property=\"article:published_time\" content=\"2025-10-21T09:57:39+00:00\" \/>\n\t\t<meta property=\"article:modified_time\" content=\"2025-10-21T09:57:41+00:00\" \/>\n\t\t<meta name=\"twitter:card\" content=\"summary_large_image\" \/>\n\t\t<meta name=\"twitter:title\" content=\"Confirmado Ciel Rodrigues na 4\u00ba Edi\u00e7\u00e3o da Farota da Andorinha da Zueira - Minuto Bahia 24h\" \/>\n\t\t<meta name=\"twitter:description\" content=\"O perfil oficial da Andorinha da Zueira anunciou nesta segunda-feira (20) a primeira atra\u00e7\u00e3o da 4\u00aa edi\u00e7\u00e3o da Farofa Andorinha da Zueira 2026. O cantor Ciel Rodrigues foi confirmado como uma das grandes atra\u00e7\u00f5es do evento, que ser\u00e1 realizado no dia 31 de janeiro, no Espa\u00e7o do Ti\u00e3o Pared\u00e3o, em Andorinha (BA). Reconhecida como uma das festas mais animadas do in\u00edcio do ano\" \/>\n\t\t<meta name=\"twitter:image\" content=\"https:\/\/minutobahia24h.com.br\/wp-content\/uploads\/2025\/10\/Sem-titulo-252.jpg\" \/>\n\t\t<script type=\"application\/ld+json\" class=\"aioseo-schema\">\n\t\t\t{\"@context\":\"https:\\\/\\\/schema.org\",\"@graph\":[{\"@type\":\"BlogPosting\",\"@id\":\"https:\\\/\\\/minutobahia24h.com.br\\\/?p=36746#blogposting\",\"name\":\"Confirmado Ciel Rodrigues na 4\\u00ba Edi\\u00e7\\u00e3o da Farota da Andorinha da Zueira - Minuto Bahia 24h\",\"headline\":\"Confirmado Ciel Rodrigues na 4\\u00ba Edi\\u00e7\\u00e3o da Farota da Andorinha da Zueira\",\"author\":{\"@id\":\"https:\\\/\\\/minutobahia24h.com.br\\\/?author=2#author\"},\"publisher\":{\"@id\":\"https:\\\/\\\/minutobahia24h.com.br\\\/#organization\"},\"image\":{\"@type\":\"ImageObject\",\"url\":\"https:\\\/\\\/i0.wp.com\\\/minutobahia24h.com.br\\\/wp-content\\\/uploads\\\/2025\\\/10\\\/Sem-titulo-252.jpg?fit=640%2C460&ssl=1\",\"width\":640,\"height\":460},\"datePublished\":\"2025-10-21T06:57:39-03:00\",\"dateModified\":\"2025-10-21T06:57:41-03:00\",\"inLanguage\":\"pt-BR\",\"mainEntityOfPage\":{\"@id\":\"https:\\\/\\\/minutobahia24h.com.br\\\/?p=36746#webpage\"},\"isPartOf\":{\"@id\":\"https:\\\/\\\/minutobahia24h.com.br\\\/?p=36746#webpage\"},\"articleSection\":\"Regional\"},{\"@type\":\"BreadcrumbList\",\"@id\":\"https:\\\/\\\/minutobahia24h.com.br\\\/?p=36746#breadcrumblist\",\"itemListElement\":[{\"@type\":\"ListItem\",\"@id\":\"https:\\\/\\\/minutobahia24h.com.br#listItem\",\"position\":1,\"name\":\"In\\u00edcio\",\"item\":\"https:\\\/\\\/minutobahia24h.com.br\",\"nextItem\":{\"@type\":\"ListItem\",\"@id\":\"https:\\\/\\\/minutobahia24h.com.br\\\/?cat=3#listItem\",\"name\":\"Regional\"}},{\"@type\":\"ListItem\",\"@id\":\"https:\\\/\\\/minutobahia24h.com.br\\\/?cat=3#listItem\",\"position\":2,\"name\":\"Regional\",\"item\":\"https:\\\/\\\/minutobahia24h.com.br\\\/?cat=3\",\"nextItem\":{\"@type\":\"ListItem\",\"@id\":\"https:\\\/\\\/minutobahia24h.com.br\\\/?p=36746#listItem\",\"name\":\"Confirmado Ciel Rodrigues na 4\\u00ba Edi\\u00e7\\u00e3o da Farota da Andorinha da Zueira\"},\"previousItem\":{\"@type\":\"ListItem\",\"@id\":\"https:\\\/\\\/minutobahia24h.com.br#listItem\",\"name\":\"In\\u00edcio\"}},{\"@type\":\"ListItem\",\"@id\":\"https:\\\/\\\/minutobahia24h.com.br\\\/?p=36746#listItem\",\"position\":3,\"name\":\"Confirmado Ciel Rodrigues na 4\\u00ba Edi\\u00e7\\u00e3o da Farota da Andorinha da Zueira\",\"previousItem\":{\"@type\":\"ListItem\",\"@id\":\"https:\\\/\\\/minutobahia24h.com.br\\\/?cat=3#listItem\",\"name\":\"Regional\"}}]},{\"@type\":\"Organization\",\"@id\":\"https:\\\/\\\/minutobahia24h.com.br\\\/#organization\",\"name\":\"Minuto Bahia 24h\",\"description\":\"O seu portal de not\\u00edcias\",\"url\":\"https:\\\/\\\/minutobahia24h.com.br\\\/\",\"logo\":{\"@type\":\"ImageObject\",\"url\":\"https:\\\/\\\/i0.wp.com\\\/minutobahia24h.com.br\\\/wp-content\\\/uploads\\\/2023\\\/09\\\/cropped-minutoba.png?fit=457%2C119&ssl=1\",\"@id\":\"https:\\\/\\\/minutobahia24h.com.br\\\/?p=36746\\\/#organizationLogo\",\"width\":457,\"height\":119},\"image\":{\"@id\":\"https:\\\/\\\/minutobahia24h.com.br\\\/?p=36746\\\/#organizationLogo\"}},{\"@type\":\"Person\",\"@id\":\"https:\\\/\\\/minutobahia24h.com.br\\\/?author=2#author\",\"url\":\"https:\\\/\\\/minutobahia24h.com.br\\\/?author=2\",\"name\":\"andre\",\"image\":{\"@type\":\"ImageObject\",\"@id\":\"https:\\\/\\\/minutobahia24h.com.br\\\/?p=36746#authorImage\",\"url\":\"https:\\\/\\\/secure.gravatar.com\\\/avatar\\\/0ec5eafed5f3925c321625d79a680d589901b94bca787ae396a35f6c4a960922?s=96&d=mm&r=g\",\"width\":96,\"height\":96,\"caption\":\"andre\"}},{\"@type\":\"WebPage\",\"@id\":\"https:\\\/\\\/minutobahia24h.com.br\\\/?p=36746#webpage\",\"url\":\"https:\\\/\\\/minutobahia24h.com.br\\\/?p=36746\",\"name\":\"Confirmado Ciel Rodrigues na 4\\u00ba Edi\\u00e7\\u00e3o da Farota da Andorinha da Zueira - Minuto Bahia 24h\",\"description\":\"O perfil oficial da Andorinha da Zueira anunciou nesta segunda-feira (20) a primeira atra\\u00e7\\u00e3o da 4\\u00aa edi\\u00e7\\u00e3o da Farofa Andorinha da Zueira 2026. O cantor Ciel Rodrigues foi confirmado como uma das grandes atra\\u00e7\\u00f5es do evento, que ser\\u00e1 realizado no dia 31 de janeiro, no Espa\\u00e7o do Ti\\u00e3o Pared\\u00e3o, em Andorinha (BA). Reconhecida como uma das festas mais animadas do in\\u00edcio do ano\",\"inLanguage\":\"pt-BR\",\"isPartOf\":{\"@id\":\"https:\\\/\\\/minutobahia24h.com.br\\\/#website\"},\"breadcrumb\":{\"@id\":\"https:\\\/\\\/minutobahia24h.com.br\\\/?p=36746#breadcrumblist\"},\"author\":{\"@id\":\"https:\\\/\\\/minutobahia24h.com.br\\\/?author=2#author\"},\"creator\":{\"@id\":\"https:\\\/\\\/minutobahia24h.com.br\\\/?author=2#author\"},\"image\":{\"@type\":\"ImageObject\",\"url\":\"https:\\\/\\\/i0.wp.com\\\/minutobahia24h.com.br\\\/wp-content\\\/uploads\\\/2025\\\/10\\\/Sem-titulo-252.jpg?fit=640%2C460&ssl=1\",\"@id\":\"https:\\\/\\\/minutobahia24h.com.br\\\/?p=36746\\\/#mainImage\",\"width\":640,\"height\":460},\"primaryImageOfPage\":{\"@id\":\"https:\\\/\\\/minutobahia24h.com.br\\\/?p=36746#mainImage\"},\"datePublished\":\"2025-10-21T06:57:39-03:00\",\"dateModified\":\"2025-10-21T06:57:41-03:00\"},{\"@type\":\"WebSite\",\"@id\":\"https:\\\/\\\/minutobahia24h.com.br\\\/#website\",\"url\":\"https:\\\/\\\/minutobahia24h.com.br\\\/\",\"name\":\"Minuto Bahia 24h\",\"description\":\"O seu portal de not\\u00edcias\",\"inLanguage\":\"pt-BR\",\"publisher\":{\"@id\":\"https:\\\/\\\/minutobahia24h.com.br\\\/#organization\"}}]}\n\t\t<\/script>\n\t\t<!-- All in One SEO -->\n\n","aioseo_head_json":{"title":"Confirmado Ciel Rodrigues na 4\u00ba Edi\u00e7\u00e3o da Farota da Andorinha da Zueira - Minuto Bahia 24h","description":"O perfil oficial da Andorinha da Zueira anunciou nesta segunda-feira (20) a primeira atra\u00e7\u00e3o da 4\u00aa edi\u00e7\u00e3o da Farofa Andorinha da Zueira 2026. O cantor Ciel Rodrigues foi confirmado como uma das grandes atra\u00e7\u00f5es do evento, que ser\u00e1 realizado no dia 31 de janeiro, no Espa\u00e7o do Ti\u00e3o Pared\u00e3o, em Andorinha (BA). Reconhecida como uma das festas mais animadas do in\u00edcio do ano","canonical_url":"https:\/\/minutobahia24h.com.br\/?p=36746","robots":"max-image-preview:large","keywords":"","webmasterTools":{"miscellaneous":""},"schema":{"@context":"https:\/\/schema.org","@graph":[{"@type":"BlogPosting","@id":"https:\/\/minutobahia24h.com.br\/?p=36746#blogposting","name":"Confirmado Ciel Rodrigues na 4\u00ba Edi\u00e7\u00e3o da Farota da Andorinha da Zueira - Minuto Bahia 24h","headline":"Confirmado Ciel Rodrigues na 4\u00ba Edi\u00e7\u00e3o da Farota da Andorinha da Zueira","author":{"@id":"https:\/\/minutobahia24h.com.br\/?author=2#author"},"publisher":{"@id":"https:\/\/minutobahia24h.com.br\/#organization"},"image":{"@type":"ImageObject","url":"https:\/\/i0.wp.com\/minutobahia24h.com.br\/wp-content\/uploads\/2025\/10\/Sem-titulo-252.jpg?fit=640%2C460&ssl=1","width":640,"height":460},"datePublished":"2025-10-21T06:57:39-03:00","dateModified":"2025-10-21T06:57:41-03:00","inLanguage":"pt-BR","mainEntityOfPage":{"@id":"https:\/\/minutobahia24h.com.br\/?p=36746#webpage"},"isPartOf":{"@id":"https:\/\/minutobahia24h.com.br\/?p=36746#webpage"},"articleSection":"Regional"},{"@type":"BreadcrumbList","@id":"https:\/\/minutobahia24h.com.br\/?p=36746#breadcrumblist","itemListElement":[{"@type":"ListItem","@id":"https:\/\/minutobahia24h.com.br#listItem","position":1,"name":"In\u00edcio","item":"https:\/\/minutobahia24h.com.br","nextItem":{"@type":"ListItem","@id":"https:\/\/minutobahia24h.com.br\/?cat=3#listItem","name":"Regional"}},{"@type":"ListItem","@id":"https:\/\/minutobahia24h.com.br\/?cat=3#listItem","position":2,"name":"Regional","item":"https:\/\/minutobahia24h.com.br\/?cat=3","nextItem":{"@type":"ListItem","@id":"https:\/\/minutobahia24h.com.br\/?p=36746#listItem","name":"Confirmado Ciel Rodrigues na 4\u00ba Edi\u00e7\u00e3o da Farota da Andorinha da Zueira"},"previousItem":{"@type":"ListItem","@id":"https:\/\/minutobahia24h.com.br#listItem","name":"In\u00edcio"}},{"@type":"ListItem","@id":"https:\/\/minutobahia24h.com.br\/?p=36746#listItem","position":3,"name":"Confirmado Ciel Rodrigues na 4\u00ba Edi\u00e7\u00e3o da Farota da Andorinha da Zueira","previousItem":{"@type":"ListItem","@id":"https:\/\/minutobahia24h.com.br\/?cat=3#listItem","name":"Regional"}}]},{"@type":"Organization","@id":"https:\/\/minutobahia24h.com.br\/#organization","name":"Minuto Bahia 24h","description":"O seu portal de not\u00edcias","url":"https:\/\/minutobahia24h.com.br\/","logo":{"@type":"ImageObject","url":"https:\/\/i0.wp.com\/minutobahia24h.com.br\/wp-content\/uploads\/2023\/09\/cropped-minutoba.png?fit=457%2C119&ssl=1","@id":"https:\/\/minutobahia24h.com.br\/?p=36746\/#organizationLogo","width":457,"height":119},"image":{"@id":"https:\/\/minutobahia24h.com.br\/?p=36746\/#organizationLogo"}},{"@type":"Person","@id":"https:\/\/minutobahia24h.com.br\/?author=2#author","url":"https:\/\/minutobahia24h.com.br\/?author=2","name":"andre","image":{"@type":"ImageObject","@id":"https:\/\/minutobahia24h.com.br\/?p=36746#authorImage","url":"https:\/\/secure.gravatar.com\/avatar\/0ec5eafed5f3925c321625d79a680d589901b94bca787ae396a35f6c4a960922?s=96&d=mm&r=g","width":96,"height":96,"caption":"andre"}},{"@type":"WebPage","@id":"https:\/\/minutobahia24h.com.br\/?p=36746#webpage","url":"https:\/\/minutobahia24h.com.br\/?p=36746","name":"Confirmado Ciel Rodrigues na 4\u00ba Edi\u00e7\u00e3o da Farota da Andorinha da Zueira - Minuto Bahia 24h","description":"O perfil oficial da Andorinha da Zueira anunciou nesta segunda-feira (20) a primeira atra\u00e7\u00e3o da 4\u00aa edi\u00e7\u00e3o da Farofa Andorinha da Zueira 2026. O cantor Ciel Rodrigues foi confirmado como uma das grandes atra\u00e7\u00f5es do evento, que ser\u00e1 realizado no dia 31 de janeiro, no Espa\u00e7o do Ti\u00e3o Pared\u00e3o, em Andorinha (BA). Reconhecida como uma das festas mais animadas do in\u00edcio do ano","inLanguage":"pt-BR","isPartOf":{"@id":"https:\/\/minutobahia24h.com.br\/#website"},"breadcrumb":{"@id":"https:\/\/minutobahia24h.com.br\/?p=36746#breadcrumblist"},"author":{"@id":"https:\/\/minutobahia24h.com.br\/?author=2#author"},"creator":{"@id":"https:\/\/minutobahia24h.com.br\/?author=2#author"},"image":{"@type":"ImageObject","url":"https:\/\/i0.wp.com\/minutobahia24h.com.br\/wp-content\/uploads\/2025\/10\/Sem-titulo-252.jpg?fit=640%2C460&ssl=1","@id":"https:\/\/minutobahia24h.com.br\/?p=36746\/#mainImage","width":640,"height":460},"primaryImageOfPage":{"@id":"https:\/\/minutobahia24h.com.br\/?p=36746#mainImage"},"datePublished":"2025-10-21T06:57:39-03:00","dateModified":"2025-10-21T06:57:41-03:00"},{"@type":"WebSite","@id":"https:\/\/minutobahia24h.com.br\/#website","url":"https:\/\/minutobahia24h.com.br\/","name":"Minuto Bahia 24h","description":"O seu portal de not\u00edcias","inLanguage":"pt-BR","publisher":{"@id":"https:\/\/minutobahia24h.com.br\/#organization"}}]},"og:locale":"pt_BR","og:site_name":"Minuto Bahia 24h - O seu portal de not\u00edcias","og:type":"article","og:title":"Confirmado Ciel Rodrigues na 4\u00ba Edi\u00e7\u00e3o da Farota da Andorinha da Zueira - Minuto Bahia 24h","og:description":"O perfil oficial da Andorinha da Zueira anunciou nesta segunda-feira (20) a primeira atra\u00e7\u00e3o da 4\u00aa edi\u00e7\u00e3o da Farofa Andorinha da Zueira 2026. O cantor Ciel Rodrigues foi confirmado como uma das grandes atra\u00e7\u00f5es do evento, que ser\u00e1 realizado no dia 31 de janeiro, no Espa\u00e7o do Ti\u00e3o Pared\u00e3o, em Andorinha (BA). Reconhecida como uma das festas mais animadas do in\u00edcio do ano","og:url":"https:\/\/minutobahia24h.com.br\/?p=36746","og:image":"https:\/\/minutobahia24h.com.br\/wp-content\/uploads\/2025\/10\/Sem-titulo-252.jpg","og:image:secure_url":"https:\/\/minutobahia24h.com.br\/wp-content\/uploads\/2025\/10\/Sem-titulo-252.jpg","og:image:width":640,"og:image:height":460,"article:published_time":"2025-10-21T09:57:39+00:00","article:modified_time":"2025-10-21T09:57:41+00:00","twitter:card":"summary_large_image","twitter:title":"Confirmado Ciel Rodrigues na 4\u00ba Edi\u00e7\u00e3o da Farota da Andorinha da Zueira - Minuto Bahia 24h","twitter:description":"O perfil oficial da Andorinha da Zueira anunciou nesta segunda-feira (20) a primeira atra\u00e7\u00e3o da 4\u00aa edi\u00e7\u00e3o da Farofa Andorinha da Zueira 2026. O cantor Ciel Rodrigues foi confirmado como uma das grandes atra\u00e7\u00f5es do evento, que ser\u00e1 realizado no dia 31 de janeiro, no Espa\u00e7o do Ti\u00e3o Pared\u00e3o, em Andorinha (BA). Reconhecida como uma das festas mais animadas do in\u00edcio do ano","twitter:image":"https:\/\/minutobahia24h.com.br\/wp-content\/uploads\/2025\/10\/Sem-titulo-252.jpg"},"aioseo_meta_data":{"post_id":"36746","title":null,"description":null,"keywords":null,"keyphrases":{"focus":{"keyphrase":"","score":0,"analysis":{"keyphraseInTitle":{"score":0,"maxScore":9,"error":1}}},"additional":[]},"primary_term":null,"canonical_url":null,"og_title":null,"og_description":null,"og_object_type":"default","og_image_type":"default","og_image_url":null,"og_image_width":null,"og_image_height":null,"og_image_custom_url":null,"og_image_custom_fields":null,"og_video":"","og_custom_url":null,"og_article_section":null,"og_article_tags":null,"twitter_use_og":true,"twitter_card":"default","twitter_image_type":"default","twitter_image_url":null,"twitter_image_custom_url":null,"twitter_image_custom_fields":null,"twitter_title":null,"twitter_description":null,"schema":{"blockGraphs":[],"customGraphs":[],"default":{"data":{"Article":[],"Course":[],"Dataset":[],"FAQPage":[],"Movie":[],"Person":[],"Product":[],"ProductReview":[],"Car":[],"Recipe":[],"Service":[],"SoftwareApplication":[],"WebPage":[]},"graphName":"BlogPosting","isEnabled":true},"graphs":[]},"schema_type":"default","schema_type_options":null,"pillar_content":false,"robots_default":true,"robots_noindex":false,"robots_noarchive":false,"robots_nosnippet":false,"robots_nofollow":false,"robots_noimageindex":false,"robots_noodp":false,"robots_notranslate":false,"robots_max_snippet":"-1","robots_max_videopreview":"-1","robots_max_imagepreview":"large","priority":null,"frequency":"default","local_seo":null,"breadcrumb_settings":null,"limit_modified_date":false,"ai":{"faqs":[],"keyPoints":[],"titles":[],"descriptions":[],"socialPosts":{"email":[],"linkedin":[],"twitter":[],"facebook":[],"instagram":[]}},"created":"2025-10-21 09:57:41","updated":"2025-10-21 10:04:35","seo_analyzer_scan_date":null,"focus_keyword":null,"additional_keywords":null,"truseo_locale":null},"aioseo_breadcrumb":"<div class=\"aioseo-breadcrumbs\"><span class=\"aioseo-breadcrumb\">\n\t\t\t<a href=\"https:\/\/minutobahia24h.com.br\" title=\"In\u00edcio\">In\u00edcio<\/a>\n\t\t<\/span><span class=\"aioseo-breadcrumb-separator\">&raquo;<\/span><span class=\"aioseo-breadcrumb\">\n\t\t\t<a href=\"https:\/\/minutobahia24h.com.br\/?cat=3\" title=\"Regional\">Regional<\/a>\n\t\t<\/span><span class=\"aioseo-breadcrumb-separator\">&raquo;<\/span><span class=\"aioseo-breadcrumb\">\n\t\t\tConfirmado Ciel Rodrigues na 4\u00ba Edi\u00e7\u00e3o da Farota da Andorinha da Zueira\n\t\t<\/span><\/div>","aioseo_breadcrumb_json":[{"label":"In\u00edcio","link":"https:\/\/minutobahia24h.com.br"},{"label":"Regional","link":"https:\/\/minutobahia24h.com.br\/?cat=3"},{"label":"Confirmado Ciel Rodrigues na 4\u00ba Edi\u00e7\u00e3o da Farota da Andorinha da Zueira","link":"https:\/\/minutobahia24h.com.br\/?p=36746"}],"jetpack_sharing_enabled":true,"jetpack_featured_media_url":"https:\/\/i0.wp.com\/minutobahia24h.com.br\/wp-content\/uploads\/2025\/10\/Sem-titulo-252.jpg?fit=640%2C460&ssl=1","_links":{"self":[{"href":"https:\/\/minutobahia24h.com.br\/index.php?rest_route=\/wp\/v2\/posts\/36746","targetHints":{"allow":["GET"]}}],"collection":[{"href":"https:\/\/minutobahia24h.com.br\/index.php?rest_route=\/wp\/v2\/posts"}],"about":[{"href":"https:\/\/minutobahia24h.com.br\/index.php?rest_route=\/wp\/v2\/types\/post"}],"author":[{"embeddable":true,"href":"https:\/\/minutobahia24h.com.br\/index.php?rest_route=\/wp\/v2\/users\/2"}],"replies":[{"embeddable":true,"href":"https:\/\/minutobahia24h.com.br\/index.php?rest_route=%2Fwp%2Fv2%2Fcomments&post=36746"}],"version-history":[{"count":1,"href":"https:\/\/minutobahia24h.com.br\/index.php?rest_route=\/wp\/v2\/posts\/36746\/revisions"}],"predecessor-version":[{"id":36748,"href":"https:\/\/minutobahia24h.com.br\/index.php?rest_route=\/wp\/v2\/posts\/36746\/revisions\/36748"}],"wp:featuredmedia":[{"embeddable":true,"href":"https:\/\/minutobahia24h.com.br\/index.php?rest_route=\/wp\/v2\/media\/36747"}],"wp:attachment":[{"href":"https:\/\/minutobahia24h.com.br\/index.php?rest_route=%2Fwp%2Fv2%2Fmedia&parent=36746"}],"wp:term":[{"taxonomy":"category","embeddable":true,"href":"https:\/\/minutobahia24h.com.br\/index.php?rest_route=%2Fwp%2Fv2%2Fcategories&post=36746"},{"taxonomy":"post_tag","embeddable":true,"href":"https:\/\/minutobahia24h.com.br\/index.php?rest_route=%2Fwp%2Fv2%2Ftags&post=36746"}],"curies":[{"name":"wp","href":"https:\/\/api.w.org\/{rel}","templated":true}]}}