{"id":36703,"date":"2025-10-20T07:20:36","date_gmt":"2025-10-20T10:20:36","guid":{"rendered":"https:\/\/minutobahia24h.com.br\/?p=36703"},"modified":"2025-10-20T07:20:37","modified_gmt":"2025-10-20T10:20:37","slug":"com-crescente-tensao-entre-eua-e-paises-latinos-brasil-tem-de-ter-cautela-em-negociacao-com-trump-avaliam-diplomatas","status":"publish","type":"post","link":"https:\/\/minutobahia24h.com.br\/?p=36703","title":{"rendered":"Com crescente tens\u00e3o entre EUA e pa\u00edses latinos, Brasil tem de ter cautela em negocia\u00e7\u00e3o com Trump, avaliam diplomatas"},"content":{"rendered":"<div class=\"wp-block-image\">\n<figure class=\"aligncenter size-full\"><img data-recalc-dims=\"1\" fetchpriority=\"high\" decoding=\"async\" width=\"537\" height=\"301\" src=\"https:\/\/i0.wp.com\/minutobahia24h.com.br\/wp-content\/uploads\/2025\/10\/Sem-titulo-238.jpg?resize=537%2C301&#038;ssl=1\" alt=\"\" class=\"wp-image-36704\" srcset=\"https:\/\/i0.wp.com\/minutobahia24h.com.br\/wp-content\/uploads\/2025\/10\/Sem-titulo-238.jpg?w=537&amp;ssl=1 537w, https:\/\/i0.wp.com\/minutobahia24h.com.br\/wp-content\/uploads\/2025\/10\/Sem-titulo-238.jpg?resize=300%2C168&amp;ssl=1 300w\" sizes=\"(max-width: 537px) 100vw, 537px\" \/><figcaption class=\"wp-element-caption\">Trump chama Gustavo Petro, presidente da Col\u00f4mbia, de &#8216;traficante de drogas ilegal&#8217;<br><br><\/figcaption><\/figure>\n<\/div>\n\n\n<p>O governo brasileiro v\u00ea com preocupa\u00e7\u00e3o o aumento da tens\u00e3o entre os Estados Unidos e pa\u00edses da Am\u00e9rica Latina, como Venezuela e Col\u00f4mbia. Mas o alerta n\u00e3o se d\u00e1 s\u00f3 pela quest\u00e3o territorial ou de instabilidade na regi\u00e3o.<\/p>\n\n\n\n<p>A crescente troca de amea\u00e7as entre&nbsp;<a class=\"\" href=\"https:\/\/g1.globo.com\/tudo-sobre\/donald-trump\/\">Donald Trump<\/a>&nbsp;e os governos venezuelano e colombiano pode atrapalhar um momento cr\u00edtico de negocia\u00e7\u00e3o entre Brasil e Casa Branca, em que Lula e Trump tentam se entender para discutir o tarifa\u00e7o.<\/p>\n\n\n\n<p>Depois do encontro entre o ministro das Rela\u00e7\u00f5es Exteriores, Mauro Vieira, e o secret\u00e1rio de Estado dos Estados Unidos, Marco Rubio,&nbsp;<a class=\"\" href=\"https:\/\/g1.globo.com\/politica\/noticia\/2025\/10\/16\/mauro-vieira-participa-de-reuniao-de-negociacao-com-eua-sobre-tarifaco-nesta-quinta.ghtml\">na \u00faltima quinta-feira (16)<\/a>, ficou acertado que uma primeira reuni\u00e3o t\u00e9cnica, entre negociadores brasileiros e uma equipe do governo norte-americano, ser\u00e1 agendada para os pr\u00f3ximos dias, de forma virtual.<\/p>\n\n\n\n<p>O di\u00e1logo ocorre em meio a uma forte crise nas rela\u00e7\u00f5es bilaterais, iniciada em julho, quando Trump anunciou tarifas de 50% a produtos brasileiros importados pelos americanos. Os EUA alegaram que o Brasil adota pr\u00e1ticas desleais de com\u00e9rcio e promove uma &#8220;ca\u00e7a \u00e0s bruxas&#8221; contra o ex-presidente Jair Bolsonaro (PL).&nbsp;<a class=\"\" href=\"https:\/\/g1.globo.com\/economia\/noticia\/2025\/08\/06\/tarifaco-de-trump-taxas-de-50percent-contra-o-brasil-entram-em-vigor-nesta-quarta-feira.ghtml\">As tarifas entraram em vigor no in\u00edcio de agosto.<\/a><\/p>\n\n\n\n<p>A mudan\u00e7a na rela\u00e7\u00e3o entre os dois come\u00e7ou ap\u00f3s um breve encontro nos bastidores da Assembleia Geral da ONU, em 23 de setembro, e foi seguida por&nbsp;<a class=\"\" href=\"https:\/\/g1.globo.com\/politica\/noticia\/2025\/10\/06\/lula-e-trump-conversaram-por-30-minutos-e-brasileiro-pediu-ao-americano-para-rever-tarifaco.ghtml\">um telefonema de 30 minutos entre Lula e Trump no dia 6 de outubro<\/a>, no qual foram abordados temas econ\u00f4micos, incluindo o tarifa\u00e7o.<\/p>\n\n\n\n<h2 class=\"wp-block-heading\">Cr\u00edticas a pa\u00edses latino-americanos<\/h2>\n\n\n\n<p>Neste domingo (19), Trump elevou o tom da crise ao chamar o presidente colombiano, Gustavo Petro, de&nbsp;<a class=\"\" href=\"https:\/\/g1.globo.com\/mundo\/noticia\/2025\/10\/19\/trump-chama-gustavo-petro-presidente-da-colombia-de-traficante-de-drogas-ilegal.ghtml\">&#8220;traficante de drogas ilegal&#8221;<\/a>&nbsp;que incentiva a &#8220;produ\u00e7\u00e3o massiva&#8221; de entorpecentes.<\/p>\n\n\n\n<p>Ele afirmou ainda que os EUA v\u00e3o cancelar &#8220;pagamentos e subs\u00eddios em larga escala&#8221; ao pa\u00eds sul-americano e alertou Petro de que &#8220;\u00e9 melhor encerrar&#8221; as opera\u00e7\u00f5es de drogas &#8220;ou os Estados Unidos as encerrar\u00e3o por ele, e n\u00e3o ser\u00e1 feito de forma gentil&#8221;.<\/p>\n\n\n\n<p>Mais cedo, tamb\u00e9m neste domingo, Petro acusou o governo dos EUA de assassinato e exigiu respostas ap\u00f3s o mais recente ataque americano em \u00e1guas do Caribe.<\/p>\n\n\n\n<p>Os ataques ocorrem em uma regi\u00e3o pr\u00f3xima \u00e0 costa da Venezuela, onde Trump admitiu ter autorizado a\u00e7\u00f5es da Ag\u00eancia Central de Intelig\u00eancia (CIA). O governo venezuelano, que enviou ca\u00e7as, submarinos e navios de guerra, n\u00e3o descarta uma invas\u00e3o por terra.<\/p>\n\n\n\n<p>Segundo Trump, a opera\u00e7\u00e3o busca combater os cart\u00e9is de drogas venezuelanos. Os EUA tamb\u00e9m acusam o presidente do pa\u00eds,&nbsp;<a class=\"\" href=\"https:\/\/g1.globo.com\/tudo-sobre\/nicolas-maduro\/\">Nicol\u00e1s Maduro<\/a>, de liderar o Cartel de los Soles, grupo classificado recentemente pelo governo Trump como organiza\u00e7\u00e3o terrorista internacional.<\/p>\n\n\n\n<h2 class=\"wp-block-heading\">Lula pretende alertar Trump sobre Venezuela<\/h2>\n\n\n\n<p>Em meio \u00e0 escalada da tens\u00e3o,&nbsp;<a class=\"\" href=\"https:\/\/g1.globo.com\/politica\/noticia\/2025\/10\/18\/lula-pretende-fazer-apelo-a-trump-para-que-nao-intervenha-na-venezuela-dizem-auxiliares.ghtml\">Lula planeja comentar a crise na Venezuela no encontro presencial que deve ter com Trump<\/a>, ainda sem data marcada.<\/p>\n\n\n\n<p>Auxiliares afirmam que o presidente brasileiro pode usar um tom de alerta sobre a situa\u00e7\u00e3o, querendo deixar claro a Trump que&nbsp;uma interven\u00e7\u00e3o militar americana na Venezuela ir\u00e1 desestabilizar toda a regi\u00e3o, criando um cen\u00e1rio mais prop\u00edcio para o narcotr\u00e1fico.<\/p>\n\n\n\n<p>Na quarta-feira (15), o presidente dos EUA afirmou ter autorizado opera\u00e7\u00f5es secretas da CIA em territ\u00f3rio venezuelano e disse estar estudando ataques terrestres contra cart\u00e9is do pa\u00eds.<\/p>\n\n\n\n<h2 class=\"wp-block-heading\">Encontro &#8216;fundamental&#8217;<\/h2>\n\n\n\n<p>O governo brasileiro avalia que \u00e9 muito importante que a reuni\u00e3o entre Lula e Trump aconte\u00e7a ainda em 2025. Lula embarca nesta ter\u00e7a (21) para a Mal\u00e1sia, para participar da c\u00fapula da Associa\u00e7\u00e3o de Na\u00e7\u00f5es do Sudeste Asi\u00e1tico (Asean).<\/p>\n\n\n\n<p>O Planalto e o Itamaraty trabalham com a possibilidade de que o encontro bilateral aconte\u00e7a durante essa viagem, mas ainda h\u00e1 incertezas sobre a compatibilidade das agendas dos dois mandat\u00e1rios.<\/p>\n\n\n\n<p>Segundo auxiliares do governo, h\u00e1 um esfor\u00e7o em andamento para construir a reuni\u00e3o Lula-Trump este ano. Diplomatas acreditam que, uma vez realizado, o di\u00e1logo presencial em mais alto n\u00edvel, entre os dois presidentes, dar\u00e1 um norte para a discuss\u00e3o.<\/p>\n\n\n\n<p>&#8220;H\u00e1, no horizonte, muitas tentativas externas de pautar agendas paralelas e atrapalhar a rela\u00e7\u00e3o bilateral. Tem muita espa\u00e7onave desgovernada no caminho, e a presen\u00e7a dos chefes de Estado, o quanto antes, \u00e9 fundamental para impedir qualquer interfer\u00eancia&#8221;, disse uma fonte.<\/p>\n\n\n\n<p>O Pal\u00e1cio do Planalto recebeu indicativos da Casa Branca de que os americanos tamb\u00e9m enxergam como ideal organizar a reuni\u00e3o com rapidez.<\/p>\n","protected":false},"excerpt":{"rendered":"<p>O governo brasileiro v\u00ea com preocupa\u00e7\u00e3o o aumento da tens\u00e3o entre os Estados Unidos e pa\u00edses da Am\u00e9rica Latina, como Venezuela e Col\u00f4mbia. Mas o alerta n\u00e3o se d\u00e1 s\u00f3 pela quest\u00e3o territorial ou de instabilidade na regi\u00e3o. A crescente troca de amea\u00e7as entre&nbsp;Donald Trump&nbsp;e os governos venezuelano e colombiano pode atrapalhar um momento cr\u00edtico [&hellip;]<\/p>\n","protected":false},"author":2,"featured_media":36704,"comment_status":"open","ping_status":"open","sticky":false,"template":"","format":"standard","meta":{"_jetpack_memberships_contains_paid_content":false,"footnotes":""},"categories":[39],"tags":[],"class_list":["post-36703","post","type-post","status-publish","format-standard","has-post-thumbnail","hentry","category-politica"],"aioseo_notices":[],"jetpack_featured_media_url":"https:\/\/i0.wp.com\/minutobahia24h.com.br\/wp-content\/uploads\/2025\/10\/Sem-titulo-238.jpg?fit=537%2C301&ssl=1","jetpack_sharing_enabled":true,"_links":{"self":[{"href":"https:\/\/minutobahia24h.com.br\/index.php?rest_route=\/wp\/v2\/posts\/36703","targetHints":{"allow":["GET"]}}],"collection":[{"href":"https:\/\/minutobahia24h.com.br\/index.php?rest_route=\/wp\/v2\/posts"}],"about":[{"href":"https:\/\/minutobahia24h.com.br\/index.php?rest_route=\/wp\/v2\/types\/post"}],"author":[{"embeddable":true,"href":"https:\/\/minutobahia24h.com.br\/index.php?rest_route=\/wp\/v2\/users\/2"}],"replies":[{"embeddable":true,"href":"https:\/\/minutobahia24h.com.br\/index.php?rest_route=%2Fwp%2Fv2%2Fcomments&post=36703"}],"version-history":[{"count":1,"href":"https:\/\/minutobahia24h.com.br\/index.php?rest_route=\/wp\/v2\/posts\/36703\/revisions"}],"predecessor-version":[{"id":36705,"href":"https:\/\/minutobahia24h.com.br\/index.php?rest_route=\/wp\/v2\/posts\/36703\/revisions\/36705"}],"wp:featuredmedia":[{"embeddable":true,"href":"https:\/\/minutobahia24h.com.br\/index.php?rest_route=\/wp\/v2\/media\/36704"}],"wp:attachment":[{"href":"https:\/\/minutobahia24h.com.br\/index.php?rest_route=%2Fwp%2Fv2%2Fmedia&parent=36703"}],"wp:term":[{"taxonomy":"category","embeddable":true,"href":"https:\/\/minutobahia24h.com.br\/index.php?rest_route=%2Fwp%2Fv2%2Fcategories&post=36703"},{"taxonomy":"post_tag","embeddable":true,"href":"https:\/\/minutobahia24h.com.br\/index.php?rest_route=%2Fwp%2Fv2%2Ftags&post=36703"}],"curies":[{"name":"wp","href":"https:\/\/api.w.org\/{rel}","templated":true}]}}