{"id":36392,"date":"2025-10-14T06:48:45","date_gmt":"2025-10-14T09:48:45","guid":{"rendered":"https:\/\/minutobahia24h.com.br\/?p=36392"},"modified":"2025-10-14T06:48:47","modified_gmt":"2025-10-14T09:48:47","slug":"ex-prefeito-de-juazeiro-paulo-bomfim-emite-nota-de-esclarecimento-a-imprensa-e-a-populacao","status":"publish","type":"post","link":"https:\/\/minutobahia24h.com.br\/?p=36392","title":{"rendered":"Ex-prefeito de Juazeiro Paulo Bomfim emite nota de esclarecimento \u00e0 imprensa e \u00e0 popula\u00e7\u00e3o"},"content":{"rendered":"<div class=\"wp-block-image\">\n<figure class=\"aligncenter size-full\"><img data-recalc-dims=\"1\" fetchpriority=\"high\" decoding=\"async\" width=\"718\" height=\"681\" src=\"https:\/\/i0.wp.com\/minutobahia24h.com.br\/wp-content\/uploads\/2025\/10\/Sem-titulo-154.jpg?resize=718%2C681&#038;ssl=1\" alt=\"\" class=\"wp-image-36393\" srcset=\"https:\/\/i0.wp.com\/minutobahia24h.com.br\/wp-content\/uploads\/2025\/10\/Sem-titulo-154.jpg?w=718&amp;ssl=1 718w, https:\/\/i0.wp.com\/minutobahia24h.com.br\/wp-content\/uploads\/2025\/10\/Sem-titulo-154.jpg?resize=300%2C285&amp;ssl=1 300w\" sizes=\"(max-width: 718px) 100vw, 718px\" \/><\/figure>\n<\/div>\n\n\n<p>Na manh\u00e3 desta segunda-feira (13) a Rede GN replicou mat\u00e9ria veiculada pelo Jornal Atarde sobre&nbsp;den\u00fancia de&nbsp;poss\u00edveis irregularidades na convoca\u00e7\u00e3o dos aprovados no concurso p\u00fablico da Guarda Municipal de Juazeiro, realizado em 2019, ainda na gest\u00e3o de Paulo Bomfim (PCdoB), um inqu\u00e9rito foi instaurado para apurar o caso&nbsp;<a href=\"https:\/\/www.redegn.com.br\/?sessao=noticia&amp;cod_noticia=210598\">(Veja aqui).<\/a><\/p>\n\n\n\n<p>Na noite desta segunda, o ex-prefeito encaminhou nota de esclarecimento e a puiblica\u00e7\u00e3o dos convocados. Confira:<\/p>\n\n\n\n<p>Nota de Esclarecimento \u00e0 Imprensa e \u00e0 Popula\u00e7\u00e3o<\/p>\n\n\n\n<p>Em raz\u00e3o das recentes not\u00edcias que mencionam supostas irregularidades nas nomea\u00e7\u00f5es do concurso p\u00fablico para a Guarda Civil Municipal de Juazeiro, o ex-prefeito Paulo Bomfim vem a p\u00fablico prestar os devidos esclarecimentos \u00e0 sociedade juazeirense.<\/p>\n\n\n\n<p>O \u00faltimo concurso p\u00fablico destinado ao provimento de cargos da Guarda Civil Municipal foi realizado em 2016, com a oferta de 10 vagas imediatas e forma\u00e7\u00e3o de cadastro de reserva.<\/p>\n\n\n\n<p>Durante o per\u00edodo de gest\u00e3o de Paulo Bomfim (janeiro de 2017 a dezembro de 2020), todas as nomea\u00e7\u00f5es foram realizadas de forma transparente, publicadas no Di\u00e1rio Oficial do Munic\u00edpio e obedecendo rigorosamente \u00e0 ordem de classifica\u00e7\u00e3o dos candidatos aprovados, em conformidade com a legisla\u00e7\u00e3o e com os princ\u00edpios da administra\u00e7\u00e3o p\u00fablica.<\/p>\n\n\n\n<p>As \u00faltimas nomea\u00e7\u00f5es sob responsabilidade da referida gest\u00e3o ocorreram em 24 de janeiro de 2019, quando foram nomeados os 22\u00ba e 23\u00ba colocados do certame.<\/p>\n\n\n\n<p>Ressalta-se que quaisquer nomea\u00e7\u00f5es realizadas ap\u00f3s essa data ocorreram sob a responsabilidade de gest\u00f5es posteriores, especificamente durante a administra\u00e7\u00e3o da atual prefeita Suzana Ramos.<\/p>\n\n\n\n<p>Dessa forma, eventuais questionamentos ou alega\u00e7\u00f5es de irregularidades referentes a nomea\u00e7\u00f5es posteriores ao per\u00edodo de 2017\u20132020 n\u00e3o guardam qualquer rela\u00e7\u00e3o com a gest\u00e3o de Paulo Bomfim, que sempre pautou sua atua\u00e7\u00e3o pela lisura, transpar\u00eancia e absoluto respeito \u00e0 legalidade e \u00e0 popula\u00e7\u00e3o de Juazeiro.<\/p>\n\n\n\n<p>Em anexo, seguem c\u00f3pias do resultado final do concurso e das \u00faltimas nomea\u00e7\u00f5es publicadas ainda durante a gest\u00e3o do ex-prefeito, comprovando o estrito cumprimento da ordem classificat\u00f3ria.<\/p>\n\n\n\n<p>Juazeiro (BA), 13 de outubro de 2025]<\/p>\n\n\n\n<p><strong>Assessoria de Comunica\u00e7\u00e3o \u2014 Paulo Bomfim<\/strong><\/p>\n\n\n\n<p>Da reda\u00e7\u00e3o Rede GN foto de arquivo<br><\/p>\n","protected":false},"excerpt":{"rendered":"<p>Na manh\u00e3 desta segunda-feira (13) a Rede GN replicou mat\u00e9ria veiculada pelo Jornal Atarde sobre&nbsp;den\u00fancia de&nbsp;poss\u00edveis irregularidades na convoca\u00e7\u00e3o dos aprovados no concurso p\u00fablico da Guarda Municipal de Juazeiro, realizado em 2019, ainda na gest\u00e3o de Paulo Bomfim (PCdoB), um inqu\u00e9rito foi instaurado para apurar o caso&nbsp;(Veja aqui). Na noite desta segunda, o ex-prefeito encaminhou [&hellip;]<\/p>\n","protected":false},"author":2,"featured_media":36393,"comment_status":"open","ping_status":"open","sticky":false,"template":"","format":"standard","meta":{"_jetpack_memberships_contains_paid_content":false,"footnotes":""},"categories":[3],"tags":[],"class_list":["post-36392","post","type-post","status-publish","format-standard","has-post-thumbnail","hentry","category-regional"],"aioseo_notices":[],"jetpack_featured_media_url":"https:\/\/i0.wp.com\/minutobahia24h.com.br\/wp-content\/uploads\/2025\/10\/Sem-titulo-154.jpg?fit=718%2C681&ssl=1","jetpack_sharing_enabled":true,"_links":{"self":[{"href":"https:\/\/minutobahia24h.com.br\/index.php?rest_route=\/wp\/v2\/posts\/36392","targetHints":{"allow":["GET"]}}],"collection":[{"href":"https:\/\/minutobahia24h.com.br\/index.php?rest_route=\/wp\/v2\/posts"}],"about":[{"href":"https:\/\/minutobahia24h.com.br\/index.php?rest_route=\/wp\/v2\/types\/post"}],"author":[{"embeddable":true,"href":"https:\/\/minutobahia24h.com.br\/index.php?rest_route=\/wp\/v2\/users\/2"}],"replies":[{"embeddable":true,"href":"https:\/\/minutobahia24h.com.br\/index.php?rest_route=%2Fwp%2Fv2%2Fcomments&post=36392"}],"version-history":[{"count":1,"href":"https:\/\/minutobahia24h.com.br\/index.php?rest_route=\/wp\/v2\/posts\/36392\/revisions"}],"predecessor-version":[{"id":36394,"href":"https:\/\/minutobahia24h.com.br\/index.php?rest_route=\/wp\/v2\/posts\/36392\/revisions\/36394"}],"wp:featuredmedia":[{"embeddable":true,"href":"https:\/\/minutobahia24h.com.br\/index.php?rest_route=\/wp\/v2\/media\/36393"}],"wp:attachment":[{"href":"https:\/\/minutobahia24h.com.br\/index.php?rest_route=%2Fwp%2Fv2%2Fmedia&parent=36392"}],"wp:term":[{"taxonomy":"category","embeddable":true,"href":"https:\/\/minutobahia24h.com.br\/index.php?rest_route=%2Fwp%2Fv2%2Fcategories&post=36392"},{"taxonomy":"post_tag","embeddable":true,"href":"https:\/\/minutobahia24h.com.br\/index.php?rest_route=%2Fwp%2Fv2%2Ftags&post=36392"}],"curies":[{"name":"wp","href":"https:\/\/api.w.org\/{rel}","templated":true}]}}