{"id":36356,"date":"2025-10-13T07:22:53","date_gmt":"2025-10-13T10:22:53","guid":{"rendered":"https:\/\/minutobahia24h.com.br\/?p=36356"},"modified":"2025-10-13T07:23:06","modified_gmt":"2025-10-13T10:23:06","slug":"policial-militar-da-tapa-em-rosto-de-mulher-durante-festa-de-infantil-em-salvador","status":"publish","type":"post","link":"https:\/\/minutobahia24h.com.br\/?p=36356","title":{"rendered":"Policial militar d\u00e1 tapa em rosto de mulher durante festa de infantil em Salvador"},"content":{"rendered":"<div class=\"wp-block-image\">\n<figure class=\"aligncenter size-full\"><img data-recalc-dims=\"1\" fetchpriority=\"high\" decoding=\"async\" width=\"466\" height=\"613\" src=\"https:\/\/i0.wp.com\/minutobahia24h.com.br\/wp-content\/uploads\/2025\/10\/Sem-titulo-149.jpg?resize=466%2C613&#038;ssl=1\" alt=\"\" class=\"wp-image-36357\" srcset=\"https:\/\/i0.wp.com\/minutobahia24h.com.br\/wp-content\/uploads\/2025\/10\/Sem-titulo-149.jpg?w=466&amp;ssl=1 466w, https:\/\/i0.wp.com\/minutobahia24h.com.br\/wp-content\/uploads\/2025\/10\/Sem-titulo-149.jpg?resize=228%2C300&amp;ssl=1 228w\" sizes=\"(max-width: 466px) 100vw, 466px\" \/><figcaption class=\"wp-element-caption\">PM ignora pedido de crian\u00e7a e agride mulher durante festa de infantil em Salvador \u2014 Foto: Reprodu\u00e7\u00e3o\/Redes Sociais<br><\/figcaption><\/figure>\n<\/div>\n\n\n<p>Um policial militar deu um tapa no rosto de uma mulher, neste domingo (12), durante uma festa de Dia das Crian\u00e7as, no bairro de Piraj\u00e1, em\u00a0<a class=\"\" href=\"https:\/\/g1.globo.com\/ba\/bahia\/cidade\/salvador\/\">Salvador<\/a>. A agress\u00e3o ocorreu na Rua Baixa da Fonte e\u00a0foi filmada por testemunhas, que participavam do evento. Nas imagens, d\u00e1 para ver o momento em que a v\u00edtima arremessou uma lata de bebida na dire\u00e7\u00e3o de tr\u00eas militares e, em seguida, os agentes se aproximaram dela.<\/p>\n\n\n\n<p>Um dos policiais, iniciou uma discuss\u00e3o com a mulher, enquanto outros moradores do bairro tentavam afast\u00e1-lo. Entre eles, um menino,\u00a0que se colocou na frente da v\u00edtima. Mesmo assim, ocorreu o tapa. Logo depois, ao perceber que foi filmado, o policial militar chegou a tentar alcan\u00e7ar tamb\u00e9m a testemunha, mas foi impedido por outro agente, enquanto a pessoa se afastava.<\/p>\n\n\n\n<p>Em nota, a&nbsp;<a class=\"\" href=\"https:\/\/g1.globo.com\/tudo-sobre\/policia-militar\/\">Pol\u00edcia Militar<\/a>&nbsp;(PM) informou que os agentes integram a 9\u00aa Companhia Independente (CIPM) e perseguiam suspeitos, que atiraram contra a equipe, durante um patrulhamento na \u00e1rea.<\/p>\n\n\n\n<p>O posicionamento diz ainda que, diante da festa infantil, os militares n\u00e3o revidaram os tidos, por\u00e9m foram &#8220;hostilizados&#8221; por algumas pessoas que estavam no local. Segundo a PM, as imagens da a\u00e7\u00e3o est\u00e3o sob investiga\u00e7\u00e3o, em procedimentos administrativos.<\/p>\n\n\n\n<p>Inicialmente, a corpora\u00e7\u00e3o chegou a destacar que o policial envolvido na situa\u00e7\u00e3o seria afastado das atividades operacionais at\u00e9 a conclus\u00e3o das apura\u00e7\u00f5es. No entanto, em novo posicionamento, removeu a afirma\u00e7\u00e3o. Segundo a corpora\u00e7\u00e3o,&nbsp;a guarni\u00e7\u00e3o envolvida foi encaminhada \u00e0 Corregedoria da PM para prestar esclarecimentos.&nbsp;<strong><em>(Leia a \u00edntegra abaixo)<\/em><\/strong><\/p>\n\n\n\n<p>J\u00e1 a Secretaria da Seguran\u00e7a P\u00fablica (SSP-BA) informou, em nota, que foi determinada \u00e0 PM que apure imediatamente a conduta dos agentes. A pasta tamb\u00e9m repudiou as agress\u00f5es.&nbsp;<strong><em>(Leia a \u00edntegra abaixo)<\/em><\/strong><\/p>\n\n\n\n<h2 class=\"wp-block-heading\">O que diz a PM<\/h2>\n\n\n\n<p><em>&#8220;A Pol\u00edcia Militar da Bahia (PMBA) informa que, na tarde de domingo (12), por volta das 15h40, policiais militares da 9\u00aa Companhia Independente de Pol\u00edcia Militar (CIPM\/Piraj\u00e1) realizavam patrulhamento na Rua Baixa da Fonte, nas imedia\u00e7\u00f5es do final de linha de Piraj\u00e1 Velha, quando foram alvos de disparos de arma de fogo efetuados por indiv\u00edduos armados que se misturaram \u00e0 popula\u00e7\u00e3o presente em uma comemora\u00e7\u00e3o local.<\/em><\/p>\n\n\n\n<p><em>Diante da presen\u00e7a de diversas crian\u00e7as e fam\u00edlias na via, n\u00e3o houve revide por parte da guarni\u00e7\u00e3o, que adotou o acompanhamento t\u00e1tico e procedeu com o acionamento de outras equipes para garantir o controle da \u00e1rea e a seguran\u00e7a dos moradores.<\/em><\/p>\n\n\n\n<p><em>Durante a a\u00e7\u00e3o, os policiais militares foram hostilizados por algumas pessoas presentes, inclusive com o arremesso de objetos, o que refor\u00e7ou o cen\u00e1rio de tens\u00e3o enfrentado pelas equipes na condu\u00e7\u00e3o da ocorr\u00eancia.<\/em><\/p>\n\n\n\n<p><em>A Corpora\u00e7\u00e3o informa que as imagens divulgadas nas redes sociais est\u00e3o sendo analisadas e que, por determina\u00e7\u00e3o do Comando da PMBA, a guarni\u00e7\u00e3o envolvida foi encaminhada \u00e0 Corregedoria para prestar esclarecimentos, por meio dos procedimentos administrativos cab\u00edveis.<\/em><\/p>\n\n\n\n<p><em>O Comando da PMBA registra que, ao longo do fim de semana, unidades da Corpora\u00e7\u00e3o realizaram diversas a\u00e7\u00f5es sociais em alus\u00e3o ao Dia das Crian\u00e7as, tanto na capital quanto no interior, refor\u00e7ando o car\u00e1ter comunit\u00e1rio e preventivo da Institui\u00e7\u00e3o. Registra, ainda, que lamenta o fato ocorrido com a guarni\u00e7\u00e3o durante o cumprimento de sua miss\u00e3o de garantir a seguran\u00e7a da popula\u00e7\u00e3o.<\/em><\/p>\n\n\n\n<p><em>A PMBA reitera que atua de forma t\u00e9cnica e proporcional, observando os protocolos operacionais, o respeito aos direitos humanos e a preserva\u00e7\u00e3o da vida&#8221;.<\/em><\/p>\n\n\n\n<h2 class=\"wp-block-heading\">O que diz a SSP-BA<\/h2>\n\n\n\n<p><em>&#8220;A Secretaria da Seguran\u00e7a P\u00fablica ressalta que determinou \u00e0 Pol\u00edcia Militar apura\u00e7\u00e3o imediata da conduta de agentes do Estado no bairro de Piraj\u00e1, em Salvador. Enfatiza ainda que, apesar do arremesso de objetos por populares relatado pelos policiais, repudia as agress\u00f5es flagradas em um v\u00eddeo e esclarece que n\u00e3o \u00e9 esse o modelo de policiamento determinado pelo Comando da PM. Acrescenta que toda a ocorr\u00eancia ser\u00e1 analisada pela Corregedoria da institui\u00e7\u00e3o. Destaca, por fim, que tem investido na capacita\u00e7\u00e3o continuada das For\u00e7as da Seguran\u00e7a P\u00fablica, visando a qualifica\u00e7\u00e3o do atendimento \u00e0 popula\u00e7\u00e3o&#8221;.<\/em><\/p>\n\n\n\n<p><em>Veja mais not\u00edcias do estado no&nbsp;<\/em><a class=\"\" href=\"https:\/\/g1.globo.com\/ba\/bahia\/ultimas-noticias\/\"><strong><em>g1 Bahia<\/em><\/strong><\/a><em>.<\/em><\/p>\n","protected":false},"excerpt":{"rendered":"<p>Um policial militar deu um tapa no rosto de uma mulher, neste domingo (12), durante uma festa de Dia das Crian\u00e7as, no bairro de Piraj\u00e1, em\u00a0Salvador. A agress\u00e3o ocorreu na Rua Baixa da Fonte e\u00a0foi filmada por testemunhas, que participavam do evento. Nas imagens, d\u00e1 para ver o momento em que a v\u00edtima arremessou uma [&hellip;]<\/p>\n","protected":false},"author":2,"featured_media":36357,"comment_status":"open","ping_status":"open","sticky":false,"template":"","format":"standard","meta":{"_jetpack_memberships_contains_paid_content":false,"footnotes":""},"categories":[46],"tags":[],"class_list":["post-36356","post","type-post","status-publish","format-standard","has-post-thumbnail","hentry","category-noticia"],"aioseo_notices":[],"jetpack_featured_media_url":"https:\/\/i0.wp.com\/minutobahia24h.com.br\/wp-content\/uploads\/2025\/10\/Sem-titulo-149.jpg?fit=466%2C613&ssl=1","jetpack_sharing_enabled":true,"_links":{"self":[{"href":"https:\/\/minutobahia24h.com.br\/index.php?rest_route=\/wp\/v2\/posts\/36356","targetHints":{"allow":["GET"]}}],"collection":[{"href":"https:\/\/minutobahia24h.com.br\/index.php?rest_route=\/wp\/v2\/posts"}],"about":[{"href":"https:\/\/minutobahia24h.com.br\/index.php?rest_route=\/wp\/v2\/types\/post"}],"author":[{"embeddable":true,"href":"https:\/\/minutobahia24h.com.br\/index.php?rest_route=\/wp\/v2\/users\/2"}],"replies":[{"embeddable":true,"href":"https:\/\/minutobahia24h.com.br\/index.php?rest_route=%2Fwp%2Fv2%2Fcomments&post=36356"}],"version-history":[{"count":1,"href":"https:\/\/minutobahia24h.com.br\/index.php?rest_route=\/wp\/v2\/posts\/36356\/revisions"}],"predecessor-version":[{"id":36358,"href":"https:\/\/minutobahia24h.com.br\/index.php?rest_route=\/wp\/v2\/posts\/36356\/revisions\/36358"}],"wp:featuredmedia":[{"embeddable":true,"href":"https:\/\/minutobahia24h.com.br\/index.php?rest_route=\/wp\/v2\/media\/36357"}],"wp:attachment":[{"href":"https:\/\/minutobahia24h.com.br\/index.php?rest_route=%2Fwp%2Fv2%2Fmedia&parent=36356"}],"wp:term":[{"taxonomy":"category","embeddable":true,"href":"https:\/\/minutobahia24h.com.br\/index.php?rest_route=%2Fwp%2Fv2%2Fcategories&post=36356"},{"taxonomy":"post_tag","embeddable":true,"href":"https:\/\/minutobahia24h.com.br\/index.php?rest_route=%2Fwp%2Fv2%2Ftags&post=36356"}],"curies":[{"name":"wp","href":"https:\/\/api.w.org\/{rel}","templated":true}]}}