{"id":36351,"date":"2025-10-13T07:00:42","date_gmt":"2025-10-13T10:00:42","guid":{"rendered":"https:\/\/minutobahia24h.com.br\/?p=36351"},"modified":"2025-10-13T07:00:44","modified_gmt":"2025-10-13T10:00:44","slug":"vereador-jeorge-catatau-participa-do-lancamento-do-programa-mais-especialistas-e-solicita-torre-de-video-para-o-hdam","status":"publish","type":"post","link":"https:\/\/minutobahia24h.com.br\/?p=36351","title":{"rendered":"Vereador Jeorge Catatau participa do lan\u00e7amento do programa \u201cMais Especialistas\u201d e solicita torre de v\u00eddeo para o HDAM"},"content":{"rendered":"<div class=\"wp-block-image\">\n<figure class=\"aligncenter size-large\"><img data-recalc-dims=\"1\" fetchpriority=\"high\" decoding=\"async\" width=\"728\" height=\"1024\" src=\"https:\/\/i0.wp.com\/minutobahia24h.com.br\/wp-content\/uploads\/2025\/10\/WhatsApp-Image-2025-10-10-at-15.21.21-1-728x1024.jpeg?resize=728%2C1024&#038;ssl=1\" alt=\"\" class=\"wp-image-36352\" srcset=\"https:\/\/i0.wp.com\/minutobahia24h.com.br\/wp-content\/uploads\/2025\/10\/WhatsApp-Image-2025-10-10-at-15.21.21-1.jpeg?resize=728%2C1024&amp;ssl=1 728w, https:\/\/i0.wp.com\/minutobahia24h.com.br\/wp-content\/uploads\/2025\/10\/WhatsApp-Image-2025-10-10-at-15.21.21-1.jpeg?resize=213%2C300&amp;ssl=1 213w, https:\/\/i0.wp.com\/minutobahia24h.com.br\/wp-content\/uploads\/2025\/10\/WhatsApp-Image-2025-10-10-at-15.21.21-1.jpeg?resize=768%2C1080&amp;ssl=1 768w, https:\/\/i0.wp.com\/minutobahia24h.com.br\/wp-content\/uploads\/2025\/10\/WhatsApp-Image-2025-10-10-at-15.21.21-1.jpeg?resize=750%2C1055&amp;ssl=1 750w, https:\/\/i0.wp.com\/minutobahia24h.com.br\/wp-content\/uploads\/2025\/10\/WhatsApp-Image-2025-10-10-at-15.21.21-1.jpeg?w=1006&amp;ssl=1 1006w\" sizes=\"(max-width: 728px) 100vw, 728px\" \/><\/figure>\n<\/div>\n\n\n<p>Na \u00faltima sexta-feira (10), o vereador Jeorge Catatau marcou presen\u00e7a no lan\u00e7amento oficial do programa Mais Especialistas, uma iniciativa do Governo Federal que conta com o apoio do Governo da Bahia. Senhor do Bonfim foi escolhida para o in\u00edcio das atividades, que ter\u00e3o dura\u00e7\u00e3o de 30 dias. Durante o evento, o vereador entregou um of\u00edcio \u00e0 representante do Minist\u00e9rio da Sa\u00fade, Joana Paolli, e ao representante da Secretaria Estadual de Sa\u00fade, Paulo Barbosa, solicitando, em nome da popula\u00e7\u00e3o bonfinense, uma torre de v\u00eddeo para o centro cir\u00fargico do Hospital e Maternidade Dom Ant\u00f4nio Monteiro.<\/p>\n\n\n\n<p>Segundo Catatau, o equipamento \u00e9 essencial para melhorar a qualidade dos procedimentos cir\u00fargicos realizados na unidade hospitalar. A torre de v\u00eddeo permite a realiza\u00e7\u00e3o de cirurgias minimamente invasivas, com o uso de c\u00e2mera de alta resolu\u00e7\u00e3o, monitor, fonte de luz e insuflador. Isso proporciona uma recupera\u00e7\u00e3o mais r\u00e1pida aos pacientes, al\u00e9m de menor risco de complica\u00e7\u00f5es.<\/p>\n\n\n\n<figure class=\"wp-block-gallery has-nested-images columns-default is-cropped wp-block-gallery-1 is-layout-flex wp-block-gallery-is-layout-flex\">\n<figure class=\"wp-block-image size-large\"><img data-recalc-dims=\"1\" decoding=\"async\" width=\"768\" height=\"1024\" data-id=\"36353\" src=\"https:\/\/i0.wp.com\/minutobahia24h.com.br\/wp-content\/uploads\/2025\/10\/WhatsApp-Image-2025-10-10-at-14.52.54-768x1024.jpeg?resize=768%2C1024&#038;ssl=1\" alt=\"\" class=\"wp-image-36353\" srcset=\"https:\/\/i0.wp.com\/minutobahia24h.com.br\/wp-content\/uploads\/2025\/10\/WhatsApp-Image-2025-10-10-at-14.52.54.jpeg?resize=768%2C1024&amp;ssl=1 768w, https:\/\/i0.wp.com\/minutobahia24h.com.br\/wp-content\/uploads\/2025\/10\/WhatsApp-Image-2025-10-10-at-14.52.54.jpeg?resize=225%2C300&amp;ssl=1 225w, https:\/\/i0.wp.com\/minutobahia24h.com.br\/wp-content\/uploads\/2025\/10\/WhatsApp-Image-2025-10-10-at-14.52.54.jpeg?resize=1152%2C1536&amp;ssl=1 1152w, https:\/\/i0.wp.com\/minutobahia24h.com.br\/wp-content\/uploads\/2025\/10\/WhatsApp-Image-2025-10-10-at-14.52.54.jpeg?resize=750%2C1000&amp;ssl=1 750w, https:\/\/i0.wp.com\/minutobahia24h.com.br\/wp-content\/uploads\/2025\/10\/WhatsApp-Image-2025-10-10-at-14.52.54.jpeg?resize=1140%2C1520&amp;ssl=1 1140w, https:\/\/i0.wp.com\/minutobahia24h.com.br\/wp-content\/uploads\/2025\/10\/WhatsApp-Image-2025-10-10-at-14.52.54.jpeg?w=1200&amp;ssl=1 1200w\" sizes=\"(max-width: 768px) 100vw, 768px\" \/><\/figure>\n\n\n\n<figure class=\"wp-block-image size-large\"><img data-recalc-dims=\"1\" decoding=\"async\" width=\"768\" height=\"1024\" data-id=\"36354\" src=\"https:\/\/i0.wp.com\/minutobahia24h.com.br\/wp-content\/uploads\/2025\/10\/WhatsApp-Image-2025-10-10-at-14.52.55-768x1024.jpeg?resize=768%2C1024&#038;ssl=1\" alt=\"\" class=\"wp-image-36354\" srcset=\"https:\/\/i0.wp.com\/minutobahia24h.com.br\/wp-content\/uploads\/2025\/10\/WhatsApp-Image-2025-10-10-at-14.52.55.jpeg?resize=768%2C1024&amp;ssl=1 768w, https:\/\/i0.wp.com\/minutobahia24h.com.br\/wp-content\/uploads\/2025\/10\/WhatsApp-Image-2025-10-10-at-14.52.55.jpeg?resize=225%2C300&amp;ssl=1 225w, https:\/\/i0.wp.com\/minutobahia24h.com.br\/wp-content\/uploads\/2025\/10\/WhatsApp-Image-2025-10-10-at-14.52.55.jpeg?resize=1152%2C1536&amp;ssl=1 1152w, https:\/\/i0.wp.com\/minutobahia24h.com.br\/wp-content\/uploads\/2025\/10\/WhatsApp-Image-2025-10-10-at-14.52.55.jpeg?resize=750%2C1000&amp;ssl=1 750w, https:\/\/i0.wp.com\/minutobahia24h.com.br\/wp-content\/uploads\/2025\/10\/WhatsApp-Image-2025-10-10-at-14.52.55.jpeg?resize=1140%2C1520&amp;ssl=1 1140w, https:\/\/i0.wp.com\/minutobahia24h.com.br\/wp-content\/uploads\/2025\/10\/WhatsApp-Image-2025-10-10-at-14.52.55.jpeg?w=1200&amp;ssl=1 1200w\" sizes=\"(max-width: 768px) 100vw, 768px\" \/><\/figure>\n<\/figure>\n\n\n\n<p>Joana Paolli se comprometeu a encaminhar a demanda. \u201cRecebi essa solicita\u00e7\u00e3o do vereador Jeorge Catatau e agora irei levar essa demanda \u00e0 Superintend\u00eancia do Minist\u00e9rio da Sa\u00fade em Salvador, onde ser\u00e1 dado o andamento para a \u00e1rea t\u00e9cnica e, posteriormente, ao gabinete do Ministro da Sa\u00fade. Faremos os tr\u00e2mites necess\u00e1rios e espero atender essa demanda o mais r\u00e1pido poss\u00edvel\u201d.<\/p>\n\n\n\n<p>O programa Agora tem Especialistas<strong>, <\/strong>tem como principal objetivo reduzir o tempo de espera por atendimento especializado no Sistema \u00danico de Sa\u00fade (SUS). Para isso, promove a realiza\u00e7\u00e3o de mutir\u00f5es, consultas especializadas e exames com o suporte de unidades m\u00f3veis de sa\u00fade (carretas).<\/p>\n\n\n\n<p>O vereador destacou a import\u00e2ncia da iniciativa para a sa\u00fade do munic\u00edpio. \u201cSem d\u00favida nenhuma, em Senhor do Bonfim existe uma grande demanda reprimida por falta de especialistas. Agora, com a chegada do programa federal, esperamos a redu\u00e7\u00e3o dessa fila de espera por exames, consultas e procedimentos, que tanto atinge o cidad\u00e3o e a cidad\u00e3 bonfinense.\u201d<\/p>\n","protected":false},"excerpt":{"rendered":"<p>Na \u00faltima sexta-feira (10), o vereador Jeorge Catatau marcou presen\u00e7a no lan\u00e7amento oficial do programa Mais Especialistas, uma iniciativa do Governo Federal que conta com o apoio do Governo da Bahia. Senhor do Bonfim foi escolhida para o in\u00edcio das atividades, que ter\u00e3o dura\u00e7\u00e3o de 30 dias. Durante o evento, o vereador entregou um of\u00edcio [&hellip;]<\/p>\n","protected":false},"author":2,"featured_media":36353,"comment_status":"open","ping_status":"open","sticky":false,"template":"","format":"standard","meta":{"_jetpack_memberships_contains_paid_content":false,"footnotes":""},"categories":[3],"tags":[],"class_list":["post-36351","post","type-post","status-publish","format-standard","has-post-thumbnail","hentry","category-regional"],"aioseo_notices":[],"jetpack_featured_media_url":"https:\/\/i0.wp.com\/minutobahia24h.com.br\/wp-content\/uploads\/2025\/10\/WhatsApp-Image-2025-10-10-at-14.52.54.jpeg?fit=1200%2C1600&ssl=1","jetpack_sharing_enabled":true,"_links":{"self":[{"href":"https:\/\/minutobahia24h.com.br\/index.php?rest_route=\/wp\/v2\/posts\/36351","targetHints":{"allow":["GET"]}}],"collection":[{"href":"https:\/\/minutobahia24h.com.br\/index.php?rest_route=\/wp\/v2\/posts"}],"about":[{"href":"https:\/\/minutobahia24h.com.br\/index.php?rest_route=\/wp\/v2\/types\/post"}],"author":[{"embeddable":true,"href":"https:\/\/minutobahia24h.com.br\/index.php?rest_route=\/wp\/v2\/users\/2"}],"replies":[{"embeddable":true,"href":"https:\/\/minutobahia24h.com.br\/index.php?rest_route=%2Fwp%2Fv2%2Fcomments&post=36351"}],"version-history":[{"count":1,"href":"https:\/\/minutobahia24h.com.br\/index.php?rest_route=\/wp\/v2\/posts\/36351\/revisions"}],"predecessor-version":[{"id":36355,"href":"https:\/\/minutobahia24h.com.br\/index.php?rest_route=\/wp\/v2\/posts\/36351\/revisions\/36355"}],"wp:featuredmedia":[{"embeddable":true,"href":"https:\/\/minutobahia24h.com.br\/index.php?rest_route=\/wp\/v2\/media\/36353"}],"wp:attachment":[{"href":"https:\/\/minutobahia24h.com.br\/index.php?rest_route=%2Fwp%2Fv2%2Fmedia&parent=36351"}],"wp:term":[{"taxonomy":"category","embeddable":true,"href":"https:\/\/minutobahia24h.com.br\/index.php?rest_route=%2Fwp%2Fv2%2Fcategories&post=36351"},{"taxonomy":"post_tag","embeddable":true,"href":"https:\/\/minutobahia24h.com.br\/index.php?rest_route=%2Fwp%2Fv2%2Ftags&post=36351"}],"curies":[{"name":"wp","href":"https:\/\/api.w.org\/{rel}","templated":true}]}}