{"id":3620,"date":"2023-11-07T18:49:54","date_gmt":"2023-11-07T21:49:54","guid":{"rendered":"https:\/\/minutobahia24h.com.br\/?p=3620"},"modified":"2023-11-07T18:49:55","modified_gmt":"2023-11-07T21:49:55","slug":"interessados-em-vaga-no-primeiro-emprego-tem-ate-esta-sexta-10-para-atualizar-cadastro","status":"publish","type":"post","link":"https:\/\/minutobahia24h.com.br\/?p=3620","title":{"rendered":"Interessados em vaga no Primeiro Emprego t\u00eam at\u00e9 esta sexta (10) para atualizar cadastro"},"content":{"rendered":"<div class=\"wp-block-image\">\n<figure class=\"aligncenter size-full\"><img data-recalc-dims=\"1\" fetchpriority=\"high\" decoding=\"async\" width=\"768\" height=\"432\" src=\"https:\/\/i0.wp.com\/minutobahia24h.com.br\/wp-content\/uploads\/2023\/11\/Sem-titulo1-5.jpg?resize=768%2C432&#038;ssl=1\" alt=\"\" class=\"wp-image-3622\" srcset=\"https:\/\/i0.wp.com\/minutobahia24h.com.br\/wp-content\/uploads\/2023\/11\/Sem-titulo1-5.jpg?w=768&amp;ssl=1 768w, https:\/\/i0.wp.com\/minutobahia24h.com.br\/wp-content\/uploads\/2023\/11\/Sem-titulo1-5.jpg?resize=300%2C169&amp;ssl=1 300w, https:\/\/i0.wp.com\/minutobahia24h.com.br\/wp-content\/uploads\/2023\/11\/Sem-titulo1-5.jpg?resize=750%2C422&amp;ssl=1 750w\" sizes=\"(max-width: 768px) 100vw, 768px\" \/><figcaption class=\"wp-element-caption\"><sub>Foto: GOVBA<\/sub><br><\/figcaption><\/figure>\n<\/div>\n\n\n<p>Os interessados em uma das vagas do Primeiro Emprego t\u00eam at\u00e9 esta sexta-feira (10) para atualizar os dados no cadastro do Estado. Direcionada para concluintes e egressos dos cursos t\u00e9cnicos de n\u00edvel m\u00e9dio da Rede Estadual de Educa\u00e7\u00e3o Profissional, a campanha tem como objetivo ampliar novas contrata\u00e7\u00f5es por meio do projeto, que ser\u00e3o anunciadas, em breve, pelo governo baiano.<\/p>\n\n\n\n<p>A atualiza\u00e7\u00e3o dos dados pode ser feita virtualmente, por meio do site www.primeiroemprego.setre.ba.gov.br, na escola onde o interessado realizou o curso t\u00e9cnico ou em uma das 121 unidades do SineBahia distribu\u00eddas em 103 munic\u00edpios baianos. A lista, com endere\u00e7o, telefone e hor\u00e1rio de funcionamento das unidades est\u00e1 dispon\u00edvel na p\u00e1gina do SineBahia, no site da Setre (www.setre.ba.gov.br).<\/p>\n\n\n\n<p>A base de dados do Estado conta, atualmente, com nomes de egressos de cursos t\u00e9cnicos de n\u00edvel m\u00e9dio da Rede Estadual de Educa\u00e7\u00e3o Profissional a partir de 2015. Muitas das informa\u00e7\u00f5es dispon\u00edveis, no entanto, est\u00e3o desatualizadas, dificultando o contato para convoca\u00e7\u00e3o de ex-alunos.<\/p>\n\n\n\n<p>Para participar do projeto Primeiro Emprego, \u00e9 preciso n\u00e3o s\u00f3 ter conclu\u00eddo o curso t\u00e9cnico na rede estadual como ter realizado est\u00e1gio na \u00e1rea da sua forma\u00e7\u00e3o. Ficam de fora da sele\u00e7\u00e3o apenas ex-alunos que tenham atuado profissionalmente na \u00e1rea do curso, com carteira assinada e por mais de doze meses. A convoca\u00e7\u00e3o segue a ordem de classifica\u00e7\u00e3o do ranking de notas da Secretaria de Educa\u00e7\u00e3o do Estado, de acordo com as vagas dispon\u00edveis para cada forma\u00e7\u00e3o e com prioridade para pessoas com defici\u00eancia.<\/p>\n\n\n\n<p>blogdoeloiltoncajuhy<\/p>\n","protected":false},"excerpt":{"rendered":"<p>Os interessados em uma das vagas do Primeiro Emprego t\u00eam at\u00e9 esta sexta-feira (10) para atualizar os dados no cadastro do Estado. Direcionada para concluintes e egressos dos cursos t\u00e9cnicos de n\u00edvel m\u00e9dio da Rede Estadual de Educa\u00e7\u00e3o Profissional, a campanha tem como objetivo ampliar novas contrata\u00e7\u00f5es por meio do projeto, que ser\u00e3o anunciadas, em [&hellip;]<\/p>\n","protected":false},"author":2,"featured_media":3622,"comment_status":"open","ping_status":"open","sticky":false,"template":"","format":"standard","meta":{"_jetpack_memberships_contains_paid_content":false,"footnotes":""},"categories":[46],"tags":[],"class_list":["post-3620","post","type-post","status-publish","format-standard","has-post-thumbnail","hentry","category-noticia"],"aioseo_notices":[],"jetpack_featured_media_url":"https:\/\/i0.wp.com\/minutobahia24h.com.br\/wp-content\/uploads\/2023\/11\/Sem-titulo1-5.jpg?fit=768%2C432&ssl=1","jetpack_sharing_enabled":true,"_links":{"self":[{"href":"https:\/\/minutobahia24h.com.br\/index.php?rest_route=\/wp\/v2\/posts\/3620","targetHints":{"allow":["GET"]}}],"collection":[{"href":"https:\/\/minutobahia24h.com.br\/index.php?rest_route=\/wp\/v2\/posts"}],"about":[{"href":"https:\/\/minutobahia24h.com.br\/index.php?rest_route=\/wp\/v2\/types\/post"}],"author":[{"embeddable":true,"href":"https:\/\/minutobahia24h.com.br\/index.php?rest_route=\/wp\/v2\/users\/2"}],"replies":[{"embeddable":true,"href":"https:\/\/minutobahia24h.com.br\/index.php?rest_route=%2Fwp%2Fv2%2Fcomments&post=3620"}],"version-history":[{"count":1,"href":"https:\/\/minutobahia24h.com.br\/index.php?rest_route=\/wp\/v2\/posts\/3620\/revisions"}],"predecessor-version":[{"id":3623,"href":"https:\/\/minutobahia24h.com.br\/index.php?rest_route=\/wp\/v2\/posts\/3620\/revisions\/3623"}],"wp:featuredmedia":[{"embeddable":true,"href":"https:\/\/minutobahia24h.com.br\/index.php?rest_route=\/wp\/v2\/media\/3622"}],"wp:attachment":[{"href":"https:\/\/minutobahia24h.com.br\/index.php?rest_route=%2Fwp%2Fv2%2Fmedia&parent=3620"}],"wp:term":[{"taxonomy":"category","embeddable":true,"href":"https:\/\/minutobahia24h.com.br\/index.php?rest_route=%2Fwp%2Fv2%2Fcategories&post=3620"},{"taxonomy":"post_tag","embeddable":true,"href":"https:\/\/minutobahia24h.com.br\/index.php?rest_route=%2Fwp%2Fv2%2Ftags&post=3620"}],"curies":[{"name":"wp","href":"https:\/\/api.w.org\/{rel}","templated":true}]}}