{"id":36142,"date":"2025-10-07T08:07:19","date_gmt":"2025-10-07T11:07:19","guid":{"rendered":"https:\/\/minutobahia24h.com.br\/?p=36142"},"modified":"2025-10-07T08:07:46","modified_gmt":"2025-10-07T11:07:46","slug":"guerra-em-gaza-completa-dois-anos-com-melhor-chance-para-paz-ate-aqui","status":"publish","type":"post","link":"https:\/\/minutobahia24h.com.br\/?p=36142","title":{"rendered":"Guerra em Gaza completa dois anos com melhor chance para paz at\u00e9 aqui"},"content":{"rendered":"<div class=\"wp-block-image\">\n<figure class=\"aligncenter size-large\"><img data-recalc-dims=\"1\" fetchpriority=\"high\" decoding=\"async\" width=\"800\" height=\"420\" src=\"https:\/\/i0.wp.com\/minutobahia24h.com.br\/wp-content\/uploads\/2025\/10\/Sem-titulo-92-1024x538.jpg?resize=800%2C420&#038;ssl=1\" alt=\"\" class=\"wp-image-36143\" srcset=\"https:\/\/i0.wp.com\/minutobahia24h.com.br\/wp-content\/uploads\/2025\/10\/Sem-titulo-92.jpg?resize=1024%2C538&amp;ssl=1 1024w, https:\/\/i0.wp.com\/minutobahia24h.com.br\/wp-content\/uploads\/2025\/10\/Sem-titulo-92.jpg?resize=300%2C158&amp;ssl=1 300w, https:\/\/i0.wp.com\/minutobahia24h.com.br\/wp-content\/uploads\/2025\/10\/Sem-titulo-92.jpg?resize=768%2C403&amp;ssl=1 768w, https:\/\/i0.wp.com\/minutobahia24h.com.br\/wp-content\/uploads\/2025\/10\/Sem-titulo-92.jpg?resize=750%2C394&amp;ssl=1 750w, https:\/\/i0.wp.com\/minutobahia24h.com.br\/wp-content\/uploads\/2025\/10\/Sem-titulo-92.jpg?resize=1140%2C599&amp;ssl=1 1140w, https:\/\/i0.wp.com\/minutobahia24h.com.br\/wp-content\/uploads\/2025\/10\/Sem-titulo-92.jpg?w=1200&amp;ssl=1 1200w\" sizes=\"(max-width: 800px) 100vw, 800px\" \/><figcaption class=\"wp-element-caption\">Foto: Unicef\/Dar Al Mussawir<br><\/figcaption><\/figure>\n<\/div>\n\n\n<p>Apesar das acusa\u00e7\u00f5es de genoc\u00eddio, de dezenas de milhares de mortes e de uma crise humanit\u00e1ria sem precedentes, a guerra na Faixa de Gaza completa dois anos nesta ter\u00e7a-feira (7) com o quadro mais promissor para a implementa\u00e7\u00e3o de uma tr\u00e9gua duradoura desde o in\u00edcio do conflito, em outubro de 2023.\u00a0<\/p>\n\n\n\n<p>Pressionados por Donald Trump e por pa\u00edses \u00e1rabes e mu\u00e7ulmanos, representantes de Israel e do grupo terrorista Hamas iniciaram nesta segunda-feira (6), no Egito, uma nova tentativa para discutir os detalhes do plano de paz proposto pelos Estados Unidos. O texto prev\u00ea, entre outros pontos, a liberta\u00e7\u00e3o dos ref\u00e9ns ainda mantidos sob o poder da fac\u00e7\u00e3o e a retirada gradual das tropas israelenses do territ\u00f3rio palestino.\u00a0<\/p>\n\n\n\n<p>Ap\u00f3s meses de impasse e sem perspectivas de cessar-fogo, diplomatas afirmam que a exaust\u00e3o militar, o colapso das condi\u00e7\u00f5es de vida e a crescente press\u00e3o internacional criaram um ambiente em que a paz voltou a ser uma possibilidade real.\u00a0<\/p>\n\n\n\n<p>&#8220;Sim, Israel est\u00e1 [diplomaticamente] mais isolado hoje&#8221;, afirma \u00e0 Folha a coronel da reserva Pnina Baruch, israelense que fez parte de equipes de negocia\u00e7\u00e3o com palestinos. &#8220;Mas, se houver um acordo e a guerra terminar, isso pode mudar.&#8221;\u00a0<\/p>\n\n\n\n<p>Baruch, que tamb\u00e9m integra o Instituto de Estudos de Seguran\u00e7a Nacional, da Universidade de Tel Aviv, diz que o distanciamento internacional \u00e9 resultado de um processo que mistura uma campanha de deslegitima\u00e7\u00e3o de Israel, a ascens\u00e3o de um discurso simplificador nas redes sociais e uma gest\u00e3o pol\u00edtica que falhou em explicar essa complexidade ao mundo. &#8220;H\u00e1 uma tend\u00eancia de enxergar tudo em preto e branco, v\u00edtima e agressor, bons e maus.&#8221;\u00a0<\/p>\n\n\n\n<p>Ao mesmo tempo, ela diz que o governo do primeiro-ministro Binyamin Netanyahu, o mais \u00e0 direita da hist\u00f3ria do pa\u00eds, agrava a situa\u00e7\u00e3o ao adotar durante o conflito uma ret\u00f3rica &#8220;combativa e racista&#8221;, nas palavras dela. &#8220;Temos ministros que falam em \u2018apagar Gaza\u2019 e \u2018expulsar palestinos\u2019. Isso d\u00e1 muni\u00e7\u00e3o a quem nos acusa de genoc\u00eddio&#8221;, diz.\u00a0<\/p>\n\n\n\n<p>Baruch se refere, sobretudo, aos ministros extremistas Itamar Ben-Gvir e Bezalel Smotrich, que sustentam a coaliz\u00e3o de Netanyahu e que, ao longo do conflito, manifestaram-se v\u00e1rias vezes de forma contr\u00e1ria ao fim da guerra. Em rela\u00e7\u00e3o \u00e0 proposta de Trump, eles afirmaram que aceitar o plano seria como assinar um acordo de rendi\u00e7\u00e3o e reconhecer a derrota de Israel no campo de batalha.\u00a0<\/p>\n\n\n\n<p>Netanyahu, por sua vez, equilibra-se entre a amea\u00e7a de colapso de sua coaliz\u00e3o e os protestos di\u00e1rios que exigem o fim dos ataques em Gaza e a assinatura de um acordo para a liberta\u00e7\u00e3o dos ref\u00e9ns.\u00a0<\/p>\n\n\n\n<p>As den\u00fancias de genoc\u00eddio tamb\u00e9m se intensificaram, impulsionadas pela conclus\u00e3o de uma comiss\u00e3o de inqu\u00e9rito das Na\u00e7\u00f5es Unidas que apontou o crime em Gaza. O governo israelense rejeitou o relat\u00f3rio, chamando as informa\u00e7\u00f5es de &#8220;falsas e politizadas&#8221;.\u00a0<\/p>\n\n\n\n<p>Para analistas, o contexto internacional ajuda a explicar o novo impulso por uma tr\u00e9gua. O isolamento de Tel Aviv, diz Ralph Wilde, professor de direito internacional do University College London, reflete uma mudan\u00e7a gradual na disposi\u00e7\u00e3o de governos ocidentais em tolerar o que ele descreve como um padr\u00e3o persistente de ilegalidades.\u00a0<\/p>\n\n\n\n<p>Para o professor, muitos pa\u00edses apenas agora come\u00e7am a reconhecer a extens\u00e3o dessas viola\u00e7\u00f5es. &#8220;O que vemos \u00e9 uma rea\u00e7\u00e3o tardia e parcial. H\u00e1 uma preocupa\u00e7\u00e3o crescente com o bloqueio de Gaza e com a viol\u00eancia dos colonos na Cisjord\u00e2nia.&#8221;\u00a0<\/p>\n\n\n\n<p>Endossar o plano de Trump, nesse contexto, \u00e9 um passo na dire\u00e7\u00e3o certa, afirma Baruch, a militar da reserva israelense. O Hamas aceitou na sexta-feira (3) partes da proposta e, no mesmo dia, o gabinete de Netanyahu afirmou que &#8220;Israel est\u00e1 preparado&#8221; para a implementa\u00e7\u00e3o imediata da primeira fase de um eventual acordo.\u00a0<\/p>\n\n\n\n<p>V\u00e1rias quest\u00f5es, no entanto, continuam sem solu\u00e7\u00e3o, incluindo se o Hamas aceitar\u00e1 se desarmar, uma das principais exig\u00eancias de Israel.\u00a0<\/p>\n\n\n\n<p>N\u00e3o \u00e0 toa, o bi\u00f3logo e ativista palestino Mazin Qumsiyeh, da Universidade de Bel\u00e9m, na Cisjord\u00e2nia, manifesta ceticismo sobre a efic\u00e1cia do plano, que ainda prev\u00ea a cria\u00e7\u00e3o de um governo tecnocr\u00e1tico palestino. &#8220;\u00c9 um plano de farsantes. Trump \u00e9 um criminoso de guerra, e Netanyahu quer transformar Gaza em neg\u00f3cio imobili\u00e1rio.&#8221;\u00a0<\/p>\n\n\n\n<p>Para ele, a paz s\u00f3 ser\u00e1 poss\u00edvel com o que chama de &#8220;descoloniza\u00e7\u00e3o real&#8221;. &#8220;Voc\u00ea n\u00e3o pode acabar com uma guerra enquanto um sistema racista permanece no poder&#8221;, diz. Ele rejeita tamb\u00e9m a solu\u00e7\u00e3o de dois Estados, defendida h\u00e1 d\u00e9cadas pela ONU. &#8220;Essa ideia \u00e9 uma miragem. N\u00e3o quero um Estado palestino fict\u00edcio; quero que o mundo boicote Israel, como fez com o apartheid na \u00c1frica do Sul.&#8221;\u00a0<\/p>\n\n\n\n<p>A guerra come\u00e7ou ap\u00f3s o mega-ataque do Hamas em 7 de outubro de 2023, quando terroristas invadiram o sul de Israel, mataram cerca de 1.200 pessoas e sequestraram mais de 250. Desde ent\u00e3o, a ofensiva israelense devastou Gaza, provocando uma cat\u00e1strofe humanit\u00e1ria. Segundo o Minist\u00e9rio da Sa\u00fade local, controlado pelo Hamas, mais de 67 mil palestinos morreram, e a maioria da popula\u00e7\u00e3o vive hoje em abrigos improvisados, sem acesso regular a \u00e1gua pot\u00e1vel, energia ou medicamentos.<\/p>\n\n\n\n<p>BN<\/p>\n","protected":false},"excerpt":{"rendered":"<p>Apesar das acusa\u00e7\u00f5es de genoc\u00eddio, de dezenas de milhares de mortes e de uma crise humanit\u00e1ria sem precedentes, a guerra na Faixa de Gaza completa dois anos nesta ter\u00e7a-feira (7) com o quadro mais promissor para a implementa\u00e7\u00e3o de uma tr\u00e9gua duradoura desde o in\u00edcio do conflito, em outubro de 2023.\u00a0 Pressionados por Donald Trump [&hellip;]<\/p>\n","protected":false},"author":2,"featured_media":36143,"comment_status":"open","ping_status":"open","sticky":false,"template":"","format":"standard","meta":{"_jetpack_memberships_contains_paid_content":false,"footnotes":""},"categories":[15],"tags":[],"class_list":["post-36142","post","type-post","status-publish","format-standard","has-post-thumbnail","hentry","category-mundo"],"aioseo_notices":[],"jetpack_featured_media_url":"https:\/\/i0.wp.com\/minutobahia24h.com.br\/wp-content\/uploads\/2025\/10\/Sem-titulo-92.jpg?fit=1200%2C630&ssl=1","jetpack_sharing_enabled":true,"_links":{"self":[{"href":"https:\/\/minutobahia24h.com.br\/index.php?rest_route=\/wp\/v2\/posts\/36142","targetHints":{"allow":["GET"]}}],"collection":[{"href":"https:\/\/minutobahia24h.com.br\/index.php?rest_route=\/wp\/v2\/posts"}],"about":[{"href":"https:\/\/minutobahia24h.com.br\/index.php?rest_route=\/wp\/v2\/types\/post"}],"author":[{"embeddable":true,"href":"https:\/\/minutobahia24h.com.br\/index.php?rest_route=\/wp\/v2\/users\/2"}],"replies":[{"embeddable":true,"href":"https:\/\/minutobahia24h.com.br\/index.php?rest_route=%2Fwp%2Fv2%2Fcomments&post=36142"}],"version-history":[{"count":2,"href":"https:\/\/minutobahia24h.com.br\/index.php?rest_route=\/wp\/v2\/posts\/36142\/revisions"}],"predecessor-version":[{"id":36145,"href":"https:\/\/minutobahia24h.com.br\/index.php?rest_route=\/wp\/v2\/posts\/36142\/revisions\/36145"}],"wp:featuredmedia":[{"embeddable":true,"href":"https:\/\/minutobahia24h.com.br\/index.php?rest_route=\/wp\/v2\/media\/36143"}],"wp:attachment":[{"href":"https:\/\/minutobahia24h.com.br\/index.php?rest_route=%2Fwp%2Fv2%2Fmedia&parent=36142"}],"wp:term":[{"taxonomy":"category","embeddable":true,"href":"https:\/\/minutobahia24h.com.br\/index.php?rest_route=%2Fwp%2Fv2%2Fcategories&post=36142"},{"taxonomy":"post_tag","embeddable":true,"href":"https:\/\/minutobahia24h.com.br\/index.php?rest_route=%2Fwp%2Fv2%2Ftags&post=36142"}],"curies":[{"name":"wp","href":"https:\/\/api.w.org\/{rel}","templated":true}]}}