{"id":36133,"date":"2025-10-07T08:01:28","date_gmt":"2025-10-07T11:01:28","guid":{"rendered":"https:\/\/minutobahia24h.com.br\/?p=36133"},"modified":"2025-10-07T08:01:29","modified_gmt":"2025-10-07T11:01:29","slug":"filho-de-brasileiro-bate-com-a-cabeca-no-chao-ao-nascer-em-hospital-de-portugal","status":"publish","type":"post","link":"https:\/\/minutobahia24h.com.br\/?p=36133","title":{"rendered":"Filho de brasileiro bate com a cabe\u00e7a no ch\u00e3o ao nascer em hospital de Portugal"},"content":{"rendered":"<div class=\"wp-block-image\">\n<figure class=\"aligncenter size-full\"><img data-recalc-dims=\"1\" fetchpriority=\"high\" decoding=\"async\" width=\"800\" height=\"740\" src=\"https:\/\/i0.wp.com\/minutobahia24h.com.br\/wp-content\/uploads\/2025\/10\/Sem-titulo-89.jpg?resize=800%2C740&#038;ssl=1\" alt=\"\" class=\"wp-image-36134\" srcset=\"https:\/\/i0.wp.com\/minutobahia24h.com.br\/wp-content\/uploads\/2025\/10\/Sem-titulo-89.jpg?w=886&amp;ssl=1 886w, https:\/\/i0.wp.com\/minutobahia24h.com.br\/wp-content\/uploads\/2025\/10\/Sem-titulo-89.jpg?resize=300%2C278&amp;ssl=1 300w, https:\/\/i0.wp.com\/minutobahia24h.com.br\/wp-content\/uploads\/2025\/10\/Sem-titulo-89.jpg?resize=768%2C711&amp;ssl=1 768w, https:\/\/i0.wp.com\/minutobahia24h.com.br\/wp-content\/uploads\/2025\/10\/Sem-titulo-89.jpg?resize=750%2C694&amp;ssl=1 750w\" sizes=\"(max-width: 800px) 100vw, 800px\" \/><figcaption class=\"wp-element-caption\">Local na recep\u00e7\u00e3o do hospital onde Levi bateu com a cabe\u00e7a \u2014 Foto: Frederico Werpel Fernandes\/divulga\u00e7\u00e3o<br><\/figcaption><\/figure>\n<\/div>\n\n\n<p>O brasileiro Frederico Werpel Fernandes denunciou que seu filho, Levi, bateu com a cabe\u00e7a no ch\u00e3o ao nascer sem atendimento adequado na recep\u00e7\u00e3o de um hospital p\u00fablico de\u00a0<a class=\"\" href=\"https:\/\/oglobo.globo.com\/tudo-sobre\/pais\/portugal\">Portugal<\/a>, no \u00faltimo s\u00e1bado. Ao Portugal Giro, Frederico, consultor de marketing que afirmou que a fam\u00edlia tem resid\u00eancia legal em Portugal desde 2021, contou que o caso foi um misto de xenofobia, burocracia e despreparo:<\/p>\n\n\n\n<p>\u2014 No primeiro atendimento, rolou xenofobia. Zombaram da minha esposa por estar sentindo dores e reclamando, j\u00e1 que era o terceiro filho. N\u00e3o deram cr\u00e9dito ao que estava sentindo.<\/p>\n\n\n\n<p>\u00c9 o terceiro filho dele e de Fernanda que nasceu em Portugal. Avisaram na recep\u00e7\u00e3o do Hospital Santos Silva, em Gaia, que ela estava com dores de parto:<\/p>\n\n\n\n<p>\u2014 Foi despreparo. Eu gritando por maca, tinha policiais, bombeiros, todos olhando passivamente. Cena revoltante a ponto de todos os outros pacientes ficarem indignados \u2014 disse ele.<\/p>\n\n\n\n<p>O consultor declarou que todas as consultas foram feitas no m\u00e9dico de fam\u00edlia e que o hist\u00f3rico especificaria a r\u00e1pida dilata\u00e7\u00e3o.<\/p>\n\n\n\n<p>Frederico contou que o casal pediu monitoramento, mas no hospital n\u00e3o fizeram nenhum exame. Voltaram para casa, mas as contra\u00e7\u00f5es seguiram e obrigaram o retorno ao hospital:<\/p>\n\n\n\n<p>O brasileiro disse que apresentou queixa ao hospital, \u00e0 Inspe\u00e7\u00e3o-Geral das Atividades em Sa\u00fade (IGAS) e \u00e0 Ordem dos M\u00e9dicos, por viola\u00e7\u00e3o dos protocolos de emerg\u00eancia.<\/p>\n\n\n\n<p>\u201cA equipe ignora a situa\u00e7\u00e3o de emerg\u00eancia, obrigando a seguir procedimentos administrativos de senha e atraso no atendimento. O parto ocorreu no ch\u00e3o da recep\u00e7\u00e3o, sem assist\u00eancia m\u00e9dica adequada\u201d, escreveu na queixa.<\/p>\n\n\n\n<p>\u201cMinha esposa estava em sofrimento extremo, incapaz de permanecer sentada, mas n\u00e3o foi disponibilizada maca adequada. Foi oferecido apenas uma cadeira de rodas, inadequada para seu estado cl\u00ednico\u201d, informou na queixa.<\/p>\n\n\n\n<p>A crian\u00e7a fez exames e est\u00e1 bem, mas uma nova bateria de exames para confirmar o estado de sa\u00fade ser\u00e1 repetida hoje.<\/p>\n\n\n\n<p>\u2014Como bateu a cabe\u00e7a, fizeram duas tomografias para ver se existia alguma hemorragia interna. N\u00e3o identificaram nada. Os exames de sangue tamb\u00e9m est\u00e3o bem \u2014 disse o carioca.<\/p>\n\n\n\n<p>Frederico contou que Fernanda, que trabalha com turismo, teve alta, mas Levi seguir\u00e1 no hospital pelo menos at\u00e9 hoje:<\/p>\n\n\n\n<p>\u2014 Como ele bateu a cabe\u00e7a no ch\u00e3o, decidiram manter internado mais um dia. Amanh\u00e3, se estiver tudo bem, ele ter\u00e1 alta.<\/p>\n\n\n\n<figure class=\"wp-block-image\"><img data-recalc-dims=\"1\" decoding=\"async\" src=\"https:\/\/i0.wp.com\/s2-oglobo.glbimg.com\/hBoC4ilh7kQCo1dTNnASRl7w8yg%3D\/0x0%3A1201x1600\/984x0\/smart\/filters%3Astrip_icc%28%29\/i.s3.glbimg.com\/v1\/AUTH_da025474c0c44edd99332dddb09cabe8\/internal_photos\/bs\/2025\/y\/x\/3ddkePTMmXsouarZdhMQ\/whatsapp-image-2025-10-06-at-20.22.41.jpeg?w=800&#038;ssl=1\" alt=\"Fernanda e Frederico com os filhos no hospital \u2014 Foto: Frederico Werpel Fernandes\/divulga\u00e7\u00e3o\"\/><figcaption class=\"wp-element-caption\">Fernanda e Frederico com os filhos no hospital \u2014 Foto: Frederico Werpel Fernandes\/divulga\u00e7\u00e3o<\/figcaption><\/figure>\n\n\n\n<p>Nasceram 60 beb\u00eas em ambul\u00e2ncias em Portugal este ano. O Sistema Nacional de Sa\u00fade vive uma crise de m\u00e3o de obra e estrutura nas emerg\u00eancias de gestantes, principalmente aos finais de semana, quando parte das unidades est\u00e1 fechada.<\/p>\n\n\n\n<p>Em comunicado, o hospital informou:<\/p>\n\n\n\n<p>&#8220;De imediato, realizou-se um CTG (Cardiotocografia) onde se verificou que a paciente n\u00e3o se encontrava em fase ativa de trabalho de parto, n\u00e3o sendo previs\u00edvel, mesmo em situa\u00e7\u00f5es de gr\u00e1vidas que j\u00e1 tiveram dois partos (mult\u00edpara), uma altera\u00e7\u00e3o do quadro t\u00e3o s\u00fabita&#8221;.<\/p>\n","protected":false},"excerpt":{"rendered":"<p>O brasileiro Frederico Werpel Fernandes denunciou que seu filho, Levi, bateu com a cabe\u00e7a no ch\u00e3o ao nascer sem atendimento adequado na recep\u00e7\u00e3o de um hospital p\u00fablico de\u00a0Portugal, no \u00faltimo s\u00e1bado. Ao Portugal Giro, Frederico, consultor de marketing que afirmou que a fam\u00edlia tem resid\u00eancia legal em Portugal desde 2021, contou que o caso foi [&hellip;]<\/p>\n","protected":false},"author":2,"featured_media":36134,"comment_status":"open","ping_status":"open","sticky":false,"template":"","format":"standard","meta":{"_jetpack_memberships_contains_paid_content":false,"footnotes":""},"categories":[46],"tags":[],"class_list":["post-36133","post","type-post","status-publish","format-standard","has-post-thumbnail","hentry","category-noticia"],"aioseo_notices":[],"jetpack_featured_media_url":"https:\/\/i0.wp.com\/minutobahia24h.com.br\/wp-content\/uploads\/2025\/10\/Sem-titulo-89.jpg?fit=886%2C820&ssl=1","jetpack_sharing_enabled":true,"_links":{"self":[{"href":"https:\/\/minutobahia24h.com.br\/index.php?rest_route=\/wp\/v2\/posts\/36133","targetHints":{"allow":["GET"]}}],"collection":[{"href":"https:\/\/minutobahia24h.com.br\/index.php?rest_route=\/wp\/v2\/posts"}],"about":[{"href":"https:\/\/minutobahia24h.com.br\/index.php?rest_route=\/wp\/v2\/types\/post"}],"author":[{"embeddable":true,"href":"https:\/\/minutobahia24h.com.br\/index.php?rest_route=\/wp\/v2\/users\/2"}],"replies":[{"embeddable":true,"href":"https:\/\/minutobahia24h.com.br\/index.php?rest_route=%2Fwp%2Fv2%2Fcomments&post=36133"}],"version-history":[{"count":1,"href":"https:\/\/minutobahia24h.com.br\/index.php?rest_route=\/wp\/v2\/posts\/36133\/revisions"}],"predecessor-version":[{"id":36135,"href":"https:\/\/minutobahia24h.com.br\/index.php?rest_route=\/wp\/v2\/posts\/36133\/revisions\/36135"}],"wp:featuredmedia":[{"embeddable":true,"href":"https:\/\/minutobahia24h.com.br\/index.php?rest_route=\/wp\/v2\/media\/36134"}],"wp:attachment":[{"href":"https:\/\/minutobahia24h.com.br\/index.php?rest_route=%2Fwp%2Fv2%2Fmedia&parent=36133"}],"wp:term":[{"taxonomy":"category","embeddable":true,"href":"https:\/\/minutobahia24h.com.br\/index.php?rest_route=%2Fwp%2Fv2%2Fcategories&post=36133"},{"taxonomy":"post_tag","embeddable":true,"href":"https:\/\/minutobahia24h.com.br\/index.php?rest_route=%2Fwp%2Fv2%2Ftags&post=36133"}],"curies":[{"name":"wp","href":"https:\/\/api.w.org\/{rel}","templated":true}]}}