{"id":36130,"date":"2025-10-07T07:57:47","date_gmt":"2025-10-07T10:57:47","guid":{"rendered":"https:\/\/minutobahia24h.com.br\/?p=36130"},"modified":"2025-10-07T07:57:49","modified_gmt":"2025-10-07T10:57:49","slug":"prisao-de-binho-galinha-e-repercussao-das-investigacoes-travam-conversas-de-possivel-filiacao-ao-avante-dificil","status":"publish","type":"post","link":"https:\/\/minutobahia24h.com.br\/?p=36130","title":{"rendered":"Pris\u00e3o de Binho Galinha e repercuss\u00e3o das investiga\u00e7\u00f5es travam conversas de poss\u00edvel filia\u00e7\u00e3o ao Avante: \u201cDificil\u201d"},"content":{"rendered":"<div class=\"wp-block-image\">\n<figure class=\"aligncenter size-large\"><img data-recalc-dims=\"1\" fetchpriority=\"high\" decoding=\"async\" width=\"800\" height=\"420\" src=\"https:\/\/i0.wp.com\/minutobahia24h.com.br\/wp-content\/uploads\/2025\/10\/Sem-titulo-88-1024x538.jpg?resize=800%2C420&#038;ssl=1\" alt=\"\" class=\"wp-image-36131\" srcset=\"https:\/\/i0.wp.com\/minutobahia24h.com.br\/wp-content\/uploads\/2025\/10\/Sem-titulo-88.jpg?resize=1024%2C538&amp;ssl=1 1024w, https:\/\/i0.wp.com\/minutobahia24h.com.br\/wp-content\/uploads\/2025\/10\/Sem-titulo-88.jpg?resize=300%2C158&amp;ssl=1 300w, https:\/\/i0.wp.com\/minutobahia24h.com.br\/wp-content\/uploads\/2025\/10\/Sem-titulo-88.jpg?resize=768%2C403&amp;ssl=1 768w, https:\/\/i0.wp.com\/minutobahia24h.com.br\/wp-content\/uploads\/2025\/10\/Sem-titulo-88.jpg?resize=750%2C394&amp;ssl=1 750w, https:\/\/i0.wp.com\/minutobahia24h.com.br\/wp-content\/uploads\/2025\/10\/Sem-titulo-88.jpg?resize=1140%2C599&amp;ssl=1 1140w, https:\/\/i0.wp.com\/minutobahia24h.com.br\/wp-content\/uploads\/2025\/10\/Sem-titulo-88.jpg?w=1200&amp;ssl=1 1200w\" sizes=\"(max-width: 800px) 100vw, 800px\" \/><figcaption class=\"wp-element-caption\">Foto: Divulga\u00e7\u00e3o \/ AL-BA<br><\/figcaption><\/figure>\n<\/div>\n\n\n<p>A pris\u00e3o do deputado estadual Binho Galinha (PRD) j\u00e1 trouxe consequ\u00eancias pol\u00edticas para o parlamentar. Conforme informa\u00e7\u00f5es obtidas pelo Bahia Not\u00edcias, ele tinha conversas avan\u00e7adas para se filiar ao Avante, em negocia\u00e7\u00f5es com o presidente estadual da sigla, Ronaldo Carletto, mas, ap\u00f3s repercuss\u00e3o das investiga\u00e7\u00f5es, as tratativas foram travadas.<\/p>\n\n\n\n<p>Em conversa reservada com a reportagem, um membro do governo do estado informou que as conversas n\u00e3o poderiam avan\u00e7ar \u201cnessas condi\u00e7\u00f5es\u201d. Binho Galinha \u00e9 acusado pelo Minist\u00e9rio P\u00fablico da Bahia (MP-BA) de liderar uma mil\u00edcia no munic\u00edpio de Feira de Santana, sendo preso preventivamente na \u00faltima sexta-feira (3).<\/p>\n\n\n\n<p>\u201cEssa filia\u00e7\u00e3o, nesses termos, muito dif\u00edcil\u201d, confidenciou o membro do governo.<\/p>\n\n\n\n<p>Em 2023, o Avante\u00a0<a href=\"https:\/\/www.bahianoticias.com.br\/noticia\/283538-ronaldo-carletto-promove-reuniao-do-avante-com-presenca-de-possiveis-novos-filiados-saiba-quem-compareceu\" target=\"_blank\" rel=\"noreferrer noopener\">promoveu uma reuni\u00e3o com a presen\u00e7a de poss\u00edveis novos filiados<\/a>. No encontro estiveram deputados federais e estaduais, entre eles, Binho Galinha. Desde ent\u00e3o, o parlamentar vinha mantendo conversas com Ronaldo Carletto para se filiar \u00e0 legenda, podendo ocorrer antes mesmo da abertura da janela partid\u00e1ria por conta da fus\u00e3o entre o Patriota, antigo partido de Binho, e o PTB, fazendo surgir o PRD.<\/p>\n\n\n\n<p>Al\u00e9m disso,\u00a0Binho Galinha integrava o bloco informal de oito parlamentares, o &#8220;primeiro\u00a0G8&#8221;, que foi criado na AL-BA pela articula\u00e7\u00e3o de\u00a0Carletto. O grupo tamb\u00e9m era composto pelos\u00a0deputados Vitor Azevedo (PL), Raimundinho da JR (PL), Laerte de Vando (Podemos), Nelson Leal (PP), Felipe Duarte (PP),\u00a0e Patrick Lopes (Avante).<\/p>\n\n\n\n<p>Sobre sua perman\u00eancia no PRD, o presidente estadual na legenda, deputado Marcinho Oliveira, j\u00e1 informou \u00e0 imprensa que aguarda uma decis\u00e3o da Assembleia Legislativa da Bahia (AL-BA). Atualmente, h\u00e1 uma discuss\u00e3o interna na AL-BA se o mandato de Binho Galinha ser\u00e1 cassado \u201cde cara\u201d ou se ser\u00e1 primeiramente suspenso.<\/p>\n\n\n\n<p>RELEMBRE O CASO<br><a href=\"https:\/\/www.bahianoticias.com.br\/tags\/binho-galinha\">Binho Galinha&nbsp;<\/a>\u00e9 acusado de liderar organiza\u00e7\u00e3o criminosa, com atua\u00e7\u00e3o principalmente na regi\u00e3o de Feira de Santana. Conforme as informa\u00e7\u00f5es da&nbsp;<a href=\"https:\/\/www.bahianoticias.com.br\/municipios\/noticia\/47396-deputado-binho-galinha-e-alvo-de-operacao-contra-jogo-do-bicho-em-feira-de-santana-e-salvador-pf-bloqueia-rdollar-9-milhoes\">Opera\u00e7\u00e3o Estado An\u00f4mico<\/a>, o grupo criminoso \u00e9 respons\u00e1vel por delitos como lavagem de dinheiro, obstru\u00e7\u00e3o da justi\u00e7a, jogo do bicho, agiotagem, recepta\u00e7\u00e3o qualificada, com\u00e9rcio ilegal de armas, usurpa\u00e7\u00e3o de fun\u00e7\u00e3o p\u00fablica, embara\u00e7o a investiga\u00e7\u00f5es e tr\u00e1fico de drogas.&nbsp;<\/p>\n\n\n\n<p>A pedidos da PF, a\u00a0<a href=\"https:\/\/www.bahianoticias.com.br\/justica\/noticia\/73151-prisao-preventiva-de-binho-galinha-foi-decretada-ainda-em-agosto-apos-justica-considerar-pratica-continuada-de-crimes\">pris\u00e3o preventiva de Binho Galinha\u00a0<\/a>e mais nove integrantes do grupo criminoso foi decretada no dia 19 de agosto pela ju\u00edza M\u00e1rcia Sim\u00f5es Costa, da Vara Criminal e Crimes contra a Crian\u00e7a e o Adolescente de Feira de Santana.\u00a0<a href=\"https:\/\/www.bahianoticias.com.br\/municipios\/noticia\/47398-veja-video-de-momento-em-que-agentes-chegam-a-casa-de-binho-galinha-deputado-esta-foragido\">Um mandado de busca e apreens\u00e3o foi realizado na casa do deputado nesta segunda-feira (1\u00b0).\u00a0<\/a>Na ocasi\u00e3o, a esposa e o filho de Binho Galinha, Mayana Cerqueira da Silva e Jo\u00e3o Guilherme Cerqueira da Silva, foram presos pela PF.\u00a0<\/p>\n\n\n\n<p>O parlamentar se entregou nesta sexta-feira (3) ao Minist\u00e9rio P\u00fablico da Bahia (MP-BA) em Feira de Santana. Ele foi escoltado por equipes do Grupo de Atua\u00e7\u00e3o Especial de Combate \u00e0s Organiza\u00e7\u00f5es Criminosas (Gaeco) at\u00e9 Salvador e permanecer\u00e1 custodiado na capital.<\/p>\n\n\n\n<p>BN<\/p>\n","protected":false},"excerpt":{"rendered":"<p>A pris\u00e3o do deputado estadual Binho Galinha (PRD) j\u00e1 trouxe consequ\u00eancias pol\u00edticas para o parlamentar. Conforme informa\u00e7\u00f5es obtidas pelo Bahia Not\u00edcias, ele tinha conversas avan\u00e7adas para se filiar ao Avante, em negocia\u00e7\u00f5es com o presidente estadual da sigla, Ronaldo Carletto, mas, ap\u00f3s repercuss\u00e3o das investiga\u00e7\u00f5es, as tratativas foram travadas. Em conversa reservada com a reportagem, [&hellip;]<\/p>\n","protected":false},"author":2,"featured_media":36131,"comment_status":"open","ping_status":"open","sticky":false,"template":"","format":"standard","meta":{"_jetpack_memberships_contains_paid_content":false,"footnotes":""},"categories":[39],"tags":[],"class_list":["post-36130","post","type-post","status-publish","format-standard","has-post-thumbnail","hentry","category-politica"],"aioseo_notices":[],"jetpack_featured_media_url":"https:\/\/i0.wp.com\/minutobahia24h.com.br\/wp-content\/uploads\/2025\/10\/Sem-titulo-88.jpg?fit=1200%2C630&ssl=1","jetpack_sharing_enabled":true,"_links":{"self":[{"href":"https:\/\/minutobahia24h.com.br\/index.php?rest_route=\/wp\/v2\/posts\/36130","targetHints":{"allow":["GET"]}}],"collection":[{"href":"https:\/\/minutobahia24h.com.br\/index.php?rest_route=\/wp\/v2\/posts"}],"about":[{"href":"https:\/\/minutobahia24h.com.br\/index.php?rest_route=\/wp\/v2\/types\/post"}],"author":[{"embeddable":true,"href":"https:\/\/minutobahia24h.com.br\/index.php?rest_route=\/wp\/v2\/users\/2"}],"replies":[{"embeddable":true,"href":"https:\/\/minutobahia24h.com.br\/index.php?rest_route=%2Fwp%2Fv2%2Fcomments&post=36130"}],"version-history":[{"count":1,"href":"https:\/\/minutobahia24h.com.br\/index.php?rest_route=\/wp\/v2\/posts\/36130\/revisions"}],"predecessor-version":[{"id":36132,"href":"https:\/\/minutobahia24h.com.br\/index.php?rest_route=\/wp\/v2\/posts\/36130\/revisions\/36132"}],"wp:featuredmedia":[{"embeddable":true,"href":"https:\/\/minutobahia24h.com.br\/index.php?rest_route=\/wp\/v2\/media\/36131"}],"wp:attachment":[{"href":"https:\/\/minutobahia24h.com.br\/index.php?rest_route=%2Fwp%2Fv2%2Fmedia&parent=36130"}],"wp:term":[{"taxonomy":"category","embeddable":true,"href":"https:\/\/minutobahia24h.com.br\/index.php?rest_route=%2Fwp%2Fv2%2Fcategories&post=36130"},{"taxonomy":"post_tag","embeddable":true,"href":"https:\/\/minutobahia24h.com.br\/index.php?rest_route=%2Fwp%2Fv2%2Ftags&post=36130"}],"curies":[{"name":"wp","href":"https:\/\/api.w.org\/{rel}","templated":true}]}}