{"id":36124,"date":"2025-10-07T07:45:52","date_gmt":"2025-10-07T10:45:52","guid":{"rendered":"https:\/\/minutobahia24h.com.br\/?p=36124"},"modified":"2025-10-07T07:45:53","modified_gmt":"2025-10-07T10:45:53","slug":"popo-anuncia-aposentadoria-do-boxe-em-meio-a-lagrimas-e-desabafa-foi-vergonhoso-o-que-fizeram-comigo","status":"publish","type":"post","link":"https:\/\/minutobahia24h.com.br\/?p=36124","title":{"rendered":"Pop\u00f3 anuncia aposentadoria do boxe em meio a l\u00e1grimas e desabafa: &#8220;Foi vergonhoso o que fizeram comigo&#8221;"},"content":{"rendered":"<div class=\"wp-block-image\">\n<figure class=\"aligncenter size-large\"><img data-recalc-dims=\"1\" fetchpriority=\"high\" decoding=\"async\" width=\"800\" height=\"420\" src=\"https:\/\/i0.wp.com\/minutobahia24h.com.br\/wp-content\/uploads\/2025\/10\/Sem-titulo-86-1024x538.jpg?resize=800%2C420&#038;ssl=1\" alt=\"\" class=\"wp-image-36125\" srcset=\"https:\/\/i0.wp.com\/minutobahia24h.com.br\/wp-content\/uploads\/2025\/10\/Sem-titulo-86.jpg?resize=1024%2C538&amp;ssl=1 1024w, https:\/\/i0.wp.com\/minutobahia24h.com.br\/wp-content\/uploads\/2025\/10\/Sem-titulo-86.jpg?resize=300%2C158&amp;ssl=1 300w, https:\/\/i0.wp.com\/minutobahia24h.com.br\/wp-content\/uploads\/2025\/10\/Sem-titulo-86.jpg?resize=768%2C403&amp;ssl=1 768w, https:\/\/i0.wp.com\/minutobahia24h.com.br\/wp-content\/uploads\/2025\/10\/Sem-titulo-86.jpg?resize=750%2C394&amp;ssl=1 750w, https:\/\/i0.wp.com\/minutobahia24h.com.br\/wp-content\/uploads\/2025\/10\/Sem-titulo-86.jpg?resize=1140%2C599&amp;ssl=1 1140w, https:\/\/i0.wp.com\/minutobahia24h.com.br\/wp-content\/uploads\/2025\/10\/Sem-titulo-86.jpg?w=1200&amp;ssl=1 1200w\" sizes=\"(max-width: 800px) 100vw, 800px\" \/><figcaption class=\"wp-element-caption\">Foto: Reprodu\u00e7\u00e3o\/Instagram\/@popofreitas<br><\/figcaption><\/figure>\n<\/div>\n\n\n<p>Acelino \u201cPop\u00f3\u201d Freitas anunciou oficialmente sua aposentadoria do boxe. O comunicado foi feito na noite desta segunda-feira (6), durante o evento de divulga\u00e7\u00e3o do Fight Music Show 7, em S\u00e3o Paulo. Aos 50 anos, o tetracampe\u00e3o mundial pendura definitivamente as luvas, emocionado e com um desabafo carregado de m\u00e1goa ap\u00f3s os epis\u00f3dios que se estenderam ao fim do Spaten Fight Night 2. Retirado do card da pr\u00f3xima edi\u00e7\u00e3o do FMS, onde enfrentaria o ex-BBB Diego Alem\u00e3o, Pop\u00f3 se recupera de uma cirurgia na m\u00e3o e est\u00e1 suspenso pelo Conselho Nacional de Boxe (CNB) em raz\u00e3o da\u00a0<a href=\"https:\/\/www.bahianoticias.com.br\/esportes\/noticia\/75891-video-pancadaria-generalizada-encerra-spaten-fight-night-2-apos-popo-vencer-wanderlei-silva-por-desclassificacao\" target=\"_blank\" rel=\"noreferrer noopener\">pancadaria generalizada ocorrida na \u00faltima luta contra Wanderlei Silva.<\/a> \u00a0<\/p>\n\n\n\n<p>Durante a coletiva, o baiano n\u00e3o conteve as l\u00e1grimas e revelou que o epis\u00f3dio foi determinante para sua decis\u00e3o de encerrar a trajet\u00f3ria nos ringues. &#8220;Essa encarada aqui \u00e9 uma encarada que a gente mostra quem \u00e9 quem, tem um empurr\u00e3ozinho que \u00e9 normal, mas vamos selar a paz. A gente viu o que aconteceu na luta passada, vamos ser diferentes hoje. Vamos tocar a m\u00e3o, sem empurr\u00e3o, sem falta de respeito. Hoje aqui a gente sela a paz no nosso boxe brasileiro&#8221;, iniciou Pop\u00f3, antes de se emocionar.<\/p>\n\n\n\n<p>O ex-campe\u00e3o mundial admitiu sentir vergonha do que viveu na luta anterior e afirmou que o sentimento pesou na escolha pela aposentadoria. &#8220;Voc\u00eas n\u00e3o t\u00eam ideia de como foi vergonhoso pra mim passar pelo que eu passei em cima daquele ringue. Substitu\u00ed algu\u00e9m para o evento acontecer, n\u00e3o foi pelo dinheiro. E passar por aquela humilha\u00e7\u00e3o, de o cara subir em cima do ringue e me dar tanto soco, foi uma das piores da minha vida. Essa vergonha \u00e9 um dos motivos de eu parar hoje. Foi muito vergonhoso pra mim, pra minha fam\u00edlia. Nunca sa\u00ed machucado de uma luta de boxe, e sa\u00ed machucado porque o cara me agrediu fora da luta. Hoje eu penduro as luvas e digo: o boxe parou pra mim&#8221;, declarou.<\/p>\n\n\n\n<p>Pop\u00f3 tamb\u00e9m refor\u00e7ou que j\u00e1 cumpriu seu papel no esporte e agora deseja se afastar dos ringues para aproveitar a vida ao lado da fam\u00edlia. &#8220;N\u00e3o tenho mais nada para provar pra ningu\u00e9m. Foram sete campeonatos mundiais, fui supercampe\u00e3o do mundo. Tenho 50 anos, tenho uma vida e netos pra curtir. N\u00e3o tenho por que me expor tanto como aconteceu naquela luta&#8221;, afirmou.\u00a0<\/p>\n\n\n\n<p>Visivelmente abalado, o ex-pugilista voltou a chorar ao recordar o impacto emocional do epis\u00f3dio. &#8220;Eu sei o quanto estou sofrendo com isso. Nunca fui agredido daquela forma. Foi vergonhoso pra mim e pro boxe. Eu n\u00e3o envergonhei o boxe, porque eu lutei boxe. Eu tenho vergonha do que fizeram comigo. Hoje eu paro&#8230; Sabe por que voc\u00eas falam pra eu n\u00e3o parar? Porque voc\u00eas n\u00e3o t\u00eam 50 anos&#8221;, encerrou Pop\u00f3, aplaudido pelos presentes.\u00a0<\/p>\n\n\n\n<p>NOVO CARD DO FIGHT MUSIC SHOW 7<br>Com a sa\u00edda definitiva de Pop\u00f3, o Fight Music Show 7 anunciou um novo confronto principal.\u00a0<a href=\"https:\/\/www.bahianoticias.com.br\/esportes\/noticia\/76004-davi-brito-substitui-popo-e-enfrenta-sacha-bali-ex-fazenda-em-luta-no-fight-music-show\" target=\"_blank\" rel=\"noreferrer noopener\">O campe\u00e3o do BBB 24, Davi Brito, enfrentar\u00e1 o vencedor de A Fazenda 16, Sacha Bali, no dia 1\u00ba de novembro, em S\u00e3o Paulo.<\/a>\u00a0<\/p>\n\n\n\n<p>O baiano Davi Brito, de 23 anos, se tornou influenciador digital ap\u00f3s vencer o reality show da TV Globo. J\u00e1 Sacha Bali, de 43, \u00e9 ator e coleciona participa\u00e7\u00f5es em novelas e s\u00e9ries como Jesus (Record, 2018), G\u00eanesis (2021) e Olhar Indiscreto (Netflix, 2023).<\/p>\n\n\n\n<p>BN<\/p>\n","protected":false},"excerpt":{"rendered":"<p>Acelino \u201cPop\u00f3\u201d Freitas anunciou oficialmente sua aposentadoria do boxe. O comunicado foi feito na noite desta segunda-feira (6), durante o evento de divulga\u00e7\u00e3o do Fight Music Show 7, em S\u00e3o Paulo. Aos 50 anos, o tetracampe\u00e3o mundial pendura definitivamente as luvas, emocionado e com um desabafo carregado de m\u00e1goa ap\u00f3s os epis\u00f3dios que se estenderam [&hellip;]<\/p>\n","protected":false},"author":2,"featured_media":36125,"comment_status":"open","ping_status":"open","sticky":false,"template":"","format":"standard","meta":{"_jetpack_memberships_contains_paid_content":false,"footnotes":""},"categories":[46],"tags":[],"class_list":["post-36124","post","type-post","status-publish","format-standard","has-post-thumbnail","hentry","category-noticia"],"aioseo_notices":[],"jetpack_featured_media_url":"https:\/\/i0.wp.com\/minutobahia24h.com.br\/wp-content\/uploads\/2025\/10\/Sem-titulo-86.jpg?fit=1200%2C630&ssl=1","jetpack_sharing_enabled":true,"_links":{"self":[{"href":"https:\/\/minutobahia24h.com.br\/index.php?rest_route=\/wp\/v2\/posts\/36124","targetHints":{"allow":["GET"]}}],"collection":[{"href":"https:\/\/minutobahia24h.com.br\/index.php?rest_route=\/wp\/v2\/posts"}],"about":[{"href":"https:\/\/minutobahia24h.com.br\/index.php?rest_route=\/wp\/v2\/types\/post"}],"author":[{"embeddable":true,"href":"https:\/\/minutobahia24h.com.br\/index.php?rest_route=\/wp\/v2\/users\/2"}],"replies":[{"embeddable":true,"href":"https:\/\/minutobahia24h.com.br\/index.php?rest_route=%2Fwp%2Fv2%2Fcomments&post=36124"}],"version-history":[{"count":1,"href":"https:\/\/minutobahia24h.com.br\/index.php?rest_route=\/wp\/v2\/posts\/36124\/revisions"}],"predecessor-version":[{"id":36126,"href":"https:\/\/minutobahia24h.com.br\/index.php?rest_route=\/wp\/v2\/posts\/36124\/revisions\/36126"}],"wp:featuredmedia":[{"embeddable":true,"href":"https:\/\/minutobahia24h.com.br\/index.php?rest_route=\/wp\/v2\/media\/36125"}],"wp:attachment":[{"href":"https:\/\/minutobahia24h.com.br\/index.php?rest_route=%2Fwp%2Fv2%2Fmedia&parent=36124"}],"wp:term":[{"taxonomy":"category","embeddable":true,"href":"https:\/\/minutobahia24h.com.br\/index.php?rest_route=%2Fwp%2Fv2%2Fcategories&post=36124"},{"taxonomy":"post_tag","embeddable":true,"href":"https:\/\/minutobahia24h.com.br\/index.php?rest_route=%2Fwp%2Fv2%2Ftags&post=36124"}],"curies":[{"name":"wp","href":"https:\/\/api.w.org\/{rel}","templated":true}]}}