{"id":36110,"date":"2025-10-07T07:30:41","date_gmt":"2025-10-07T10:30:41","guid":{"rendered":"https:\/\/minutobahia24h.com.br\/?p=36110"},"modified":"2025-10-07T07:30:43","modified_gmt":"2025-10-07T10:30:43","slug":"policia-federal-prende-duas-pessoas-por-trafico-internacional-de-drogas-no-aeroporto-de-salvador","status":"publish","type":"post","link":"https:\/\/minutobahia24h.com.br\/?p=36110","title":{"rendered":"Pol\u00edcia Federal prende duas pessoas por tr\u00e1fico internacional de drogas no Aeroporto de Salvador"},"content":{"rendered":"<div class=\"wp-block-image\">\n<figure class=\"aligncenter size-full\"><img data-recalc-dims=\"1\" fetchpriority=\"high\" decoding=\"async\" width=\"506\" height=\"505\" src=\"https:\/\/i0.wp.com\/minutobahia24h.com.br\/wp-content\/uploads\/2025\/10\/Sem-titulo-82.jpg?resize=506%2C505&#038;ssl=1\" alt=\"\" class=\"wp-image-36112\" srcset=\"https:\/\/i0.wp.com\/minutobahia24h.com.br\/wp-content\/uploads\/2025\/10\/Sem-titulo-82.jpg?w=506&amp;ssl=1 506w, https:\/\/i0.wp.com\/minutobahia24h.com.br\/wp-content\/uploads\/2025\/10\/Sem-titulo-82.jpg?resize=300%2C300&amp;ssl=1 300w, https:\/\/i0.wp.com\/minutobahia24h.com.br\/wp-content\/uploads\/2025\/10\/Sem-titulo-82.jpg?resize=150%2C150&amp;ssl=1 150w, https:\/\/i0.wp.com\/minutobahia24h.com.br\/wp-content\/uploads\/2025\/10\/Sem-titulo-82.jpg?resize=75%2C75&amp;ssl=1 75w\" sizes=\"(max-width: 506px) 100vw, 506px\" \/><figcaption class=\"wp-element-caption\">No total, foram apreendidos cerca de 2 kg de coca\u00edna, que teria como destino a Europa (Foto: Divulga\u00e7\u00e3o\/PF)<br><\/figcaption><\/figure>\n<\/div>\n\n\n<p>A Pol\u00edcia Federal prendeu, em a\u00e7\u00f5es distintas realizadas no Aeroporto Internacional de Salvador, dois passageiros que tentavam embarcar em voos internacionais com destino a Paris\/Fran\u00e7a, transportando coca\u00edna. Segundo a PF, o primeiro caso ocorreu no dia 27 de setembro de 2025, no qual uma mulher, natural de Santar\u00e9m\/PA, foi presa em flagrante ao tentar embarcar levando 1,2 kg de coca\u00edna em c\u00e1psulas.<\/p>\n\n\n\n<p>J\u00e1 no dia 4 de outubro de 2025, um homem, natural de Guaratinguet\u00e1\/SP, foi preso quando se preparava para embarcar no voo, tamb\u00e9m com destino a Paris. Durante fiscaliza\u00e7\u00e3o de rotina, os policiais federais encontraram, aproximadamente, 990 gramas de coca\u00edna acondicionados em embalagens presas junto ao corpo do passageiro.<\/p>\n\n\n<div class=\"wp-block-image\">\n<figure class=\"aligncenter size-full\"><img data-recalc-dims=\"1\" decoding=\"async\" data-src=\"https:\/\/i0.wp.com\/minutobahia24h.com.br\/wp-content\/uploads\/2025\/10\/image-2.jpg?w=800&#038;ssl=1\" alt=\"\" class=\"wp-image-36113 lazyload\" src=\"data:image\/gif;base64,R0lGODlhAQABAAAAACH5BAEKAAEALAAAAAABAAEAAAICTAEAOw==\" \/><noscript><img data-recalc-dims=\"1\" decoding=\"async\" src=\"https:\/\/i0.wp.com\/minutobahia24h.com.br\/wp-content\/uploads\/2025\/10\/image-2.jpg?w=800&#038;ssl=1\" alt=\"\" class=\"wp-image-36113\"\/><\/noscript><figcaption class=\"wp-element-caption\">Foto: Divulga\u00e7\u00e3o\/PF<br><\/figcaption><\/figure>\n<\/div>\n\n\n<p>Os dois passageiros foram autuados em flagrante pelo crime de tr\u00e1fico internacional de drogas, e ap\u00f3s audi\u00eancia de cust\u00f3dia, as pris\u00f5es foram convertidas em preventivas pela Justi\u00e7a Federal. A Pol\u00edcia Federal segue atuando de forma permanente no enfrentamento ao tr\u00e1fico de drogas e demais crimes relacionados ao transporte a\u00e9reo internacional.<\/p>\n\n\n\n<p><strong><em>Portal Jaguarari\/ informa\u00e7\u00f5es Pol\u00edcia Federal na Bahia<\/em><\/strong><\/p>\n","protected":false},"excerpt":{"rendered":"<p>A Pol\u00edcia Federal prendeu, em a\u00e7\u00f5es distintas realizadas no Aeroporto Internacional de Salvador, dois passageiros que tentavam embarcar em voos internacionais com destino a Paris\/Fran\u00e7a, transportando coca\u00edna. Segundo a PF, o primeiro caso ocorreu no dia 27 de setembro de 2025, no qual uma mulher, natural de Santar\u00e9m\/PA, foi presa em flagrante ao tentar embarcar [&hellip;]<\/p>\n","protected":false},"author":2,"featured_media":36112,"comment_status":"open","ping_status":"open","sticky":false,"template":"","format":"standard","meta":{"_jetpack_memberships_contains_paid_content":false,"footnotes":""},"categories":[3],"tags":[],"class_list":["post-36110","post","type-post","status-publish","format-standard","has-post-thumbnail","hentry","category-regional"],"aioseo_notices":[],"jetpack_featured_media_url":"https:\/\/i0.wp.com\/minutobahia24h.com.br\/wp-content\/uploads\/2025\/10\/Sem-titulo-82.jpg?fit=506%2C505&ssl=1","jetpack_sharing_enabled":true,"_links":{"self":[{"href":"https:\/\/minutobahia24h.com.br\/index.php?rest_route=\/wp\/v2\/posts\/36110","targetHints":{"allow":["GET"]}}],"collection":[{"href":"https:\/\/minutobahia24h.com.br\/index.php?rest_route=\/wp\/v2\/posts"}],"about":[{"href":"https:\/\/minutobahia24h.com.br\/index.php?rest_route=\/wp\/v2\/types\/post"}],"author":[{"embeddable":true,"href":"https:\/\/minutobahia24h.com.br\/index.php?rest_route=\/wp\/v2\/users\/2"}],"replies":[{"embeddable":true,"href":"https:\/\/minutobahia24h.com.br\/index.php?rest_route=%2Fwp%2Fv2%2Fcomments&post=36110"}],"version-history":[{"count":1,"href":"https:\/\/minutobahia24h.com.br\/index.php?rest_route=\/wp\/v2\/posts\/36110\/revisions"}],"predecessor-version":[{"id":36114,"href":"https:\/\/minutobahia24h.com.br\/index.php?rest_route=\/wp\/v2\/posts\/36110\/revisions\/36114"}],"wp:featuredmedia":[{"embeddable":true,"href":"https:\/\/minutobahia24h.com.br\/index.php?rest_route=\/wp\/v2\/media\/36112"}],"wp:attachment":[{"href":"https:\/\/minutobahia24h.com.br\/index.php?rest_route=%2Fwp%2Fv2%2Fmedia&parent=36110"}],"wp:term":[{"taxonomy":"category","embeddable":true,"href":"https:\/\/minutobahia24h.com.br\/index.php?rest_route=%2Fwp%2Fv2%2Fcategories&post=36110"},{"taxonomy":"post_tag","embeddable":true,"href":"https:\/\/minutobahia24h.com.br\/index.php?rest_route=%2Fwp%2Fv2%2Ftags&post=36110"}],"curies":[{"name":"wp","href":"https:\/\/api.w.org\/{rel}","templated":true}]}}