{"id":3589,"date":"2023-11-07T08:52:00","date_gmt":"2023-11-07T11:52:00","guid":{"rendered":"https:\/\/minutobahia24h.com.br\/?p=3589"},"modified":"2023-11-07T08:52:01","modified_gmt":"2023-11-07T11:52:01","slug":"bonfinense-assume-a-presidente-do-trt-5-fala-sobre-desafios-da-nova-administracao-temos-grandes-tarefas-a-cumprir","status":"publish","type":"post","link":"https:\/\/minutobahia24h.com.br\/?p=3589","title":{"rendered":"Bonfinense assume a Presidente do TRT-5 fala sobre desafios da nova administra\u00e7\u00e3o: \u201ctemos grandes tarefas a cumprir\u201d"},"content":{"rendered":"<div class=\"wp-block-image\">\n<figure class=\"aligncenter size-full\"><img data-recalc-dims=\"1\" fetchpriority=\"high\" decoding=\"async\" width=\"695\" height=\"390\" src=\"https:\/\/i0.wp.com\/minutobahia24h.com.br\/wp-content\/uploads\/2023\/11\/Sem-titulo-85.jpg?resize=695%2C390&#038;ssl=1\" alt=\"\" class=\"wp-image-3591\" srcset=\"https:\/\/i0.wp.com\/minutobahia24h.com.br\/wp-content\/uploads\/2023\/11\/Sem-titulo-85.jpg?w=695&amp;ssl=1 695w, https:\/\/i0.wp.com\/minutobahia24h.com.br\/wp-content\/uploads\/2023\/11\/Sem-titulo-85.jpg?resize=300%2C168&amp;ssl=1 300w\" sizes=\"(max-width: 695px) 100vw, 695px\" \/><\/figure>\n<\/div>\n\n\n<p>O Tribunal Regional do Trabalho da Bahia (TRT-5) vive um novo momento com a posse dos desembargadores J\u00e9ferson Alves Silva Muricy, no cargo de presidente; L\u00e9a Reis Nunes, vice-presidente; Ivana M\u00e9rcia Nilo de Magaldi, corregedora; e Suzana Maria In\u00e1cio Gomes, corregedora adjunta.<\/p>\n\n\n\n<p>Eles formam a nova administra\u00e7\u00e3o do TRT-5, que tomou posse nesta segunda-feira (06), numa cerim\u00f4nia realizada no bairro do Costa Azul, em Salvador. De acordo com o \u00f3rg\u00e3o estadual, os magistrados foram eleitos no m\u00eas de setembro, ap\u00f3s vota\u00e7\u00e3o realizada pelo Tribunal Pleno. O mandato \u00e9 de dois anos.<\/p>\n\n\n\n<p>Para imprensa presente no evento, o novo presidente empossado do TRT-5, J\u00e9ferson Alves, celebrou o grande momento da carreira, dentro do judici\u00e1rio baiano.<\/p>\n\n\n\n<p>Bom, acredito que eu chego nessa gest\u00e3o com toda esta heran\u00e7a, com todo este legado de uma vida dedicada \u00e0 Justi\u00e7a do Trabalho e espero contribuir com o fortalecimento da Justi\u00e7a do Trabalho, com a melhoria da presta\u00e7\u00e3o de servi\u00e7os \u00e0 sociedade e continuar a fazer da Justi\u00e7a do Trabalho um lugar de humanidade. Isto \u00e9 o que eu acho que esta trajet\u00f3ria pode me ajudar a fazer\u201d, comemora.<\/p>\n\n\n\n<p>Ele tamb\u00e9m falou sobre os desafios \u00e0 frente do \u00f3rg\u00e3o. Dentre as miss\u00f5es, est\u00e1 a finaliza\u00e7\u00e3o das obras para inaugura\u00e7\u00e3o da nova sede em Salvador, al\u00e9m da busca pela melhora da efici\u00eancia e produtividade do TRT-5.<\/p>\n\n\n\n<p>Temos muito a fazer, temos grandes tarefas a cumprir, temos que acabar a reforma do nosso pr\u00e9dio para mudarmos o tribunal, temos que prosseguir no nosso esfor\u00e7o de obter mais efici\u00eancia na nossa presta\u00e7\u00e3o de servi\u00e7os \u00e0 comunidade, \u00e0 sociedade e temos tamb\u00e9m uma grande tarefa, que \u00e9 dialogar com a sociedade, dialogar com a comunidade interna do tribunal para dinamizarmos o relacionamento e fazermos o tribunal um lugar de muito acolhimento para todos\u201d, explica.<\/p>\n\n\n\n<p>Dentre as autoridades presentes na cerim\u00f4nia realizada na capital baiana, estava o vice-governador da Bahia Geraldo J\u00fanior (MDB). O BNews conversou com o representante do Governo do Estado.<\/p>\n\n\n\n<p>Ele lembrou que tamb\u00e9m \u00e9 um militante do judici\u00e1rio, reiterou que o governo mant\u00e9m boas rela\u00e7\u00f5es com o TRT-5, e espera que a nova administra\u00e7\u00e3o mantenha as boas a\u00e7\u00f5es do \u00f3rg\u00e3o. [\u2026] Iniciei a advocacia militando na Justi\u00e7a do Trabalho, ainda em Nazar\u00e9. O Tribunal Regional do Trabalho tem um papel fundamental em a\u00e7\u00f5es transversais com o Governo do Estado. N\u00f3s gozamos de uma excelente rela\u00e7\u00e3o com o Tribunal Regional do Trabalho, e com certeza, o novo presidente dar\u00e1 foco a essas rela\u00e7\u00f5es da juventude, da prote\u00e7\u00e3o ao trabalho decente e contra o trabalho escravo. S\u00e3o a\u00e7\u00f5es que com certeza ir\u00e3o permanecer\u201d, afirma G<\/p>\n\n\n\n<p>clebervieiranews<\/p>\n","protected":false},"excerpt":{"rendered":"<p>O Tribunal Regional do Trabalho da Bahia (TRT-5) vive um novo momento com a posse dos desembargadores J\u00e9ferson Alves Silva Muricy, no cargo de presidente; L\u00e9a Reis Nunes, vice-presidente; Ivana M\u00e9rcia Nilo de Magaldi, corregedora; e Suzana Maria In\u00e1cio Gomes, corregedora adjunta. Eles formam a nova administra\u00e7\u00e3o do TRT-5, que tomou posse nesta segunda-feira (06), [&hellip;]<\/p>\n","protected":false},"author":2,"featured_media":3591,"comment_status":"open","ping_status":"open","sticky":false,"template":"","format":"standard","meta":{"_jetpack_memberships_contains_paid_content":false,"footnotes":""},"categories":[17],"tags":[],"class_list":["post-3589","post","type-post","status-publish","format-standard","has-post-thumbnail","hentry","category-senhor-do-bonfim"],"aioseo_notices":[],"jetpack_featured_media_url":"https:\/\/i0.wp.com\/minutobahia24h.com.br\/wp-content\/uploads\/2023\/11\/Sem-titulo-85.jpg?fit=695%2C390&ssl=1","jetpack_sharing_enabled":true,"_links":{"self":[{"href":"https:\/\/minutobahia24h.com.br\/index.php?rest_route=\/wp\/v2\/posts\/3589","targetHints":{"allow":["GET"]}}],"collection":[{"href":"https:\/\/minutobahia24h.com.br\/index.php?rest_route=\/wp\/v2\/posts"}],"about":[{"href":"https:\/\/minutobahia24h.com.br\/index.php?rest_route=\/wp\/v2\/types\/post"}],"author":[{"embeddable":true,"href":"https:\/\/minutobahia24h.com.br\/index.php?rest_route=\/wp\/v2\/users\/2"}],"replies":[{"embeddable":true,"href":"https:\/\/minutobahia24h.com.br\/index.php?rest_route=%2Fwp%2Fv2%2Fcomments&post=3589"}],"version-history":[{"count":1,"href":"https:\/\/minutobahia24h.com.br\/index.php?rest_route=\/wp\/v2\/posts\/3589\/revisions"}],"predecessor-version":[{"id":3592,"href":"https:\/\/minutobahia24h.com.br\/index.php?rest_route=\/wp\/v2\/posts\/3589\/revisions\/3592"}],"wp:featuredmedia":[{"embeddable":true,"href":"https:\/\/minutobahia24h.com.br\/index.php?rest_route=\/wp\/v2\/media\/3591"}],"wp:attachment":[{"href":"https:\/\/minutobahia24h.com.br\/index.php?rest_route=%2Fwp%2Fv2%2Fmedia&parent=3589"}],"wp:term":[{"taxonomy":"category","embeddable":true,"href":"https:\/\/minutobahia24h.com.br\/index.php?rest_route=%2Fwp%2Fv2%2Fcategories&post=3589"},{"taxonomy":"post_tag","embeddable":true,"href":"https:\/\/minutobahia24h.com.br\/index.php?rest_route=%2Fwp%2Fv2%2Ftags&post=3589"}],"curies":[{"name":"wp","href":"https:\/\/api.w.org\/{rel}","templated":true}]}}