{"id":3585,"date":"2023-11-07T08:47:38","date_gmt":"2023-11-07T11:47:38","guid":{"rendered":"https:\/\/minutobahia24h.com.br\/?p=3585"},"modified":"2023-11-07T08:47:40","modified_gmt":"2023-11-07T11:47:40","slug":"apos-onda-de-calor-e-incendios-florestais-inmet-alerta-para-chuvas-intensas-no-oeste-da-ba","status":"publish","type":"post","link":"https:\/\/minutobahia24h.com.br\/?p=3585","title":{"rendered":"Ap\u00f3s onda de calor e inc\u00eandios florestais, Inmet alerta para chuvas intensas no oeste da BA"},"content":{"rendered":"\n<p>O Instituto Nacional de Meteorologia (Inmet) emitiu alerta de chuvas intensas para o oeste da Bahia. De acordo com o \u00f3rg\u00e3o, a expectativa \u00e9 que chova entre 50 e 100 mm\/dia em cidades da regi\u00e3o, entre esta segunda (6) e ter\u00e7a-feira (7). Na capital,\u00a0<a class=\"\" href=\"https:\/\/g1.globo.com\/ba\/bahia\/cidade\/salvador\/\">Salvador<\/a>, o clima tamb\u00e9m ser\u00e1 chuvoso durante a semana.<\/p>\n\n\n\n<p>Alguns dos munic\u00edpios do oeste baiano afetados pelas chuvas intensas s\u00e3o&nbsp;<a class=\"\" href=\"https:\/\/g1.globo.com\/ba\/bahia\/cidade\/barreiras-ba\/\">Barreiras<\/a>&nbsp;e&nbsp;<a class=\"\" href=\"https:\/\/g1.globo.com\/ba\/bahia\/cidade\/luis-eduardo-magalhaes\/\">Lu\u00eds Eduardo Magalh\u00e3es<\/a>&nbsp;&#8211; na primeira, uma forte chuva alagou ruas j\u00e1 nas primeiras horas desta segunda, com raios e trovoadas.<\/p>\n\n\n\n<p>Conforme o Inmet, nas \u00faltimas 24 horas foram registrados quase 30 mil\u00edmetros de chuva em Barreiras, volume considerado alto. Em\u00a0<a class=\"\" href=\"https:\/\/g1.globo.com\/ba\/bahia\/cidade\/bom-jesus-da-lapa\/\">Bom Jesus da Lapa<\/a>, foram 43.6 mil\u00edmetros em na cidade de Barra, 30.2.<\/p>\n\n\n\n<p>Quanto aos raios, o Grupo de Eletricidade Atmosf\u00e9rica do Instituto Nacional de Pesquisas Espaciais (Inpe) detalhou que, nas \u00faltimas 24 horas, foram mais de 14 mil em Bom Jesus da Lapa, 4753 em Barreiras, 3482 em\u00a0<a class=\"\" href=\"https:\/\/g1.globo.com\/ba\/bahia\/cidade\/ibotirama\/\">Ibotirama<\/a>\u00a0e 3696 em Lu\u00eds Eduardo Magalh\u00e3es.<\/p>\n\n\n<div class=\"wp-block-image\">\n<figure class=\"aligncenter size-full\"><img data-recalc-dims=\"1\" fetchpriority=\"high\" decoding=\"async\" width=\"800\" height=\"600\" src=\"https:\/\/i0.wp.com\/minutobahia24h.com.br\/wp-content\/uploads\/2023\/11\/Sem-titulo-84.jpg?resize=800%2C600&#038;ssl=1\" alt=\"\" class=\"wp-image-3587\" srcset=\"https:\/\/i0.wp.com\/minutobahia24h.com.br\/wp-content\/uploads\/2023\/11\/Sem-titulo-84.jpg?w=984&amp;ssl=1 984w, https:\/\/i0.wp.com\/minutobahia24h.com.br\/wp-content\/uploads\/2023\/11\/Sem-titulo-84.jpg?resize=300%2C225&amp;ssl=1 300w, https:\/\/i0.wp.com\/minutobahia24h.com.br\/wp-content\/uploads\/2023\/11\/Sem-titulo-84.jpg?resize=768%2C576&amp;ssl=1 768w, https:\/\/i0.wp.com\/minutobahia24h.com.br\/wp-content\/uploads\/2023\/11\/Sem-titulo-84.jpg?resize=750%2C563&amp;ssl=1 750w\" sizes=\"(max-width: 800px) 100vw, 800px\" \/><figcaption class=\"wp-element-caption\">C\u00e9u carregado nesta segunda na cidade de Barreiras, no oeste baiano \u2014 Foto: Mayane Sant&#8217;ana\/TV Oeste<br><\/figcaption><\/figure>\n<\/div>\n\n\n<p>Nos \u00faltimos meses, munic\u00edpios da regi\u00e3o oeste registraram onda de calor, com&nbsp;<a class=\"\" href=\"https:\/\/g1.globo.com\/ba\/bahia\/noticia\/2023\/09\/27\/veja-cidades-na-bahia-que-serao-atingidas-por-onda-de-calor.ghtml\">temperaturas acima de 40\u00baC<\/a>&nbsp;e&nbsp;<a class=\"\" href=\"https:\/\/g1.globo.com\/ba\/bahia\/noticia\/2023\/09\/19\/incendio-barreiras-bahia.ghtml\">inc\u00eandios florestais<\/a>. Em Barreiras, foram&nbsp;<a class=\"\" href=\"https:\/\/g1.globo.com\/ba\/bahia\/noticia\/2023\/09\/29\/barreiras-volta-a-registrar-chuva-apos-cinco-meses-veja-previsao-do-tempo-para-o-oeste-da-bahia-nos-proximos-dias.ghtml\">cinco meses de seca<\/a>. Segundo a meteorologista do Inmet, Cl\u00e1udia Val\u00e9ria, \u00e9 comum a regi\u00e3o oeste registrar chuvas mais frequentes apenas em novembro, passado o per\u00edodo de estiagem prolongada.<\/p>\n\n\n\n<p>Nas duas cidades, h\u00e1 previs\u00e3o de trovoadas nesta segunda-feira e chuvas at\u00e9 ter\u00e7a, e ventos que podem chegar aos 100 km\/h. Entre quarta-feira (8) e quinta (9), o clima ficar\u00e1 nublado e o sol voltar\u00e1 a aparecer na sexta (10). As temperaturas poder\u00e3o variar entre 18\u00baC e 35\u00baC entre esta segunda e sexta-feira.<\/p>\n\n\n\n<p>Al\u00e9m das cidades do oeste, o Inmet alerta para chuvas intensas no centro norte, centro sul e Vale do S\u00e3o Francisco. Dessa forma, cidades como Irec\u00ea e Canarana, ambas no norte, tamb\u00e9m poder\u00e3o registrar grandes volumes pluviom\u00e9tricos nas pr\u00f3ximas horas.<\/p>\n\n\n\n<h2 class=\"wp-block-heading\">Frente fria em Salvador<\/h2>\n\n\n\n<figure class=\"wp-block-image\"><img data-recalc-dims=\"1\" decoding=\"async\" src=\"https:\/\/i0.wp.com\/s2-g1.glbimg.com\/vQw0THU_yieXYek_lmXZcLDIyTA%3D\/52x109%3A986x768\/984x0\/smart\/filters%3Astrip_icc%28%29\/i.s3.glbimg.com\/v1\/AUTH_59edd422c0c84a879bd37670ae4f538a\/internal_photos\/bs\/2021\/s\/A\/YAbVUkTa2ZxSM2ppo09Q\/whatsapp-image-2021-07-31-at-08.55.55.jpeg?w=800&#038;ssl=1\" alt=\"Salvador amanheceu com tempo nublado e previs\u00e3o \u00e9 de chuva durante a semana \u2014 Foto: Itana Alencar\/G1 \"\/><\/figure>\n\n\n\n<p>Salvador amanheceu com tempo nublado e previs\u00e3o \u00e9 de chuva durante a semana \u2014 Foto: Itana Alencar\/G1<\/p>\n\n\n\n<p>A Marinha do Brasil alertou que uma frente fria poder\u00e1 afetar a faixa litor\u00e2nea entre Arraial do Cabo, no Rio de Janeiro, e Salvador. Com isso, a previs\u00e3o \u00e9 de que os ventos atinjam at\u00e9 74 km\/h nesta segunda-feira. Por isso, h\u00e1 possibilidade de chuva em Salvador durante toda a semana e a temperatura, que nos \u00faltimos dias ficou em cerca de 30\u00baC, dever\u00e1 cair.<\/p>\n\n\n\n<p>Nesta segunda-feira, os term\u00f4metros marcar\u00e3o entre 24\u00baC e 32\u00baC, com possibilidades de chuvas e trovoadas. J\u00e1 entre ter\u00e7a e quinta-feira, a temperatura poder\u00e1 variar de 24\u00baC a 28\u00baC. Na sexta-feira, a varia\u00e7\u00e3o ser\u00e1 entre 22\u00baC e 31\u00baC.<\/p>\n","protected":false},"excerpt":{"rendered":"<p>O Instituto Nacional de Meteorologia (Inmet) emitiu alerta de chuvas intensas para o oeste da Bahia. De acordo com o \u00f3rg\u00e3o, a expectativa \u00e9 que chova entre 50 e 100 mm\/dia em cidades da regi\u00e3o, entre esta segunda (6) e ter\u00e7a-feira (7). Na capital,\u00a0Salvador, o clima tamb\u00e9m ser\u00e1 chuvoso durante a semana. Alguns dos munic\u00edpios [&hellip;]<\/p>\n","protected":false},"author":2,"featured_media":3587,"comment_status":"open","ping_status":"open","sticky":false,"template":"","format":"standard","meta":{"_jetpack_memberships_contains_paid_content":false,"footnotes":""},"categories":[21],"tags":[],"class_list":["post-3585","post","type-post","status-publish","format-standard","has-post-thumbnail","hentry","category-bahia"],"aioseo_notices":[],"jetpack_featured_media_url":"https:\/\/i0.wp.com\/minutobahia24h.com.br\/wp-content\/uploads\/2023\/11\/Sem-titulo-84.jpg?fit=984%2C738&ssl=1","jetpack_sharing_enabled":true,"_links":{"self":[{"href":"https:\/\/minutobahia24h.com.br\/index.php?rest_route=\/wp\/v2\/posts\/3585","targetHints":{"allow":["GET"]}}],"collection":[{"href":"https:\/\/minutobahia24h.com.br\/index.php?rest_route=\/wp\/v2\/posts"}],"about":[{"href":"https:\/\/minutobahia24h.com.br\/index.php?rest_route=\/wp\/v2\/types\/post"}],"author":[{"embeddable":true,"href":"https:\/\/minutobahia24h.com.br\/index.php?rest_route=\/wp\/v2\/users\/2"}],"replies":[{"embeddable":true,"href":"https:\/\/minutobahia24h.com.br\/index.php?rest_route=%2Fwp%2Fv2%2Fcomments&post=3585"}],"version-history":[{"count":1,"href":"https:\/\/minutobahia24h.com.br\/index.php?rest_route=\/wp\/v2\/posts\/3585\/revisions"}],"predecessor-version":[{"id":3588,"href":"https:\/\/minutobahia24h.com.br\/index.php?rest_route=\/wp\/v2\/posts\/3585\/revisions\/3588"}],"wp:featuredmedia":[{"embeddable":true,"href":"https:\/\/minutobahia24h.com.br\/index.php?rest_route=\/wp\/v2\/media\/3587"}],"wp:attachment":[{"href":"https:\/\/minutobahia24h.com.br\/index.php?rest_route=%2Fwp%2Fv2%2Fmedia&parent=3585"}],"wp:term":[{"taxonomy":"category","embeddable":true,"href":"https:\/\/minutobahia24h.com.br\/index.php?rest_route=%2Fwp%2Fv2%2Fcategories&post=3585"},{"taxonomy":"post_tag","embeddable":true,"href":"https:\/\/minutobahia24h.com.br\/index.php?rest_route=%2Fwp%2Fv2%2Ftags&post=3585"}],"curies":[{"name":"wp","href":"https:\/\/api.w.org\/{rel}","templated":true}]}}