{"id":3577,"date":"2023-11-07T08:42:12","date_gmt":"2023-11-07T11:42:12","guid":{"rendered":"https:\/\/minutobahia24h.com.br\/?p=3577"},"modified":"2023-11-07T08:42:14","modified_gmt":"2023-11-07T11:42:14","slug":"entenda-como-o-ministerio-da-saude-do-hamas-calcula-o-numero-de-mortos-em-gaza","status":"publish","type":"post","link":"https:\/\/minutobahia24h.com.br\/?p=3577","title":{"rendered":"Entenda como o Minist\u00e9rio da Sa\u00fade do Hamas calcula o n\u00famero de mortos em Gaza"},"content":{"rendered":"<div class=\"wp-block-image\">\n<figure class=\"aligncenter size-full\"><img data-recalc-dims=\"1\" fetchpriority=\"high\" decoding=\"async\" width=\"800\" height=\"533\" src=\"https:\/\/i0.wp.com\/minutobahia24h.com.br\/wp-content\/uploads\/2023\/11\/Sem-titulo-82.jpg?resize=800%2C533&#038;ssl=1\" alt=\"\" class=\"wp-image-3579\" srcset=\"https:\/\/i0.wp.com\/minutobahia24h.com.br\/wp-content\/uploads\/2023\/11\/Sem-titulo-82.jpg?w=888&amp;ssl=1 888w, https:\/\/i0.wp.com\/minutobahia24h.com.br\/wp-content\/uploads\/2023\/11\/Sem-titulo-82.jpg?resize=300%2C200&amp;ssl=1 300w, https:\/\/i0.wp.com\/minutobahia24h.com.br\/wp-content\/uploads\/2023\/11\/Sem-titulo-82.jpg?resize=768%2C512&amp;ssl=1 768w, https:\/\/i0.wp.com\/minutobahia24h.com.br\/wp-content\/uploads\/2023\/11\/Sem-titulo-82.jpg?resize=750%2C500&amp;ssl=1 750w\" sizes=\"(max-width: 800px) 100vw, 800px\" \/><figcaption class=\"wp-element-caption\">Pessoas carregam corpos de palestinos mortos em ataques a\u00e9reos israelenses no hospital Ahli Arab, no centro de Gaza \u2014 Foto: Dawood Nemer \/ AFP<br><\/figcaption><\/figure>\n<\/div>\n\n\n<p class=\"has-text-align-justify\">O Minist\u00e9rio da Sa\u00fade da\u00a0<a class=\"\" href=\"http:\/\/oglobo.globo.com\/tudo-sobre\/cidade\/faixa-de-gaza\/\">Faixa de Gaza<\/a>, territ\u00f3rio governado pelo grupo terrorista palestino Hamas, anunciou, nesta segunda-feira, que os\u00a0<a class=\"\" href=\"https:\/\/oglobo.globo.com\/mundo\/ao-vivo\/ao-vivo-israel-hamas-guerra-oriente-medio.ghtml\">bombardeios sem tr\u00e9gua de Israel<\/a>\u00a0contra o territ\u00f3rio teriam deixado mais de 10 mil mortos. Mas, como a pasta faz essa contagem?\u00a0<a class=\"\" href=\"https:\/\/oglobo.globo.com\/tudo-sobre\/pais\/israel\">Israel<\/a>\u00a0bombardeia a Faixa de\u00a0<a class=\"\" href=\"https:\/\/oglobo.globo.com\/tudo-sobre\/cidade\/gaza\">Gaza<\/a>\u00a0sem tr\u00e9gua desde o ataque executado pelo Hamas no sul do territ\u00f3rio israelense, em 7 de outubro. O Ex\u00e9rcito de Israel assegurou que a incurs\u00e3o deixou mais de 1.400 mortos, a maioria civis.<\/p>\n\n\n\n<p class=\"has-text-align-justify\">Israel tamb\u00e9m lan\u00e7ou uma ofensiva terrestre para &#8220;aniquilar&#8221; o grupo isl\u00e2mico, no poder em Gaza desde 2007. O porta-voz do Minist\u00e9rio da Sa\u00fade de Gaza, Ashraf al-Qudra, anunciou, nesta segunda, que os bombardeios tinham deixado 10.022 mortos no territ\u00f3rio. Tamb\u00e9m informou que pelo menos 292 palestinos morreram na madrugada nos bombardeios do Ex\u00e9rcito israelense, que acusa de ter &#8220;executado 19 massacres nas \u00faltimas horas&#8221;.<\/p>\n\n\n\n<p class=\"has-text-align-justify\">Segundo o ministro, a maioria dos mortos \u00e9 de civis. Entre eles, h\u00e1 4.000 crian\u00e7as e 2.600 mulheres. Os bombardeios tamb\u00e9m deixaram mais de 25 mil feridos, segundo a mesma fonte.<\/p>\n\n\n\n<h2 class=\"wp-block-heading\">Lista de nomes<\/h2>\n\n\n\n<p class=\"has-text-align-justify\">Em 26 de outubro, o Minist\u00e9rio da Sa\u00fade de Gaza, controlado pelo Hamas, publicou uma lista com os nomes dos 7 mil palestinos assassinados na guerra. O objetivo era demonstrar a confiabilidade desta cifra, depois que o presidente americano, Joe Biden, a questionou. Segundo o Hamas, a lista, que al\u00e9m do nome inclui o sexo, o nome e o n\u00famero de identidade dos mortos, visa a &#8220;revelar ao mundo inteiro os detalhes e os nomes para que conhe\u00e7am a verdade&#8221;.<\/p>\n\n\n\n<p>&#8220;Sabemos que as v\u00edtimas civis em Gaza (&#8230;) s\u00e3o contadas aos milhares&#8221;, admitiu, nesta segunda, o porta-voz do Pent\u00e1gono, Pet Ryder.<\/p>\n\n\n\n<p class=\"has-text-align-justify\">Um porta-voz do Departamento de Estado americano afirmou, por sua vez, que os n\u00fameros publicados pelo Hamas s\u00e3o usados internamente porque n\u00e3o h\u00e1 outras organiza\u00e7\u00f5es que fa\u00e7am esta contagem. O funcion\u00e1rio insistiu, no entanto, que estas cifras continuam sendo questionadas.<\/p>\n\n\n\n<p class=\"has-text-align-justify\">Em um documento adicionado \u00e0 lista, o minist\u00e9rio explicou que nos hospitais do governo, o pessoal inclui as informa\u00e7\u00f5es de cada morto em uma base de dados digitalizada. Estes dados s\u00e3o transmitidos depois ao &#8220;registro central dos m\u00e1rtires&#8221; do Minist\u00e9rio da Sa\u00fade diariamente. Se os mortos estiverem em hospitais particulares, suas informa\u00e7\u00f5es pessoais s\u00e3o registradas em um formul\u00e1rio especial, enviado &#8220;em um prazo de 24 horas&#8221; ao minist\u00e9rio.<\/p>\n\n\n\n<p>A pasta acrescenta, ent\u00e3o, os detalhes \u00e0 sua base de dados e &#8220;o centro de informa\u00e7\u00e3o&#8221; se encarrega de verificar as informa\u00e7\u00f5es transmitidas pelos hospitais para &#8220;garantir que n\u00e3o contenham informa\u00e7\u00f5es duplicadas ou erros&#8221;.<\/p>\n\n\n\n<h2 class=\"wp-block-heading\">Dados retomados pela ONU<\/h2>\n\n\n\n<p class=\"has-text-align-justify\">No fim de outubro, a AFP p\u00f4de acompanhar o procedimento adotado para fazer a contagem dos mortos no necrot\u00e9rio do hospital Nasser, em Khan Yunis, no sul de Gaza. Um m\u00e9dico legista examinava cada corpo, tirava fotos e anotava o nome e o local onde a pessoa havia morrido.<\/p>\n\n\n\n<p class=\"has-text-align-justify\">A partir desta informa\u00e7\u00e3o fornecida pelos legistas, o escrit\u00f3rio de gest\u00e3o de pacientes preenchia, depois, um formul\u00e1rio com os dados de cada &#8220;m\u00e1rtir&#8221; antes de introduzi-los em uma base de dados digital. O diretor do hospital, Nahed Abu Taaema, mostrou duas abas de um programa em seu computador. A primeira tinha a lista dos &#8220;m\u00e1rtires&#8221;, os mortos no conflito com Israel. A segunda, a de outros falecidos.<\/p>\n\n\n\n<p class=\"has-text-align-justify\">Em 27 de outubro, o diretor da Ag\u00eancia das Na\u00e7\u00f5es Unidas para os Refugiados Palestinos (UNRWA), Philippe Lazzarini, afirmou que os n\u00fameros de mortos divulgados pelo Minist\u00e9rio da Sa\u00fade nunca foram questionados em conflitos anteriores. As informa\u00e7\u00f5es publicadas pelo Minist\u00e9rio tamb\u00e9m s\u00e3o usadas pela Organiza\u00e7\u00e3o Mundial da Sa\u00fade em seus relat\u00f3rios sobre os Territ\u00f3rios Palestinos.<\/p>\n","protected":false},"excerpt":{"rendered":"<p>O Minist\u00e9rio da Sa\u00fade da\u00a0Faixa de Gaza, territ\u00f3rio governado pelo grupo terrorista palestino Hamas, anunciou, nesta segunda-feira, que os\u00a0bombardeios sem tr\u00e9gua de Israel\u00a0contra o territ\u00f3rio teriam deixado mais de 10 mil mortos. Mas, como a pasta faz essa contagem?\u00a0Israel\u00a0bombardeia a Faixa de\u00a0Gaza\u00a0sem tr\u00e9gua desde o ataque executado pelo Hamas no sul do territ\u00f3rio israelense, em [&hellip;]<\/p>\n","protected":false},"author":2,"featured_media":3579,"comment_status":"open","ping_status":"open","sticky":false,"template":"","format":"standard","meta":{"_jetpack_memberships_contains_paid_content":false,"footnotes":""},"categories":[15],"tags":[],"class_list":["post-3577","post","type-post","status-publish","format-standard","has-post-thumbnail","hentry","category-mundo"],"aioseo_notices":[],"jetpack_featured_media_url":"https:\/\/i0.wp.com\/minutobahia24h.com.br\/wp-content\/uploads\/2023\/11\/Sem-titulo-82.jpg?fit=888%2C592&ssl=1","jetpack_sharing_enabled":true,"_links":{"self":[{"href":"https:\/\/minutobahia24h.com.br\/index.php?rest_route=\/wp\/v2\/posts\/3577","targetHints":{"allow":["GET"]}}],"collection":[{"href":"https:\/\/minutobahia24h.com.br\/index.php?rest_route=\/wp\/v2\/posts"}],"about":[{"href":"https:\/\/minutobahia24h.com.br\/index.php?rest_route=\/wp\/v2\/types\/post"}],"author":[{"embeddable":true,"href":"https:\/\/minutobahia24h.com.br\/index.php?rest_route=\/wp\/v2\/users\/2"}],"replies":[{"embeddable":true,"href":"https:\/\/minutobahia24h.com.br\/index.php?rest_route=%2Fwp%2Fv2%2Fcomments&post=3577"}],"version-history":[{"count":1,"href":"https:\/\/minutobahia24h.com.br\/index.php?rest_route=\/wp\/v2\/posts\/3577\/revisions"}],"predecessor-version":[{"id":3580,"href":"https:\/\/minutobahia24h.com.br\/index.php?rest_route=\/wp\/v2\/posts\/3577\/revisions\/3580"}],"wp:featuredmedia":[{"embeddable":true,"href":"https:\/\/minutobahia24h.com.br\/index.php?rest_route=\/wp\/v2\/media\/3579"}],"wp:attachment":[{"href":"https:\/\/minutobahia24h.com.br\/index.php?rest_route=%2Fwp%2Fv2%2Fmedia&parent=3577"}],"wp:term":[{"taxonomy":"category","embeddable":true,"href":"https:\/\/minutobahia24h.com.br\/index.php?rest_route=%2Fwp%2Fv2%2Fcategories&post=3577"},{"taxonomy":"post_tag","embeddable":true,"href":"https:\/\/minutobahia24h.com.br\/index.php?rest_route=%2Fwp%2Fv2%2Ftags&post=3577"}],"curies":[{"name":"wp","href":"https:\/\/api.w.org\/{rel}","templated":true}]}}