{"id":35621,"date":"2025-09-25T07:24:57","date_gmt":"2025-09-25T10:24:57","guid":{"rendered":"https:\/\/minutobahia24h.com.br\/?p=35621"},"modified":"2025-09-25T07:24:59","modified_gmt":"2025-09-25T10:24:59","slug":"precatorio-do-fundef-e-abono-serao-pagos-aos-professores-em-2-de-outubro","status":"publish","type":"post","link":"https:\/\/minutobahia24h.com.br\/?p=35621","title":{"rendered":"Precat\u00f3rio do Fundef e abono ser\u00e3o pagos aos professores em\u00a02\u00a0de\u00a0outubro"},"content":{"rendered":"<div class=\"wp-block-image\">\n<figure class=\"aligncenter size-full\"><img data-recalc-dims=\"1\" fetchpriority=\"high\" decoding=\"async\" width=\"597\" height=\"419\" src=\"https:\/\/i0.wp.com\/minutobahia24h.com.br\/wp-content\/uploads\/2025\/09\/Sem-titulo-313.jpg?resize=597%2C419&#038;ssl=1\" alt=\"\" class=\"wp-image-35622\" srcset=\"https:\/\/i0.wp.com\/minutobahia24h.com.br\/wp-content\/uploads\/2025\/09\/Sem-titulo-313.jpg?w=597&amp;ssl=1 597w, https:\/\/i0.wp.com\/minutobahia24h.com.br\/wp-content\/uploads\/2025\/09\/Sem-titulo-313.jpg?resize=300%2C211&amp;ssl=1 300w\" sizes=\"(max-width: 597px) 100vw, 597px\" \/><figcaption class=\"wp-element-caption\">Foto: Luis Capell\u00e3o<br><\/figcaption><\/figure>\n<\/div>\n\n\n<p>O governador Jer\u00f4nimo Rodrigues (PT) confirmou nesta quarta-feira (24), em entrevista \u00e0 r\u00e1dio BandNews FM, que o abono extraordin\u00e1rio e a primeira parcela do precat\u00f3rio do FUNDEF ser\u00e3o pagos no pr\u00f3ximo dia 2 de outubro. A medida contempla professores e coordenadores pedag\u00f3gicos da rede estadual e refor\u00e7a a pol\u00edtica de valoriza\u00e7\u00e3o dos trabalhadores da educa\u00e7\u00e3o p\u00fablica.<\/p>\n\n\n\n<p>A iniciativa foi regulamentada pela Lei n\u00ba 14.981, aprovada pela Assembleia Legislativa da Bahia (ALBA) e sancionada pelo chefe do Executivo estadual. O benef\u00edcio \u00e9 voltado para servidores efetivos e contratados pelo Regime Especial de Direito Administrativo (REDA), tanto da ativa quanto aposentados, desde que estivessem regulares em folha no m\u00eas de agosto deste ano.<\/p>\n\n\n\n<p>O pagamento ser\u00e1 feito de forma proporcional \u00e0 carga hor\u00e1ria de cada profissional, tomando como base 20% dos recursos da Uni\u00e3o relacionados ao precat\u00f3rio judicial do FUNDEF. Professores com dois v\u00ednculos ter\u00e3o direito a receber em cada cargo. J\u00e1 aqueles com fun\u00e7\u00e3o em \u00e1reas diferentes s\u00f3 ser\u00e3o contemplados na atividade exercida dentro da educa\u00e7\u00e3o.<\/p>\n\n\n\n<p>Segundo o governo, cerca de 87 mil profissionais ser\u00e3o beneficiados, o que representa um impacto de aproximadamente R$ 1,7 bilh\u00e3o.&nbsp;De acordo com o planejamento, os valores referentes ao precat\u00f3rio ser\u00e3o creditados diretamente nas contas dos benefici\u00e1rios, enquanto o abono extraordin\u00e1rio ser\u00e1 depositado em folha suplementar. As despesas ficar\u00e3o a cargo do Tesouro Estadual.<\/p>\n\n\n\n<p>Bahia.ba<\/p>\n","protected":false},"excerpt":{"rendered":"<p>O governador Jer\u00f4nimo Rodrigues (PT) confirmou nesta quarta-feira (24), em entrevista \u00e0 r\u00e1dio BandNews FM, que o abono extraordin\u00e1rio e a primeira parcela do precat\u00f3rio do FUNDEF ser\u00e3o pagos no pr\u00f3ximo dia 2 de outubro. A medida contempla professores e coordenadores pedag\u00f3gicos da rede estadual e refor\u00e7a a pol\u00edtica de valoriza\u00e7\u00e3o dos trabalhadores da educa\u00e7\u00e3o [&hellip;]<\/p>\n","protected":false},"author":2,"featured_media":35622,"comment_status":"open","ping_status":"open","sticky":false,"template":"","format":"standard","meta":{"_jetpack_memberships_contains_paid_content":false,"footnotes":""},"categories":[39],"tags":[],"class_list":["post-35621","post","type-post","status-publish","format-standard","has-post-thumbnail","hentry","category-politica"],"aioseo_notices":[],"jetpack_featured_media_url":"https:\/\/i0.wp.com\/minutobahia24h.com.br\/wp-content\/uploads\/2025\/09\/Sem-titulo-313.jpg?fit=597%2C419&ssl=1","jetpack_sharing_enabled":true,"_links":{"self":[{"href":"https:\/\/minutobahia24h.com.br\/index.php?rest_route=\/wp\/v2\/posts\/35621","targetHints":{"allow":["GET"]}}],"collection":[{"href":"https:\/\/minutobahia24h.com.br\/index.php?rest_route=\/wp\/v2\/posts"}],"about":[{"href":"https:\/\/minutobahia24h.com.br\/index.php?rest_route=\/wp\/v2\/types\/post"}],"author":[{"embeddable":true,"href":"https:\/\/minutobahia24h.com.br\/index.php?rest_route=\/wp\/v2\/users\/2"}],"replies":[{"embeddable":true,"href":"https:\/\/minutobahia24h.com.br\/index.php?rest_route=%2Fwp%2Fv2%2Fcomments&post=35621"}],"version-history":[{"count":1,"href":"https:\/\/minutobahia24h.com.br\/index.php?rest_route=\/wp\/v2\/posts\/35621\/revisions"}],"predecessor-version":[{"id":35623,"href":"https:\/\/minutobahia24h.com.br\/index.php?rest_route=\/wp\/v2\/posts\/35621\/revisions\/35623"}],"wp:featuredmedia":[{"embeddable":true,"href":"https:\/\/minutobahia24h.com.br\/index.php?rest_route=\/wp\/v2\/media\/35622"}],"wp:attachment":[{"href":"https:\/\/minutobahia24h.com.br\/index.php?rest_route=%2Fwp%2Fv2%2Fmedia&parent=35621"}],"wp:term":[{"taxonomy":"category","embeddable":true,"href":"https:\/\/minutobahia24h.com.br\/index.php?rest_route=%2Fwp%2Fv2%2Fcategories&post=35621"},{"taxonomy":"post_tag","embeddable":true,"href":"https:\/\/minutobahia24h.com.br\/index.php?rest_route=%2Fwp%2Fv2%2Ftags&post=35621"}],"curies":[{"name":"wp","href":"https:\/\/api.w.org\/{rel}","templated":true}]}}