{"id":3561,"date":"2023-11-07T08:12:40","date_gmt":"2023-11-07T11:12:40","guid":{"rendered":"https:\/\/minutobahia24h.com.br\/?p=3561"},"modified":"2023-11-07T08:12:41","modified_gmt":"2023-11-07T11:12:41","slug":"prazo-para-pedir-reaplicacao-do-enem-sera-de-13-a-17-de-novembro","status":"publish","type":"post","link":"https:\/\/minutobahia24h.com.br\/?p=3561","title":{"rendered":"Prazo para pedir reaplica\u00e7\u00e3o do Enem ser\u00e1 de 13 a 17 de novembro"},"content":{"rendered":"<div class=\"wp-block-image\">\n<figure class=\"aligncenter size-full\"><img data-recalc-dims=\"1\" fetchpriority=\"high\" decoding=\"async\" width=\"601\" height=\"420\" src=\"https:\/\/i0.wp.com\/minutobahia24h.com.br\/wp-content\/uploads\/2023\/11\/Sem-titulo-78.jpg?resize=601%2C420&#038;ssl=1\" alt=\"\" class=\"wp-image-3563\" srcset=\"https:\/\/i0.wp.com\/minutobahia24h.com.br\/wp-content\/uploads\/2023\/11\/Sem-titulo-78.jpg?w=601&amp;ssl=1 601w, https:\/\/i0.wp.com\/minutobahia24h.com.br\/wp-content\/uploads\/2023\/11\/Sem-titulo-78.jpg?resize=300%2C210&amp;ssl=1 300w\" sizes=\"(max-width: 601px) 100vw, 601px\" \/><figcaption class=\"wp-element-caption\">Foto: Em\u00edlia Silberstein\/UnB Ag\u00eancia<br><\/figcaption><\/figure>\n<\/div>\n\n\n<p>O prazo para solicitar a reaplica\u00e7\u00e3o do Exame Nacional do Ensino M\u00e9dio (Enem) 2023 ser\u00e1 de 13 a 17 de novembro. Quem foi prejudicado por problemas log\u00edsticos ou acometido por doen\u00e7as infectocontagiosas, como prev\u00ea o edital, pode pedir, por meio da P\u00e1gina do Participante, para fazer as provas nos dias 12 e 13 de dezembro. O mesmo vale para as pessoas que n\u00e3o compareceram porque foram alocadas a uma dist\u00e2ncia superior a 30 quil\u00f4metros da resid\u00eancia informada na inscri\u00e7\u00e3o.<\/p>\n\n\n\n<p>O Instituto Nacional de Estudos e Pesquisas Educacionais An\u00edsio Teixeira (Inep) iniciou a aplica\u00e7\u00e3o no \u00faltimo domingo (5) e d\u00e1 seguimento em 12 de novembro<br>Infraestrutura e log\u00edstica \u2013 Se o participante foi afetado por problemas log\u00edsticos, como comprometimento da infraestrutura, falta de energia el\u00e9trica no local de prova ou erro de aplica\u00e7\u00e3o, ele pode solicitar a reaplica\u00e7\u00e3o.<\/p>\n\n\n\n<p><strong>Motivos de sa\u00fade&nbsp;<\/strong><\/p>\n\n\n\n<p>Quem faltou devido a sintomas de alguma das doen\u00e7as infectocontagiosas listadas no edital tamb\u00e9m pode fazer o Enem em dezembro. Est\u00e3o previstas: covid-19; tuberculose; coqueluche; difteria; doen\u00e7a invasiva por Haemophilus influenza; doen\u00e7a meningoc\u00f3cica e outras meningites; var\u00edola; Influenza humana A e B; poliomielite por poliov\u00edrus selvagem; sarampo; rub\u00e9ola e varicela.<\/p>\n\n\n\n<p><strong>Documentos<\/strong><\/p>\n\n\n\n<p>Nos casos de doen\u00e7as infectocontagiosas, os pedidos de reaplica\u00e7\u00e3o devem ser acompanhados por documentos comprobat\u00f3rios, que ser\u00e3o analisados pelo Inep individualmente. J\u00e1 em rela\u00e7\u00e3o aos problemas log\u00edsticos, o Instituto avaliar\u00e1 as solicita\u00e7\u00f5es, de acordo com as intercorr\u00eancias registradas.<\/p>\n\n\n\n<p><strong>Fora das regras<\/strong><\/p>\n\n\n\n<p>Quem faltou a qualquer um dos domingos por motivos que n\u00e3o se enquadram no edital n\u00e3o tem direito \u00e0 reaplica\u00e7\u00e3o. O participante ser\u00e1 considerado ausente e as notas das provas realizadas servir\u00e3o apenas para autoavalia\u00e7\u00e3o de conhecimento. Vale ressaltar que as pessoas alocadas a mais de 30 quil\u00f4metros da resid\u00eancia t\u00eam o direito \u00e0 reaplica\u00e7\u00e3o garantido.<\/p>\n\n\n\n<p>Bahia.ba<\/p>\n","protected":false},"excerpt":{"rendered":"<p>O prazo para solicitar a reaplica\u00e7\u00e3o do Exame Nacional do Ensino M\u00e9dio (Enem) 2023 ser\u00e1 de 13 a 17 de novembro. Quem foi prejudicado por problemas log\u00edsticos ou acometido por doen\u00e7as infectocontagiosas, como prev\u00ea o edital, pode pedir, por meio da P\u00e1gina do Participante, para fazer as provas nos dias 12 e 13 de dezembro. [&hellip;]<\/p>\n","protected":false},"author":2,"featured_media":3563,"comment_status":"open","ping_status":"open","sticky":false,"template":"","format":"standard","meta":{"_jetpack_memberships_contains_paid_content":false,"footnotes":""},"categories":[2],"tags":[],"class_list":["post-3561","post","type-post","status-publish","format-standard","has-post-thumbnail","hentry","category-nacional"],"aioseo_notices":[],"jetpack_featured_media_url":"https:\/\/i0.wp.com\/minutobahia24h.com.br\/wp-content\/uploads\/2023\/11\/Sem-titulo-78.jpg?fit=601%2C420&ssl=1","jetpack_sharing_enabled":true,"_links":{"self":[{"href":"https:\/\/minutobahia24h.com.br\/index.php?rest_route=\/wp\/v2\/posts\/3561","targetHints":{"allow":["GET"]}}],"collection":[{"href":"https:\/\/minutobahia24h.com.br\/index.php?rest_route=\/wp\/v2\/posts"}],"about":[{"href":"https:\/\/minutobahia24h.com.br\/index.php?rest_route=\/wp\/v2\/types\/post"}],"author":[{"embeddable":true,"href":"https:\/\/minutobahia24h.com.br\/index.php?rest_route=\/wp\/v2\/users\/2"}],"replies":[{"embeddable":true,"href":"https:\/\/minutobahia24h.com.br\/index.php?rest_route=%2Fwp%2Fv2%2Fcomments&post=3561"}],"version-history":[{"count":1,"href":"https:\/\/minutobahia24h.com.br\/index.php?rest_route=\/wp\/v2\/posts\/3561\/revisions"}],"predecessor-version":[{"id":3564,"href":"https:\/\/minutobahia24h.com.br\/index.php?rest_route=\/wp\/v2\/posts\/3561\/revisions\/3564"}],"wp:featuredmedia":[{"embeddable":true,"href":"https:\/\/minutobahia24h.com.br\/index.php?rest_route=\/wp\/v2\/media\/3563"}],"wp:attachment":[{"href":"https:\/\/minutobahia24h.com.br\/index.php?rest_route=%2Fwp%2Fv2%2Fmedia&parent=3561"}],"wp:term":[{"taxonomy":"category","embeddable":true,"href":"https:\/\/minutobahia24h.com.br\/index.php?rest_route=%2Fwp%2Fv2%2Fcategories&post=3561"},{"taxonomy":"post_tag","embeddable":true,"href":"https:\/\/minutobahia24h.com.br\/index.php?rest_route=%2Fwp%2Fv2%2Ftags&post=3561"}],"curies":[{"name":"wp","href":"https:\/\/api.w.org\/{rel}","templated":true}]}}