{"id":35576,"date":"2025-09-24T07:35:47","date_gmt":"2025-09-24T10:35:47","guid":{"rendered":"https:\/\/minutobahia24h.com.br\/?p=35576"},"modified":"2025-09-24T07:35:49","modified_gmt":"2025-09-24T10:35:49","slug":"ccj-do-senado-vota-nesta-quarta-parecer-contrario-a-pec-da-blindagem","status":"publish","type":"post","link":"https:\/\/minutobahia24h.com.br\/?p=35576","title":{"rendered":"CCJ do Senado vota nesta quarta parecer contr\u00e1rio \u00e0 PEC da Blindagem"},"content":{"rendered":"<div class=\"wp-block-image\">\n<figure class=\"aligncenter size-large\"><img data-recalc-dims=\"1\" fetchpriority=\"high\" decoding=\"async\" width=\"800\" height=\"534\" src=\"https:\/\/i0.wp.com\/minutobahia24h.com.br\/wp-content\/uploads\/2025\/09\/Sem-titulo-300-1024x684.jpg?resize=800%2C534&#038;ssl=1\" alt=\"\" class=\"wp-image-35577\" srcset=\"https:\/\/i0.wp.com\/minutobahia24h.com.br\/wp-content\/uploads\/2025\/09\/Sem-titulo-300.jpg?resize=1024%2C684&amp;ssl=1 1024w, https:\/\/i0.wp.com\/minutobahia24h.com.br\/wp-content\/uploads\/2025\/09\/Sem-titulo-300.jpg?resize=300%2C200&amp;ssl=1 300w, https:\/\/i0.wp.com\/minutobahia24h.com.br\/wp-content\/uploads\/2025\/09\/Sem-titulo-300.jpg?resize=768%2C513&amp;ssl=1 768w, https:\/\/i0.wp.com\/minutobahia24h.com.br\/wp-content\/uploads\/2025\/09\/Sem-titulo-300.jpg?resize=750%2C501&amp;ssl=1 750w, https:\/\/i0.wp.com\/minutobahia24h.com.br\/wp-content\/uploads\/2025\/09\/Sem-titulo-300.jpg?resize=1140%2C761&amp;ssl=1 1140w, https:\/\/i0.wp.com\/minutobahia24h.com.br\/wp-content\/uploads\/2025\/09\/Sem-titulo-300.jpg?w=1200&amp;ssl=1 1200w\" sizes=\"(max-width: 800px) 100vw, 800px\" \/><\/figure>\n<\/div>\n\n\n<p>A Comiss\u00e3o de Constitui\u00e7\u00e3o e Justi\u00e7a (CCJ) do Senado vota nesta quarta-feira (24) a<a class=\"\" href=\"https:\/\/g1.globo.com\/politica\/noticia\/2025\/09\/23\/pec-da-blindagem-e-golpe-fatal-no-congresso-diz-relator-no-parecer-pela-rejeicao-do-texto.ghtml\">\u00a0PEC da Blindagem,<\/a>\u00a0que d\u00e1 ao Congresso o poder de autorizar ou barrar a abertura de processos contra parlamentares. O relator, Alessandro Vieira (MDB-SE), pediu em seu parecer a rejei\u00e7\u00e3o da proposta de emenda \u00e0 Constitui\u00e7\u00e3o (PEC) e alegou que o texto \u00e9 inconstitucional.<\/p>\n\n\n\n<p>&#8221; [A PEC] configura portas abertas para a transforma\u00e7\u00e3o do Legislativo em abrigo seguro para criminosos de todos os tipos&#8221;, afirmou.<\/p>\n\n\n\n<p>Devido \u00e0 repercuss\u00e3o negativa, a tend\u00eancia \u00e9 que o Senado rejeite e arquive definitivamente a medida.<\/p>\n\n\n\n<p>Parlamentares da base \u00e0 oposi\u00e7\u00e3o se posicionaram de forma contr\u00e1ria. Para o l\u00edder do PL, Carlos Portinho (RJ), &#8220;isso n\u00e3o \u00e9 uma quest\u00e3o de esquerda ou direita&#8221;. &#8220;Ningu\u00e9m est\u00e1 aqui para defender bandido. O texto deve ser derrubado amanh\u00e3&#8221;, disse.<\/p>\n\n\n\n<p>Segundo ele, esta PEC j\u00e1 est\u00e1 &#8220;desvirtuada&#8221;. Portinho defende que a pauta da oposi\u00e7\u00e3o de &#8220;refor\u00e7ar a garantia das prerrogativas parlamentares&#8221; diante do Poder Judici\u00e1rio deve ser retomada em outro projeto, em uma discuss\u00e3o diferente.<\/p>\n\n\n\n<p><a class=\"\" href=\"https:\/\/g1.globo.com\/politica\/noticia\/2025\/09\/21\/atos-contra-a-pec-da-blindagem-e-o-pl-da-anistia-reunem-manifestantes-em-brasilia-salvador-e-joao-pessoa.ghtml\">A C\u00e2mara concluiu a aprova\u00e7\u00e3o<\/a>&nbsp;da mat\u00e9ria na quarta (17) passada, em uma vota\u00e7\u00e3o repentina. Atos contr\u00e1rios ao projeto aconteceram em todas as 27 capitais brasileiras neste domingo (21).<\/p>\n\n\n\n<p><a class=\"\" href=\"https:\/\/g1.globo.com\/politica\/noticia\/2025\/09\/16\/pec-da-blindagem-congresso-autorizou-apenas-um-processo-contra-parlamentar-entre-1988-e-2001.ghtml\">Um levantamento do g1<\/a>&nbsp;mostrou que, entre 1988 e 2001, quando essa mesma regra valia, o Congresso protegeu os seus parlamentares e autorizou apenas um processo em todo o per\u00edodo.<\/p>\n\n\n\n<h2 class=\"wp-block-heading\">Depois da CCJ, quais os pr\u00f3ximos passos?<\/h2>\n\n\n\n<p>Se a PEC for derrotada na CCJ, ela pode ser arquivada, de forma definitiva, ou ainda passar pelo plen\u00e1rio da Casa. A c\u00fapula do Senado ainda n\u00e3o divulgou se vai remeter o texto ao plen\u00e1rio principal, formado por 81 senadores,- uma etapa que n\u00e3o \u00e9 obrigat\u00f3ria.<\/p>\n\n\n\n<p>Pelas regras do Senado, se o projeto for rejeitado pela comiss\u00e3o, desde que n\u00e3o seja de forma un\u00e2nime, um recurso assinado por nove senadores pode pedir, dentro de at\u00e9 dois dias, que o plen\u00e1rio ainda vote o texto.<\/p>\n\n\n\n<p>Outro caminho \u00e9 o presidente da Casa, Davi Alcolumbre (Uni\u00e3o-AP), escolher sozinho pautar em plen\u00e1rio. Esse foi um cen\u00e1rio combinado entre ele e o presidente da CCJ, Otto Alencar (PSD-BA), contr\u00e1rio \u00e0 PEC, na semana passada.<\/p>\n\n\n\n<p>Mas, um l\u00edder pr\u00f3ximo a Alcolumbre ponderou nesta ter\u00e7a-feira (23) que talvez ele opte por n\u00e3o levar o texto ao plen\u00e1rio com o objetivo de &#8220;preservar&#8221; o presidente da C\u00e2mara, Hugo Motta (Republicanos-PB), encerrando logo o assunto na comiss\u00e3o.<\/p>\n\n\n\n<p>J\u00e1 o l\u00edder do governo no Congresso, Randolfe Rodrigues (PT-AP), projeta que, caso a PEC passe pelo plen\u00e1rio, ser\u00e1 uma oportunidade de &#8220;enterr\u00e1-la&#8221; de vez.<\/p>\n\n\n\n<p>H\u00e1 a chance de algum parlamentar pedir vista, ou seja, mais tempo para que a CCJ analise o tema. Desta forma, a vota\u00e7\u00e3o na comiss\u00e3o seria adiada.<\/p>\n\n\n\n<p>Uma \u00faltima possibilidade \u00e9 a apresenta\u00e7\u00e3o, por algum dos 27 membros da comiss\u00e3o, de um voto alternativo, favor\u00e1vel \u00e0 proposta, em contraposi\u00e7\u00e3o ao relator. Somente se o parecer de Alessandro Vieira n\u00e3o passar, esta op\u00e7\u00e3o seria cogitada.<\/p>\n\n\n\n<p>S\u00e9rgio Moro (Uni\u00e3o-PR) mais 13 senadores apresentaram uma sugest\u00e3o de mudan\u00e7a (emenda) \u00e0 PEC para estabelecer que apenas a abertura de processos contra parlamentares por crimes contra honra ter\u00e1 de ser autorizada previamente pelo Congresso.<\/p>\n\n\n\n<p>Como o relator pediu a rejei\u00e7\u00e3o de todo o conte\u00fado da proposta, essa emenda n\u00e3o poder\u00e1 ser votada separadamente, como um destaque.<\/p>\n\n\n\n<h2 class=\"wp-block-heading\">O que diz a PEC?<\/h2>\n\n\n\n<p>Veja pontos da proposta:<\/p>\n\n\n\n<p>\u25b6\ufe0f prev\u00ea que deputados e senadores somente poder\u00e3o ser processados criminalmente ap\u00f3s aval da Casa do parlamentar\u2014 C\u00e2mara ou Senado- em vota\u00e7\u00e3o secreta, sem registro nominal de votos. O texto n\u00e3o mexe na prerrogativa da Pol\u00edcia Federal de abrir investiga\u00e7\u00f5es;<\/p>\n\n\n\n<p>\u25b6\ufe0f determina vota\u00e7\u00e3o secreta para vota\u00e7\u00e3o de pris\u00e3o em flagrante de parlamentares. Hoje, a Constitui\u00e7\u00e3o permite que deputados e senadores sejam presos em caso de flagrante de crime inafian\u00e7\u00e1vel, desde que o Congresso valide a deten\u00e7\u00e3o;<\/p>\n\n\n\n<p>\u25b6\ufe0f o texto estende o foro privilegiado aos presidentes nacionais de partidos que tenham parlamentares eleitos. A medida possibilitar\u00e1 que eles sejam julgados criminalmente apenas pelo Supremo Tribunal Federal (STF);<\/p>\n\n\n\n<p>\u25b6\ufe0f estabelece que medidas cautelares, como busca e apreens\u00e3o e bloqueios de bens, contra congressistas somente poder\u00e3o ser decretadas por ordem do STF.<\/p>\n\n\n\n<p>A coaliz\u00e3o Pacto pela Democracia disse que a proposta pode acabar com a\u00e7\u00f5es sobre desvios de dinheiro p\u00fablico proveniente de emendas parlamentares. Entidades alertam que o projeto pode dificultar a longo prazo o avan\u00e7o de investiga\u00e7\u00f5es contra o crime organizado.<\/p>\n","protected":false},"excerpt":{"rendered":"<p>A Comiss\u00e3o de Constitui\u00e7\u00e3o e Justi\u00e7a (CCJ) do Senado vota nesta quarta-feira (24) a\u00a0PEC da Blindagem,\u00a0que d\u00e1 ao Congresso o poder de autorizar ou barrar a abertura de processos contra parlamentares. O relator, Alessandro Vieira (MDB-SE), pediu em seu parecer a rejei\u00e7\u00e3o da proposta de emenda \u00e0 Constitui\u00e7\u00e3o (PEC) e alegou que o texto \u00e9 [&hellip;]<\/p>\n","protected":false},"author":2,"featured_media":35577,"comment_status":"open","ping_status":"open","sticky":false,"template":"","format":"standard","meta":{"_jetpack_memberships_contains_paid_content":false,"footnotes":""},"categories":[39],"tags":[],"class_list":["post-35576","post","type-post","status-publish","format-standard","has-post-thumbnail","hentry","category-politica"],"aioseo_notices":[],"jetpack_featured_media_url":"https:\/\/i0.wp.com\/minutobahia24h.com.br\/wp-content\/uploads\/2025\/09\/Sem-titulo-300.jpg?fit=1200%2C801&ssl=1","jetpack_sharing_enabled":true,"_links":{"self":[{"href":"https:\/\/minutobahia24h.com.br\/index.php?rest_route=\/wp\/v2\/posts\/35576","targetHints":{"allow":["GET"]}}],"collection":[{"href":"https:\/\/minutobahia24h.com.br\/index.php?rest_route=\/wp\/v2\/posts"}],"about":[{"href":"https:\/\/minutobahia24h.com.br\/index.php?rest_route=\/wp\/v2\/types\/post"}],"author":[{"embeddable":true,"href":"https:\/\/minutobahia24h.com.br\/index.php?rest_route=\/wp\/v2\/users\/2"}],"replies":[{"embeddable":true,"href":"https:\/\/minutobahia24h.com.br\/index.php?rest_route=%2Fwp%2Fv2%2Fcomments&post=35576"}],"version-history":[{"count":1,"href":"https:\/\/minutobahia24h.com.br\/index.php?rest_route=\/wp\/v2\/posts\/35576\/revisions"}],"predecessor-version":[{"id":35578,"href":"https:\/\/minutobahia24h.com.br\/index.php?rest_route=\/wp\/v2\/posts\/35576\/revisions\/35578"}],"wp:featuredmedia":[{"embeddable":true,"href":"https:\/\/minutobahia24h.com.br\/index.php?rest_route=\/wp\/v2\/media\/35577"}],"wp:attachment":[{"href":"https:\/\/minutobahia24h.com.br\/index.php?rest_route=%2Fwp%2Fv2%2Fmedia&parent=35576"}],"wp:term":[{"taxonomy":"category","embeddable":true,"href":"https:\/\/minutobahia24h.com.br\/index.php?rest_route=%2Fwp%2Fv2%2Fcategories&post=35576"},{"taxonomy":"post_tag","embeddable":true,"href":"https:\/\/minutobahia24h.com.br\/index.php?rest_route=%2Fwp%2Fv2%2Ftags&post=35576"}],"curies":[{"name":"wp","href":"https:\/\/api.w.org\/{rel}","templated":true}]}}