{"id":35489,"date":"2025-09-23T06:40:54","date_gmt":"2025-09-23T09:40:54","guid":{"rendered":"https:\/\/minutobahia24h.com.br\/?p=35489"},"modified":"2025-09-23T06:40:55","modified_gmt":"2025-09-23T09:40:55","slug":"homem-e-preso-acusado-por-estuprar-as-duas-enteadas-menores-de-idade-em-euclides-da-cunha","status":"publish","type":"post","link":"https:\/\/minutobahia24h.com.br\/?p=35489","title":{"rendered":"Homem \u00e9 preso acusado por estuprar as duas enteadas menores de idade em Euclides da Cunha"},"content":{"rendered":"<div class=\"wp-block-image\">\n<figure class=\"aligncenter size-full\"><img data-recalc-dims=\"1\" fetchpriority=\"high\" decoding=\"async\" width=\"700\" height=\"365\" src=\"https:\/\/i0.wp.com\/minutobahia24h.com.br\/wp-content\/uploads\/2025\/09\/Sem-titulo-271.jpg?resize=700%2C365&#038;ssl=1\" alt=\"\" class=\"wp-image-35490\" srcset=\"https:\/\/i0.wp.com\/minutobahia24h.com.br\/wp-content\/uploads\/2025\/09\/Sem-titulo-271.jpg?w=700&amp;ssl=1 700w, https:\/\/i0.wp.com\/minutobahia24h.com.br\/wp-content\/uploads\/2025\/09\/Sem-titulo-271.jpg?resize=300%2C156&amp;ssl=1 300w\" sizes=\"(max-width: 700px) 100vw, 700px\" \/><figcaption class=\"wp-element-caption\">Foto Ilustrativa: Reprodu\u00e7\u00e3o \/ Ascom \/ PC-BA<\/figcaption><\/figure>\n<\/div>\n\n\n<p>A Pol\u00edcia Civil da Bahia prendeu um homem de 46 anos, em Euclides da Cunha, acusado de estuprar as duas enteadas, de 11 e 13 anos. A pris\u00e3o, por meio de um mandado preventivo, ocorreu na \u00faltima sexta-feira (19). O homem segue preso ap\u00f3s a m\u00e3e das v\u00edtimas procurar a pol\u00edcia. As informa\u00e7\u00f5es s\u00e3o do site&nbsp;<a href=\"https:\/\/www.bahianoticias.com.br\/municipios\/noticia\/47282-homem-e-preso-por-estuprar-as-duas-enteadas-menores-de-idade-em-euclides-da-cunha\">Bahia Not\u00edcias<\/a>, parceiro RedeGN.<\/p>\n\n\n\n<p>As investiga\u00e7\u00f5es, que tiveram in\u00edcio ap\u00f3s uma den\u00fancia da m\u00e3e das v\u00edtimas, revelaram que os abusos come\u00e7aram h\u00e1 anos, quando a enteada mais velha tinha apenas cinco anos. Com o tempo, o homem tamb\u00e9m passou a abusar da crian\u00e7a mais nova.<\/p>\n\n\n\n<p>Ap\u00f3s a den\u00fancia, o suspeito fugiu da casa onde morava com a fam\u00edlia. O delegado respons\u00e1vel pelo caso solicitou a pris\u00e3o preventiva, que foi autorizada pelo Poder Judici\u00e1rio.&nbsp;<\/p>\n\n\n\n<p>O acusado foi localizado e encaminhado para o Departamento de Pol\u00edcia T\u00e9cnica (DPT) para a realiza\u00e7\u00e3o do exame de corpo de delito. Ele est\u00e1 preso e permanece \u00e0 disposi\u00e7\u00e3o da Justi\u00e7a.<\/p>\n\n\n\n<p>Bahia Not\u00edcias<\/p>\n","protected":false},"excerpt":{"rendered":"<p>A Pol\u00edcia Civil da Bahia prendeu um homem de 46 anos, em Euclides da Cunha, acusado de estuprar as duas enteadas, de 11 e 13 anos. A pris\u00e3o, por meio de um mandado preventivo, ocorreu na \u00faltima sexta-feira (19). O homem segue preso ap\u00f3s a m\u00e3e das v\u00edtimas procurar a pol\u00edcia. As informa\u00e7\u00f5es s\u00e3o do [&hellip;]<\/p>\n","protected":false},"author":2,"featured_media":35490,"comment_status":"open","ping_status":"open","sticky":false,"template":"","format":"standard","meta":{"_jetpack_memberships_contains_paid_content":false,"footnotes":""},"categories":[3],"tags":[],"class_list":["post-35489","post","type-post","status-publish","format-standard","has-post-thumbnail","hentry","category-regional"],"aioseo_notices":[],"jetpack_featured_media_url":"https:\/\/i0.wp.com\/minutobahia24h.com.br\/wp-content\/uploads\/2025\/09\/Sem-titulo-271.jpg?fit=700%2C365&ssl=1","jetpack_sharing_enabled":true,"_links":{"self":[{"href":"https:\/\/minutobahia24h.com.br\/index.php?rest_route=\/wp\/v2\/posts\/35489","targetHints":{"allow":["GET"]}}],"collection":[{"href":"https:\/\/minutobahia24h.com.br\/index.php?rest_route=\/wp\/v2\/posts"}],"about":[{"href":"https:\/\/minutobahia24h.com.br\/index.php?rest_route=\/wp\/v2\/types\/post"}],"author":[{"embeddable":true,"href":"https:\/\/minutobahia24h.com.br\/index.php?rest_route=\/wp\/v2\/users\/2"}],"replies":[{"embeddable":true,"href":"https:\/\/minutobahia24h.com.br\/index.php?rest_route=%2Fwp%2Fv2%2Fcomments&post=35489"}],"version-history":[{"count":1,"href":"https:\/\/minutobahia24h.com.br\/index.php?rest_route=\/wp\/v2\/posts\/35489\/revisions"}],"predecessor-version":[{"id":35491,"href":"https:\/\/minutobahia24h.com.br\/index.php?rest_route=\/wp\/v2\/posts\/35489\/revisions\/35491"}],"wp:featuredmedia":[{"embeddable":true,"href":"https:\/\/minutobahia24h.com.br\/index.php?rest_route=\/wp\/v2\/media\/35490"}],"wp:attachment":[{"href":"https:\/\/minutobahia24h.com.br\/index.php?rest_route=%2Fwp%2Fv2%2Fmedia&parent=35489"}],"wp:term":[{"taxonomy":"category","embeddable":true,"href":"https:\/\/minutobahia24h.com.br\/index.php?rest_route=%2Fwp%2Fv2%2Fcategories&post=35489"},{"taxonomy":"post_tag","embeddable":true,"href":"https:\/\/minutobahia24h.com.br\/index.php?rest_route=%2Fwp%2Fv2%2Ftags&post=35489"}],"curies":[{"name":"wp","href":"https:\/\/api.w.org\/{rel}","templated":true}]}}