{"id":3529,"date":"2023-11-06T18:32:33","date_gmt":"2023-11-06T21:32:33","guid":{"rendered":"https:\/\/minutobahia24h.com.br\/?p=3529"},"modified":"2023-11-06T18:32:35","modified_gmt":"2023-11-06T21:32:35","slug":"ministro-garante-renegociacao-do-fies-a-partir-desta-terca-feira-7","status":"publish","type":"post","link":"https:\/\/minutobahia24h.com.br\/?p=3529","title":{"rendered":"Ministro garante renegocia\u00e7\u00e3o do Fies a partir desta ter\u00e7a-feira (7)"},"content":{"rendered":"<div class=\"wp-block-image\">\n<figure class=\"aligncenter size-full\"><img data-recalc-dims=\"1\" fetchpriority=\"high\" decoding=\"async\" width=\"600\" height=\"420\" src=\"https:\/\/i0.wp.com\/minutobahia24h.com.br\/wp-content\/uploads\/2023\/11\/Sem-titulo-70.jpg?resize=600%2C420&#038;ssl=1\" alt=\"\" class=\"wp-image-3531\" srcset=\"https:\/\/i0.wp.com\/minutobahia24h.com.br\/wp-content\/uploads\/2023\/11\/Sem-titulo-70.jpg?w=600&amp;ssl=1 600w, https:\/\/i0.wp.com\/minutobahia24h.com.br\/wp-content\/uploads\/2023\/11\/Sem-titulo-70.jpg?resize=300%2C210&amp;ssl=1 300w\" sizes=\"(max-width: 600px) 100vw, 600px\" \/><figcaption class=\"wp-element-caption\">Foto: Jos\u00e9 Cruz\/Ag\u00eancia Brasil<br><\/figcaption><\/figure>\n<\/div>\n\n\n<p>O presidente Luiz In\u00e1cio Lula da Silva esteve com o ministro da Educa\u00e7\u00e3o, Camilo Santana, e representantes da Caixa Econ\u00f4mica Federal, Banco do Brasil e do Fundo Nacional de Desenvolvimento da Educa\u00e7\u00e3o, nesta segunda-feira (6). Durante a reuni\u00e3o foi abordada a estrat\u00e9gia de atendimento das renegocia\u00e7\u00f5es de d\u00edvidas do Programa de Financiamento Estudantil (Fies).<\/p>\n\n\n\n<p>Camilo garantiu que as negocia\u00e7\u00f5es t\u00eam in\u00edcio nesta ter\u00e7a-feira (7). De acordo com ele, a resolu\u00e7\u00e3o com todas informa\u00e7\u00f5es sobre o atendimento deve ser publicada do Di\u00e1rio Oficial da Uni\u00e3o (DOU) ainda hoje, para que os trabalhos j\u00e1 comecem amanh\u00e3.No Brasil todo, s\u00e3o mais de 1,2 milh\u00e3o de contratos inadimplentes do Fies.<\/p>\n\n\n\n<p>\u201cS\u00e3o mais de 1,8 milh\u00e3o de pessoas que ter\u00e3o o direito de renegociar. Isso significa R$ 54 bilh\u00f5es de d\u00edvidas que poder\u00e3o ser renegociadas com condi\u00e7\u00f5es muito favor\u00e1veis, podendo chegar ao desconto de 99% do valor principal e 100% dos juros de multa. Voc\u00ea pode pagar 1% da d\u00edvida, dependendo da condi\u00e7\u00e3o que ela esteja\u201d, explicou o ministro.<\/p>\n\n\n\n<p>\u201cA preocupa\u00e7\u00e3o do presidente \u00e9 realizar essas negocia\u00e7\u00f5es o mais r\u00e1pido poss\u00edvel. A partir de amanh\u00e3, as ag\u00eancia de todo Brasil da Caixa e do Banco do Brasil j\u00e1 poder\u00e3o receber esses clientes do Fies. O atendimento vai ocorrer, inclusive, por telefone, via 0800\u201d, declarou Camilo.<\/p>\n\n\n\n<p>Segundo o ministro, inadimplentes e adimplentes poder\u00e3o renegociar os pagamentos com condi\u00e7\u00f5es especiais. Ao comentar sobre novas regras que est\u00e3o sendo pensadas para o financiamento, Camilo tamb\u00e9m enfatizou que ser\u00e1 considerado quem s\u00e3o as pessoas que n\u00e3o pagam \u201cporque n\u00e3o querem\u201d e quem \u201cn\u00e3o paga porque n\u00e3o tem condi\u00e7\u00f5es\u201d.<\/p>\n\n\n\n<p>O estado com o maior n\u00famero \u00e9 S\u00e3o Paulo (294 mil), seguindo por Minas Gerais (127 mil), Bahia (108 mil) e Rio de Janeiro (96 mil). Os estados que registram o menor n\u00famero de n\u00e3o pagantes s\u00e3o: Roraima (4,2 mil), Tocantins (5 mil) e Rond\u00f4nia (8 mil). Os dados foram divulgados pelo Minist\u00e9rio da Educa\u00e7\u00e3o (MEC).<\/p>\n\n\n\n<p>Bahia.ba<\/p>\n","protected":false},"excerpt":{"rendered":"<p>O presidente Luiz In\u00e1cio Lula da Silva esteve com o ministro da Educa\u00e7\u00e3o, Camilo Santana, e representantes da Caixa Econ\u00f4mica Federal, Banco do Brasil e do Fundo Nacional de Desenvolvimento da Educa\u00e7\u00e3o, nesta segunda-feira (6). Durante a reuni\u00e3o foi abordada a estrat\u00e9gia de atendimento das renegocia\u00e7\u00f5es de d\u00edvidas do Programa de Financiamento Estudantil (Fies). Camilo [&hellip;]<\/p>\n","protected":false},"author":2,"featured_media":3531,"comment_status":"open","ping_status":"open","sticky":false,"template":"","format":"standard","meta":{"_jetpack_memberships_contains_paid_content":false,"footnotes":""},"categories":[34],"tags":[],"class_list":["post-3529","post","type-post","status-publish","format-standard","has-post-thumbnail","hentry","category-educacao"],"aioseo_notices":[],"jetpack_featured_media_url":"https:\/\/i0.wp.com\/minutobahia24h.com.br\/wp-content\/uploads\/2023\/11\/Sem-titulo-70.jpg?fit=600%2C420&ssl=1","jetpack_sharing_enabled":true,"_links":{"self":[{"href":"https:\/\/minutobahia24h.com.br\/index.php?rest_route=\/wp\/v2\/posts\/3529","targetHints":{"allow":["GET"]}}],"collection":[{"href":"https:\/\/minutobahia24h.com.br\/index.php?rest_route=\/wp\/v2\/posts"}],"about":[{"href":"https:\/\/minutobahia24h.com.br\/index.php?rest_route=\/wp\/v2\/types\/post"}],"author":[{"embeddable":true,"href":"https:\/\/minutobahia24h.com.br\/index.php?rest_route=\/wp\/v2\/users\/2"}],"replies":[{"embeddable":true,"href":"https:\/\/minutobahia24h.com.br\/index.php?rest_route=%2Fwp%2Fv2%2Fcomments&post=3529"}],"version-history":[{"count":1,"href":"https:\/\/minutobahia24h.com.br\/index.php?rest_route=\/wp\/v2\/posts\/3529\/revisions"}],"predecessor-version":[{"id":3532,"href":"https:\/\/minutobahia24h.com.br\/index.php?rest_route=\/wp\/v2\/posts\/3529\/revisions\/3532"}],"wp:featuredmedia":[{"embeddable":true,"href":"https:\/\/minutobahia24h.com.br\/index.php?rest_route=\/wp\/v2\/media\/3531"}],"wp:attachment":[{"href":"https:\/\/minutobahia24h.com.br\/index.php?rest_route=%2Fwp%2Fv2%2Fmedia&parent=3529"}],"wp:term":[{"taxonomy":"category","embeddable":true,"href":"https:\/\/minutobahia24h.com.br\/index.php?rest_route=%2Fwp%2Fv2%2Fcategories&post=3529"},{"taxonomy":"post_tag","embeddable":true,"href":"https:\/\/minutobahia24h.com.br\/index.php?rest_route=%2Fwp%2Fv2%2Ftags&post=3529"}],"curies":[{"name":"wp","href":"https:\/\/api.w.org\/{rel}","templated":true}]}}