{"id":3525,"date":"2023-11-06T18:31:02","date_gmt":"2023-11-06T21:31:02","guid":{"rendered":"https:\/\/minutobahia24h.com.br\/?p=3525"},"modified":"2023-11-06T18:31:03","modified_gmt":"2023-11-06T21:31:03","slug":"lider-do-governo-na-cms-provoca-geraldo-pt-tem-dificuldade-para-ceder-cabeca-de-chapa","status":"publish","type":"post","link":"https:\/\/minutobahia24h.com.br\/?p=3525","title":{"rendered":"L\u00edder do governo na CMS provoca Geraldo: PT tem dificuldade para ceder cabe\u00e7a de chapa"},"content":{"rendered":"<div class=\"wp-block-image\">\n<figure class=\"aligncenter size-full\"><img data-recalc-dims=\"1\" fetchpriority=\"high\" decoding=\"async\" width=\"599\" height=\"419\" src=\"https:\/\/i0.wp.com\/minutobahia24h.com.br\/wp-content\/uploads\/2023\/11\/Sem-titulo-69.jpg?resize=599%2C419&#038;ssl=1\" alt=\"\" class=\"wp-image-3527\" srcset=\"https:\/\/i0.wp.com\/minutobahia24h.com.br\/wp-content\/uploads\/2023\/11\/Sem-titulo-69.jpg?w=599&amp;ssl=1 599w, https:\/\/i0.wp.com\/minutobahia24h.com.br\/wp-content\/uploads\/2023\/11\/Sem-titulo-69.jpg?resize=300%2C210&amp;ssl=1 300w\" sizes=\"(max-width: 599px) 100vw, 599px\" \/><figcaption class=\"wp-element-caption\">Foto: Max Haack\/ Ag. Haack\/ bahia.ba<br><\/figcaption><\/figure>\n<\/div>\n\n\n<p class=\"has-text-align-justify\">O l\u00edder do governo na C\u00e2mara de Vereadores de Salvador, Kiki Bispo (Uni\u00e3o Brasil), provocou o vice-governador da Bahia, Geraldo Jr. (MDB), e uma poss\u00edvel candidatura do emedebista a prefeito da capital em 2024, ao afirmar nesta segunda-feira (6) que o PT tem dificuldade para \u201cceder a cabe\u00e7a de chapa\u201d para os aliados na disputa das elei\u00e7\u00f5es majorit\u00e1rias.<\/p>\n\n\n\n<p class=\"has-text-align-justify\">Segundo Kiki, uma prov\u00e1vel candidatura de Geraldo ao Pal\u00e1cio Thom\u00e9 de Souza vai impactar diretamente as elei\u00e7\u00f5es proporcionais. \u201cEle ter\u00e1 dificuldades. Todo mundo conhece as hostes do PT, sabe como eles s\u00e3o fisiol\u00f3gicos, como eles s\u00e3o extremamente voltados para si. Geraldo \u00e9 um neogovernista, um neopetista, e isso tem impacto direto nas elei\u00e7\u00f5es proporcionais. A bancada do PT na C\u00e2mara de Vereadores de Salvador vai aceitar uma candidatura de Geraldo?\u201d, questionou o vereador em entrevista \u00e0 R\u00e1dio Mix Salvador.<\/p>\n\n\n\n<p class=\"has-text-align-justify\">Ele pregou ainda respeito aos oponentes e disse que o arco de alian\u00e7as do prefeito Bruno Reis (Uni\u00e3o Brasil) ser\u00e1 fortalecido. \u201cEles ter\u00e3o que resolver quem v\u00e3o escolher como candidato, temos que travar uma elei\u00e7\u00e3o combativa e com nivel, independentemente, do nome. Vamos correr os quatro cantos da cidade pedindo votos para a reelei\u00e7\u00e3o de Bruno Reis\u201d, acrescentou Kiki Bispo.<\/p>\n\n\n\n<p>Bahia.ba<\/p>\n","protected":false},"excerpt":{"rendered":"<p>O l\u00edder do governo na C\u00e2mara de Vereadores de Salvador, Kiki Bispo (Uni\u00e3o Brasil), provocou o vice-governador da Bahia, Geraldo Jr. (MDB), e uma poss\u00edvel candidatura do emedebista a prefeito da capital em 2024, ao afirmar nesta segunda-feira (6) que o PT tem dificuldade para \u201cceder a cabe\u00e7a de chapa\u201d para os aliados na disputa [&hellip;]<\/p>\n","protected":false},"author":2,"featured_media":3527,"comment_status":"open","ping_status":"open","sticky":false,"template":"","format":"standard","meta":{"_jetpack_memberships_contains_paid_content":false,"footnotes":""},"categories":[21],"tags":[],"class_list":["post-3525","post","type-post","status-publish","format-standard","has-post-thumbnail","hentry","category-bahia"],"aioseo_notices":[],"jetpack_featured_media_url":"https:\/\/i0.wp.com\/minutobahia24h.com.br\/wp-content\/uploads\/2023\/11\/Sem-titulo-69.jpg?fit=599%2C419&ssl=1","jetpack_sharing_enabled":true,"_links":{"self":[{"href":"https:\/\/minutobahia24h.com.br\/index.php?rest_route=\/wp\/v2\/posts\/3525","targetHints":{"allow":["GET"]}}],"collection":[{"href":"https:\/\/minutobahia24h.com.br\/index.php?rest_route=\/wp\/v2\/posts"}],"about":[{"href":"https:\/\/minutobahia24h.com.br\/index.php?rest_route=\/wp\/v2\/types\/post"}],"author":[{"embeddable":true,"href":"https:\/\/minutobahia24h.com.br\/index.php?rest_route=\/wp\/v2\/users\/2"}],"replies":[{"embeddable":true,"href":"https:\/\/minutobahia24h.com.br\/index.php?rest_route=%2Fwp%2Fv2%2Fcomments&post=3525"}],"version-history":[{"count":1,"href":"https:\/\/minutobahia24h.com.br\/index.php?rest_route=\/wp\/v2\/posts\/3525\/revisions"}],"predecessor-version":[{"id":3528,"href":"https:\/\/minutobahia24h.com.br\/index.php?rest_route=\/wp\/v2\/posts\/3525\/revisions\/3528"}],"wp:featuredmedia":[{"embeddable":true,"href":"https:\/\/minutobahia24h.com.br\/index.php?rest_route=\/wp\/v2\/media\/3527"}],"wp:attachment":[{"href":"https:\/\/minutobahia24h.com.br\/index.php?rest_route=%2Fwp%2Fv2%2Fmedia&parent=3525"}],"wp:term":[{"taxonomy":"category","embeddable":true,"href":"https:\/\/minutobahia24h.com.br\/index.php?rest_route=%2Fwp%2Fv2%2Fcategories&post=3525"},{"taxonomy":"post_tag","embeddable":true,"href":"https:\/\/minutobahia24h.com.br\/index.php?rest_route=%2Fwp%2Fv2%2Ftags&post=3525"}],"curies":[{"name":"wp","href":"https:\/\/api.w.org\/{rel}","templated":true}]}}