{"id":35029,"date":"2025-09-11T07:25:22","date_gmt":"2025-09-11T10:25:22","guid":{"rendered":"https:\/\/minutobahia24h.com.br\/?p=35029"},"modified":"2025-09-11T07:25:24","modified_gmt":"2025-09-11T10:25:24","slug":"fux-vota-para-condenar-braga-netto-por-tentativa-de-abolicao-do-estado-democratico-de-direito","status":"publish","type":"post","link":"https:\/\/minutobahia24h.com.br\/?p=35029","title":{"rendered":"Fux vota para condenar Braga Netto por tentativa de aboli\u00e7\u00e3o do Estado Democr\u00e1tico de Direito"},"content":{"rendered":"<div class=\"wp-block-image\">\n<figure class=\"aligncenter size-full\"><img data-recalc-dims=\"1\" fetchpriority=\"high\" decoding=\"async\" width=\"800\" height=\"533\" src=\"https:\/\/i0.wp.com\/minutobahia24h.com.br\/wp-content\/uploads\/2025\/09\/Sem-titulo-148.jpg?resize=800%2C533&#038;ssl=1\" alt=\"\" class=\"wp-image-35030\" srcset=\"https:\/\/i0.wp.com\/minutobahia24h.com.br\/wp-content\/uploads\/2025\/09\/Sem-titulo-148.jpg?w=984&amp;ssl=1 984w, https:\/\/i0.wp.com\/minutobahia24h.com.br\/wp-content\/uploads\/2025\/09\/Sem-titulo-148.jpg?resize=300%2C200&amp;ssl=1 300w, https:\/\/i0.wp.com\/minutobahia24h.com.br\/wp-content\/uploads\/2025\/09\/Sem-titulo-148.jpg?resize=768%2C512&amp;ssl=1 768w, https:\/\/i0.wp.com\/minutobahia24h.com.br\/wp-content\/uploads\/2025\/09\/Sem-titulo-148.jpg?resize=750%2C500&amp;ssl=1 750w\" sizes=\"(max-width: 800px) 100vw, 800px\" \/><figcaption class=\"wp-element-caption\">Ministro da Casa Civil, Walter Braga Netto \u2014 Foto: Isac N\u00f3brega\/PR<br><br><\/figcaption><\/figure>\n<\/div>\n\n\n<p>O ministro Luiz Fux, do Supremo Tribunal Federal (STF),\u00a0votou nesta quarta-feira (10) para condenar o ex-ministro da Casa Civil, general Walter Braga Netto, pelo crime de tentativa de aboli\u00e7\u00e3o do Estado Democr\u00e1tico de Direito. Com isso, j\u00e1 h\u00e1 maioria para condenar Braga Netto pelo crime.<\/p>\n\n\n\n<p>J\u00e1 nos crimes de organiza\u00e7\u00e3o criminosa armada, dano qualificado e deteriora\u00e7\u00e3o de patrim\u00f4nio tombado, Fux votou pela absolvi\u00e7\u00e3o do general. Fux mencionou o envolvimento de Braga Netto em um plano que incluiria o assassinato do ministro do STF Alexandre de Moraes.<\/p>\n\n\n\n<blockquote class=\"wp-block-quote is-layout-flow wp-block-quote-is-layout-flow\">\n<p>&#8220;O r\u00e9u Braga Netto, em unidade com Rafael Martins de Oliveira e Mauro C\u00e9sar Barbosa Cid, planejou e financiou o in\u00edcio da execu\u00e7\u00e3o de atos de destinados a ceifar a vida do relator dessa a\u00e7\u00e3o penal, o ministro Alexandre de Moraes&#8221;, disse Fux.<\/p>\n<\/blockquote>\n\n\n\n<p>Fux seguiu na mesma linha aplicada ao ex-ajudante de ordens Mauro Cid, mas n\u00e3o\u00a0ao ex-presidente Jair Bolsonaro\u00a0e\u00a0o ex-comandante da Marinha Almir Garnier,\u00a0que absolveu do crime.\u00a0Nos casos de Bolsonaro e Garnier, o ministro votou pela absolvi\u00e7\u00e3o em todas as acusa\u00e7\u00f5es.<\/p>\n\n\n\n<p>J\u00e1 no caso de Cid, Fux votou pela condena\u00e7\u00e3o por aboli\u00e7\u00e3o do Estado Democr\u00e1tico de Direito.\u00a0Com isso, tamb\u00e9m j\u00e1 h\u00e1 maioria na Primeira Turma para condenar Cid por esse crime.<\/p>\n\n\n\n<p>Fux \u00e9 terceiro dos cinco integrantes da Primeira Turma a votar. Faltam ainda C\u00e1rmen L\u00facia e Cristiano Zanin \u2013 a expectativa \u00e9 que o julgamento seja conclu\u00eddo at\u00e9 sexta-feira (12). Na ter\u00e7a-feira (9),\u00a0tanto o relator da a\u00e7\u00e3o, ministro Alexandre de Moraes, quanto\u00a0Fl\u00e1vio Dino votaram pela condena\u00e7\u00e3o de Bolsonaro e outros sete r\u00e9us.<\/p>\n\n\n\n<h2 class=\"wp-block-heading\">O que dizem PGR e defesa<\/h2>\n\n\n\n<p>Segundo a acusa\u00e7\u00e3o, Braga Netto integrava o n\u00facleo central da organiza\u00e7\u00e3o, com influ\u00eancia pol\u00edtica e militar.&nbsp;<strong>A PGR cita como prova documentos como a chamada Opera\u00e7\u00e3o 142, apreendida em sua assessoria, que previa ofensivas contra o STF e decretos de exce\u00e7\u00e3o para impedir a posse de Lula.<\/strong><\/p>\n\n\n\n<p>J\u00e1 a defesa nega o envolvimento do general e afirma que a acusa\u00e7\u00e3o se baseia quase exclusivamente na dela\u00e7\u00e3o de Mauro Cid, classificada como \u201cmentirosa\u201d.<\/p>\n\n\n\n<p><strong>Os advogados alegam que n\u00e3o h\u00e1 provas de que ele tenha financiado a\u00e7\u00f5es golpistas ou participado dos ataques de 8 de janeiro.<\/strong>&nbsp;Tamb\u00e9m dizem que disputas internas nas For\u00e7as Armadas explicam parte das acusa\u00e7\u00f5es contra ele e que faltam provas materiais para sua condena\u00e7\u00e3o.<\/p>\n","protected":false},"excerpt":{"rendered":"<p>O ministro Luiz Fux, do Supremo Tribunal Federal (STF),\u00a0votou nesta quarta-feira (10) para condenar o ex-ministro da Casa Civil, general Walter Braga Netto, pelo crime de tentativa de aboli\u00e7\u00e3o do Estado Democr\u00e1tico de Direito. Com isso, j\u00e1 h\u00e1 maioria para condenar Braga Netto pelo crime. J\u00e1 nos crimes de organiza\u00e7\u00e3o criminosa armada, dano qualificado e [&hellip;]<\/p>\n","protected":false},"author":2,"featured_media":35030,"comment_status":"open","ping_status":"open","sticky":false,"template":"","format":"standard","meta":{"_jetpack_memberships_contains_paid_content":false,"footnotes":""},"categories":[39],"tags":[],"class_list":["post-35029","post","type-post","status-publish","format-standard","has-post-thumbnail","hentry","category-politica"],"aioseo_notices":[],"jetpack_featured_media_url":"https:\/\/i0.wp.com\/minutobahia24h.com.br\/wp-content\/uploads\/2025\/09\/Sem-titulo-148.jpg?fit=984%2C656&ssl=1","jetpack_sharing_enabled":true,"_links":{"self":[{"href":"https:\/\/minutobahia24h.com.br\/index.php?rest_route=\/wp\/v2\/posts\/35029","targetHints":{"allow":["GET"]}}],"collection":[{"href":"https:\/\/minutobahia24h.com.br\/index.php?rest_route=\/wp\/v2\/posts"}],"about":[{"href":"https:\/\/minutobahia24h.com.br\/index.php?rest_route=\/wp\/v2\/types\/post"}],"author":[{"embeddable":true,"href":"https:\/\/minutobahia24h.com.br\/index.php?rest_route=\/wp\/v2\/users\/2"}],"replies":[{"embeddable":true,"href":"https:\/\/minutobahia24h.com.br\/index.php?rest_route=%2Fwp%2Fv2%2Fcomments&post=35029"}],"version-history":[{"count":1,"href":"https:\/\/minutobahia24h.com.br\/index.php?rest_route=\/wp\/v2\/posts\/35029\/revisions"}],"predecessor-version":[{"id":35031,"href":"https:\/\/minutobahia24h.com.br\/index.php?rest_route=\/wp\/v2\/posts\/35029\/revisions\/35031"}],"wp:featuredmedia":[{"embeddable":true,"href":"https:\/\/minutobahia24h.com.br\/index.php?rest_route=\/wp\/v2\/media\/35030"}],"wp:attachment":[{"href":"https:\/\/minutobahia24h.com.br\/index.php?rest_route=%2Fwp%2Fv2%2Fmedia&parent=35029"}],"wp:term":[{"taxonomy":"category","embeddable":true,"href":"https:\/\/minutobahia24h.com.br\/index.php?rest_route=%2Fwp%2Fv2%2Fcategories&post=35029"},{"taxonomy":"post_tag","embeddable":true,"href":"https:\/\/minutobahia24h.com.br\/index.php?rest_route=%2Fwp%2Fv2%2Ftags&post=35029"}],"curies":[{"name":"wp","href":"https:\/\/api.w.org\/{rel}","templated":true}]}}