{"id":3501,"date":"2023-11-06T07:37:31","date_gmt":"2023-11-06T10:37:31","guid":{"rendered":"https:\/\/minutobahia24h.com.br\/?p=3501"},"modified":"2023-11-06T07:37:32","modified_gmt":"2023-11-06T10:37:32","slug":"centrao-contesta-lula-e-diz-nao-ter-culpa-pela-reducao-de-mulheres-na-esplanada","status":"publish","type":"post","link":"https:\/\/minutobahia24h.com.br\/?p=3501","title":{"rendered":"Centr\u00e3o contesta Lula e diz \u2018n\u00e3o ter culpa\u2019 pela redu\u00e7\u00e3o de mulheres na Esplanada"},"content":{"rendered":"<div class=\"wp-block-image\">\n<figure class=\"aligncenter size-full\"><img data-recalc-dims=\"1\" fetchpriority=\"high\" decoding=\"async\" width=\"640\" height=\"423\" src=\"https:\/\/i0.wp.com\/minutobahia24h.com.br\/wp-content\/uploads\/2023\/11\/Sem-titulo-63.jpg?resize=640%2C423&#038;ssl=1\" alt=\"\" class=\"wp-image-3503\" srcset=\"https:\/\/i0.wp.com\/minutobahia24h.com.br\/wp-content\/uploads\/2023\/11\/Sem-titulo-63.jpg?w=640&amp;ssl=1 640w, https:\/\/i0.wp.com\/minutobahia24h.com.br\/wp-content\/uploads\/2023\/11\/Sem-titulo-63.jpg?resize=300%2C198&amp;ssl=1 300w\" sizes=\"(max-width: 640px) 100vw, 640px\" \/><figcaption class=\"wp-element-caption\">Foto: Reprodu\u00e7\u00e3o \/ Youtube<br><\/figcaption><\/figure>\n<\/div>\n\n\n<p class=\"has-text-align-justify\">As declara\u00e7\u00f5es de Lula (PT), que atribuiu aos partidos pol\u00edticos aliados ao centr\u00e3o a falta de mulheres no primeiro escal\u00e3o do governo, foram rebatidas por representantes do centr\u00e3o na C\u00e2mara dos Deputados. Na semana passada, em caf\u00e9 com jornalistas, Lula afirmou que, quando s\u00e3o estabelecidas alian\u00e7as com uma legenda, nem sempre os partidos t\u00eam mulheres para indicar.<\/p>\n\n\n\n<p>De uma forma geral, os representantes das legendas afirmaram que a decis\u00e3o de quem integra ou n\u00e3o a Esplanada cabe ao presidente da Rep\u00fablica. Eles acrescentam que, caso Lula tivesse determinado como fundamental a indica\u00e7\u00e3o de mulheres, os partidos teriam atendido ao pedido. O grupo, no entanto, s\u00f3 indicou homens para os postos.<\/p>\n\n\n\n<p>\u201cEu lamento, porque o que eu quero fortalecer no governo \u00e9 passar a ideia de que a mulher veio para a pol\u00edtica para ficar. Quando um partido pol\u00edtico tem que indicar uma pessoa e n\u00e3o tem mulher, eu n\u00e3o posso fazer nada\u201d, disse o presidente.<\/p>\n\n\n\n<p>Um membro do centr\u00e3o reconhece que os partidos poderiam ter escolhido mulheres para os cargos, mas diz que o contexto pol\u00edtico das mudan\u00e7as trouxe dificuldade e que Lula poder\u00e1 aumentar a participa\u00e7\u00e3o das mulheres nos pr\u00f3ximos ajustes na composi\u00e7\u00e3o do governo.<\/p>\n\n\n\n<p>Bahia.ba<\/p>\n","protected":false},"excerpt":{"rendered":"<p>As declara\u00e7\u00f5es de Lula (PT), que atribuiu aos partidos pol\u00edticos aliados ao centr\u00e3o a falta de mulheres no primeiro escal\u00e3o do governo, foram rebatidas por representantes do centr\u00e3o na C\u00e2mara dos Deputados. Na semana passada, em caf\u00e9 com jornalistas, Lula afirmou que, quando s\u00e3o estabelecidas alian\u00e7as com uma legenda, nem sempre os partidos t\u00eam mulheres [&hellip;]<\/p>\n","protected":false},"author":2,"featured_media":3503,"comment_status":"open","ping_status":"open","sticky":false,"template":"","format":"standard","meta":{"_jetpack_memberships_contains_paid_content":false,"footnotes":""},"categories":[2],"tags":[],"class_list":["post-3501","post","type-post","status-publish","format-standard","has-post-thumbnail","hentry","category-nacional"],"aioseo_notices":[],"jetpack_featured_media_url":"https:\/\/i0.wp.com\/minutobahia24h.com.br\/wp-content\/uploads\/2023\/11\/Sem-titulo-63.jpg?fit=640%2C423&ssl=1","jetpack_sharing_enabled":true,"_links":{"self":[{"href":"https:\/\/minutobahia24h.com.br\/index.php?rest_route=\/wp\/v2\/posts\/3501","targetHints":{"allow":["GET"]}}],"collection":[{"href":"https:\/\/minutobahia24h.com.br\/index.php?rest_route=\/wp\/v2\/posts"}],"about":[{"href":"https:\/\/minutobahia24h.com.br\/index.php?rest_route=\/wp\/v2\/types\/post"}],"author":[{"embeddable":true,"href":"https:\/\/minutobahia24h.com.br\/index.php?rest_route=\/wp\/v2\/users\/2"}],"replies":[{"embeddable":true,"href":"https:\/\/minutobahia24h.com.br\/index.php?rest_route=%2Fwp%2Fv2%2Fcomments&post=3501"}],"version-history":[{"count":1,"href":"https:\/\/minutobahia24h.com.br\/index.php?rest_route=\/wp\/v2\/posts\/3501\/revisions"}],"predecessor-version":[{"id":3504,"href":"https:\/\/minutobahia24h.com.br\/index.php?rest_route=\/wp\/v2\/posts\/3501\/revisions\/3504"}],"wp:featuredmedia":[{"embeddable":true,"href":"https:\/\/minutobahia24h.com.br\/index.php?rest_route=\/wp\/v2\/media\/3503"}],"wp:attachment":[{"href":"https:\/\/minutobahia24h.com.br\/index.php?rest_route=%2Fwp%2Fv2%2Fmedia&parent=3501"}],"wp:term":[{"taxonomy":"category","embeddable":true,"href":"https:\/\/minutobahia24h.com.br\/index.php?rest_route=%2Fwp%2Fv2%2Fcategories&post=3501"},{"taxonomy":"post_tag","embeddable":true,"href":"https:\/\/minutobahia24h.com.br\/index.php?rest_route=%2Fwp%2Fv2%2Ftags&post=3501"}],"curies":[{"name":"wp","href":"https:\/\/api.w.org\/{rel}","templated":true}]}}