{"id":34922,"date":"2025-09-10T06:58:39","date_gmt":"2025-09-10T09:58:39","guid":{"rendered":"https:\/\/minutobahia24h.com.br\/?p=34922"},"modified":"2025-09-10T06:58:41","modified_gmt":"2025-09-10T09:58:41","slug":"seca-castiga-queimadas-e-vereadores-se-unem-ao-prefeito-ricardo-lopes-na-busca-de-apoio-dos-governos-estadual-e-federal","status":"publish","type":"post","link":"https:\/\/minutobahia24h.com.br\/?p=34922","title":{"rendered":"Seca castiga Queimadas e vereadores se unem ao prefeito Ricardo Lopes na busca de apoio dos governos estadual e federal"},"content":{"rendered":"<div class=\"wp-block-image\">\n<figure class=\"aligncenter size-full\"><img data-recalc-dims=\"1\" fetchpriority=\"high\" decoding=\"async\" width=\"750\" height=\"375\" src=\"https:\/\/i0.wp.com\/minutobahia24h.com.br\/wp-content\/uploads\/2025\/09\/Sem-titulo-116.jpg?resize=750%2C375&#038;ssl=1\" alt=\"\" class=\"wp-image-34923\" srcset=\"https:\/\/i0.wp.com\/minutobahia24h.com.br\/wp-content\/uploads\/2025\/09\/Sem-titulo-116.jpg?w=750&amp;ssl=1 750w, https:\/\/i0.wp.com\/minutobahia24h.com.br\/wp-content\/uploads\/2025\/09\/Sem-titulo-116.jpg?resize=300%2C150&amp;ssl=1 300w, https:\/\/i0.wp.com\/minutobahia24h.com.br\/wp-content\/uploads\/2025\/09\/Sem-titulo-116.jpg?resize=360%2C180&amp;ssl=1 360w\" sizes=\"(max-width: 750px) 100vw, 750px\" \/><\/figure>\n<\/div>\n\n\n<p>Mesmo com as diferen\u00e7as pol\u00edticas, vereadores de Queimadas declararam apoio ao prefeito Ricardo Lopes (PSD), que luta para conseguir refor\u00e7o dos governos estadual e federal no envio de carros-pipa e medidas emergenciais para amenizar o sofrimento da popula\u00e7\u00e3o diante da forte estiagem.<\/p>\n\n\n\n<p>O munic\u00edpio atravessa um dos per\u00edodos de estiagem mais dif\u00edceis dos \u00faltimos anos. Apesar de contar com cinco rios cortando seu territ\u00f3rio, a seca prolongada tem reduzido drasticamente a vaz\u00e3o de \u00e1gua, deixando v\u00e1rias localidades em situa\u00e7\u00e3o de vulnerabilidade.<\/p>\n\n\n<div class=\"wp-block-image\">\n<figure class=\"aligncenter\"><img decoding=\"async\" src=\"https:\/\/i0.wp.com\/www.calilanoticias.com\/wp-content\/uploads\/2025\/09\/WhatsApp-Image-2025-09-09-at-18.59.48.jpeg?resize=651%2C603&amp;ssl=1\" alt=\"\" class=\"wp-image-326347\"\/><\/figure>\n<\/div>\n\n\n<p>Com uma \u00e1rea territorial de mais de 2 mil km\u00b2 e dezenas de povoados espalhados, muitos deles de grande porte e distantes da sede, o desafio da gest\u00e3o p\u00fablica \u00e9 ainda maior. A Prefeitura de Queimadas disp\u00f5e de apenas um carro-pipa pr\u00f3prio e precisa manter outros cinco ve\u00edculos contratados, o que representa um custo mensal elevado para os cofres municipais. Mesmo com esse esfor\u00e7o, a demanda n\u00e3o \u00e9 atendida de forma plena, deixando comunidades inteiras em constante espera pelo abastecimento. Os 6 caminh\u00f5es cadastrados, em media fazem de 200 a 300 viagens\/m\u00eas.<\/p>\n\n\n\n<p>Diante da gravidade da situa\u00e7\u00e3o, o prefeito Ricardo Lopes decretou estado de emerg\u00eancia e intensificou o di\u00e1logo em busca de apoio. No \u00faltimo s\u00e1bado, 06, o gestor, acompanhado de vereadores do munic\u00edpio, esteve em Ponto Novo, cidade vizinha, onde se encontrou com o governador Jer\u00f4nimo Rodrigues. Na pauta, as dificuldades enfrentadas pelo munic\u00edpio e a necessidade de refor\u00e7o nas a\u00e7\u00f5es de combate \u00e0 seca.<\/p>\n\n\n<div class=\"wp-block-image\">\n<figure class=\"aligncenter\"><img decoding=\"async\" src=\"https:\/\/i0.wp.com\/www.calilanoticias.com\/wp-content\/uploads\/2025\/09\/WhatsApp-Image-2025-09-09-at-17.31.54.jpeg?resize=700%2C473&amp;ssl=1\" alt=\"\" class=\"wp-image-326348\"\/><\/figure>\n<\/div>\n\n\n<p><strong>Impactos na economia local<\/strong><br>A economia de Queimadas tem base predominantemente rural, sustentada pela agricultura familiar e pela pecu\u00e1ria. O munic\u00edpio conta com um rebanho de bovinos, caprinos e ovinos significativo, mas a escassez de \u00e1gua e a falta de pastagem t\u00eam levado muitos produtores a reduzirem suas atividades, vender parte do gado e perder safras inteiras de milho e feij\u00e3o.<\/p>\n\n\n\n<p>O impacto direto \u00e9 a diminui\u00e7\u00e3o da produ\u00e7\u00e3o de alimentos e a queda da renda de centenas de fam\u00edlias que dependem da atividade agropecu\u00e1ria. Al\u00e9m disso, o com\u00e9rcio local, que gira em torno da produ\u00e7\u00e3o rural, tamb\u00e9m sente os reflexos da crise.<\/p>\n\n\n<div class=\"wp-block-image\">\n<figure class=\"aligncenter\"><img decoding=\"async\" src=\"https:\/\/i0.wp.com\/www.calilanoticias.com\/wp-content\/uploads\/2025\/09\/WhatsApp-Image-2025-09-09-at-18.59.47.jpeg?resize=700%2C583&amp;ssl=1\" alt=\"\" class=\"wp-image-326349\"\/><\/figure>\n<\/div>\n\n\n<p><strong>Consequ\u00eancias sociais<\/strong><br>O efeito da estiagem se traduz em dificuldades no dia a dia da popula\u00e7\u00e3o. Muitas fam\u00edlias percorrem longas dist\u00e2ncias para conseguir \u00e1gua em cisternas comunit\u00e1rias, enquanto outras dependem exclusivamente da chegada do carro-pipa. O abastecimento irregular compromete h\u00e1bitos b\u00e1sicos, aumenta os riscos de doen\u00e7as ligadas ao consumo de \u00e1gua de baixa qualidade e gera forte press\u00e3o social sobre a administra\u00e7\u00e3o municipal.<\/p>\n\n\n\n<p>\u201cA realidade de Queimadas \u00e9 dura. Povoados grandes, distantes da sede, sofrem com a falta de \u00e1gua. O munic\u00edpio est\u00e1 fazendo sua parte, mas n\u00e3o consegue sozinho suportar esse custo e atender a todas as fam\u00edlias. Choveu em uma parte do munic\u00edpio, mas 70% da \u00e1rea continua sem receber chuva, e \u00e9 exatamente a\u00ed que os problemas se agravam. Hoje, a Prefeitura gasta entre R$ 70 mil e R$ 100 mil por m\u00eas apenas com carro-pipa. Cada viagem custa em m\u00e9dia R$ 255, o que compromete fortemente o or\u00e7amento municipal\u201d, desabafa o prefeito.<\/p>\n\n\n<div class=\"wp-block-image\">\n<figure class=\"aligncenter\" id=\"attachment_326351\"><img decoding=\"async\" src=\"https:\/\/i0.wp.com\/www.calilanoticias.com\/wp-content\/uploads\/2025\/09\/prefeito-ricardo-lopes.jpg?resize=700%2C431&amp;ssl=1\" alt=\"\" class=\"wp-image-326351\"\/><figcaption class=\"wp-element-caption\">prefeito Ricardo Lopes | Foto: Raimundo Mascarenhas<\/figcaption><\/figure>\n<\/div>\n\n\n<p>\u201cNessas regi\u00f5es onde n\u00e3o choveu, a situa\u00e7\u00e3o \u00e9 dram\u00e1tica, principalmente no distrito de Riacho da On\u00e7a, muito distante da sede, e tamb\u00e9m na comunidade de Umbuzeiro Grande, localizada a cerca de 55 quil\u00f4metros da sede de Queimadas. S\u00e3o localidades que enfrentam enorme dificuldade e que dependem quase que exclusivamente da chegada da \u00e1gua transportada em caminh\u00f5es\u201d, destacou o prefeito Ricardo Lopes em entrevista ao Calila Not\u00edcias.<\/p>\n\n\n\n<p>Durante a visita ao governador, o presidente da C\u00e2mara de Vereadores, Gordo de Pininho (PSDB), exp\u00f4s a realidade enfrentada na regi\u00e3o de sua principal base eleitoral, a \u00e1rea de Alagoinhas. Segundo ele, apesar das chuvas que ca\u00edram recentemente, a seca \u00e9 ainda mais severa do que se imagina. Para garantir o abastecimento das fam\u00edlias, um caminh\u00e3o-pipa chega a percorrer at\u00e9 20 quil\u00f4metros, buscando \u00e1gua na regi\u00e3o de Jacurici, no munic\u00edpio vizinho de Iti\u00faba.<\/p>\n\n\n\n<figure class=\"wp-block-image\" id=\"attachment_326352\"><img decoding=\"async\" src=\"https:\/\/i0.wp.com\/www.calilanoticias.com\/wp-content\/uploads\/2025\/09\/gordo-de-pininho.jpg?resize=700%2C444&amp;ssl=1\" alt=\"\" class=\"wp-image-326352\"\/><figcaption class=\"wp-element-caption\">Gordo de Pininho | Foto: Raimundo Mascarenhas<\/figcaption><\/figure>\n\n\n\n<p>No distrito Espanta Gado, uma das \u00e1reas mais distantes e castigadas pela seca, dois vereadores com posi\u00e7\u00f5es pol\u00edticas opostas convergiram na mesma avalia\u00e7\u00e3o. O vereador F\u00e1bio Professor (PSB), aliado do prefeito, ressaltou que a situa\u00e7\u00e3o n\u00e3o est\u00e1 ainda pior gra\u00e7as ao esfor\u00e7o e \u00e0 dedica\u00e7\u00e3o da gest\u00e3o municipal. Ele lembrou que o distrito \u00e9 atendido por dois rios \u2014 o Itapicuru Mirim, cuja \u00e1gua \u00e9 liberada pela barragem de Pedras Altas, mas que neste momento j\u00e1 est\u00e1 cortado; e o Itapicuru-a\u00e7u, alimentado pela barragem de Ponto Novo, cuja vaz\u00e3o ainda se mant\u00e9m razo\u00e1vel. Mesmo assim, comunidades j\u00e1 precisam ser abastecidas por caminh\u00f5es que percorrem 30 a 35 quil\u00f4metros.<\/p>\n\n\n<div class=\"wp-block-image\">\n<figure class=\"aligncenter\" id=\"attachment_326353\"><img decoding=\"async\" src=\"https:\/\/i0.wp.com\/www.calilanoticias.com\/wp-content\/uploads\/2025\/09\/fabio-professor.jpg?resize=700%2C446&amp;ssl=1\" alt=\"\" class=\"wp-image-326353\"\/><figcaption class=\"wp-element-caption\">F\u00e1bio&nbsp; Professor | Foto: Raimundo Mascarenhas<\/figcaption><\/figure>\n<\/div>\n\n\n<p>J\u00e1 o vereador Ito da Ambul\u00e2ncia (MDB), da oposi\u00e7\u00e3o, reconheceu que a situa\u00e7\u00e3o em Espanta Gado n\u00e3o est\u00e1 boa de fato, sobretudo nas comunidades que dependem do Itapicuru Mirim, hoje sem condi\u00e7\u00f5es de suprir a popula\u00e7\u00e3o. Para ele, o cen\u00e1rio exige urg\u00eancia e refor\u00e7o nas a\u00e7\u00f5es emergenciais.<\/p>\n\n\n<div class=\"wp-block-image\">\n<figure class=\"aligncenter\" id=\"attachment_326354\"><img decoding=\"async\" src=\"https:\/\/i0.wp.com\/www.calilanoticias.com\/wp-content\/uploads\/2025\/09\/serginho-ito-e-valdemi.jpg?resize=700%2C418&amp;ssl=1\" alt=\"\" class=\"wp-image-326354\"\/><figcaption class=\"wp-element-caption\">Ito da Ambul\u00e2ncia *Centro) | Foto: Raimundo Mascarenhas<\/figcaption><\/figure>\n<\/div>\n\n\n<p>O vereador Neguinho do PT, por sua vez, relatou que recentemente fez uma s\u00e9rie de visitas a comunidades rurais e percebeu de perto as dificuldades impostas pela falta de \u00e1gua. Ele chamou aten\u00e7\u00e3o para o clima naturalmente seco de Queimadas, que agrava ainda mais os efeitos da estiagem, e refor\u00e7ou que a esperan\u00e7a da popula\u00e7\u00e3o est\u00e1 no apoio efetivo do Governo do Estado e do Governo Federal, j\u00e1 que a Prefeitura sozinha enfrenta uma miss\u00e3o de enorme dificuldade.<\/p>\n\n\n<div class=\"wp-block-image\">\n<figure class=\"aligncenter\" id=\"attachment_326355\"><img decoding=\"async\" src=\"https:\/\/i0.wp.com\/www.calilanoticias.com\/wp-content\/uploads\/2025\/09\/neguinho-do-pt.jpg?resize=700%2C419&amp;ssl=1\" alt=\"\" class=\"wp-image-326355\"\/><figcaption class=\"wp-element-caption\">Neguinho do PT | Foto: Raimundo Mascarenhas<\/figcaption><\/figure>\n<\/div>\n\n\n<p><strong>Unidade pol\u00edtica em defesa de Queimadas<\/strong><br>Como p\u00f4de ser visto, o encontro em Ponto Novo foi marcado por uma rara demonstra\u00e7\u00e3o de unidade pol\u00edtica: prefeito e vereadores de diferentes partidos, tanto da base quanto da oposi\u00e7\u00e3o, apresentaram juntos o quadro cr\u00edtico da seca ao governador. A converg\u00eancia de vozes refor\u00e7ou a mensagem de que a situa\u00e7\u00e3o de Queimadas exige a\u00e7\u00f5es emergenciais combinadas com medidas estruturantes, em uma parceria entre Prefeitura, Estado e Governo Federal para socorrer imediatamente a popula\u00e7\u00e3o e planejar solu\u00e7\u00f5es duradouras.<\/p>\n\n\n<div class=\"wp-block-image\">\n<figure class=\"aligncenter\" id=\"attachment_326356\"><img decoding=\"async\" src=\"https:\/\/i0.wp.com\/www.calilanoticias.com\/wp-content\/uploads\/2025\/09\/ricardo-professor-fabio-e-Neguinho.jpg?resize=700%2C413&amp;ssl=1\" alt=\"\" class=\"wp-image-326356\"\/><figcaption class=\"wp-element-caption\">Foto: Raimundo Mascarenhas<\/figcaption><\/figure>\n<\/div>\n\n\n<p><strong>A posi\u00e7\u00e3o do governador<\/strong><br>O governador Jer\u00f4nimo Rodrigues ouviu atentamente os relatos do prefeito e dos vereadores de Queimadas. Ele destacou que o Governo do Estado tem intensificado as a\u00e7\u00f5es de combate \u00e0 seca, com obras estruturantes, refor\u00e7o em sistemas simplificados de abastecimento e apoio emergencial. Sobre a opera\u00e7\u00e3o carro-pipa, afirmou que a Bahia conta tamb\u00e9m com o apoio do Governo Federal, em articula\u00e7\u00e3o com a Defesa Civil e o Ex\u00e9rcito Brasileiro, para ampliar a frota de atendimento e garantir que mais comunidades sejam assistidas.<\/p>\n\n\n<div class=\"wp-block-image\">\n<figure class=\"aligncenter\"><img decoding=\"async\" src=\"https:\/\/i0.wp.com\/www.calilanoticias.com\/wp-content\/uploads\/2025\/09\/jeronimo-2.jpg?resize=607%2C665&amp;ssl=1\" alt=\"\" class=\"wp-image-326357\"\/><\/figure>\n<\/div>\n\n\n<p>Jer\u00f4nimo acrescentou ainda que o Estado est\u00e1 promovendo a distribui\u00e7\u00e3o de mudas de palma, milho e outros insumos agr\u00edcolas, medida que visa dar suporte imediato \u00e0 alimenta\u00e7\u00e3o animal e ao pequeno produtor, diminuindo os impactos na economia rural e assegurando condi\u00e7\u00f5es m\u00ednimas de sustento no campo.<\/p>\n\n\n\n<p>calilanoticias<\/p>\n","protected":false},"excerpt":{"rendered":"<p>Mesmo com as diferen\u00e7as pol\u00edticas, vereadores de Queimadas declararam apoio ao prefeito Ricardo Lopes (PSD), que luta para conseguir refor\u00e7o dos governos estadual e federal no envio de carros-pipa e medidas emergenciais para amenizar o sofrimento da popula\u00e7\u00e3o diante da forte estiagem. O munic\u00edpio atravessa um dos per\u00edodos de estiagem mais dif\u00edceis dos \u00faltimos anos. [&hellip;]<\/p>\n","protected":false},"author":2,"featured_media":34923,"comment_status":"open","ping_status":"open","sticky":false,"template":"","format":"standard","meta":{"_jetpack_memberships_contains_paid_content":false,"footnotes":""},"categories":[3],"tags":[],"class_list":["post-34922","post","type-post","status-publish","format-standard","has-post-thumbnail","hentry","category-regional"],"aioseo_notices":[],"jetpack_featured_media_url":"https:\/\/i0.wp.com\/minutobahia24h.com.br\/wp-content\/uploads\/2025\/09\/Sem-titulo-116.jpg?fit=750%2C375&ssl=1","jetpack_sharing_enabled":true,"_links":{"self":[{"href":"https:\/\/minutobahia24h.com.br\/index.php?rest_route=\/wp\/v2\/posts\/34922","targetHints":{"allow":["GET"]}}],"collection":[{"href":"https:\/\/minutobahia24h.com.br\/index.php?rest_route=\/wp\/v2\/posts"}],"about":[{"href":"https:\/\/minutobahia24h.com.br\/index.php?rest_route=\/wp\/v2\/types\/post"}],"author":[{"embeddable":true,"href":"https:\/\/minutobahia24h.com.br\/index.php?rest_route=\/wp\/v2\/users\/2"}],"replies":[{"embeddable":true,"href":"https:\/\/minutobahia24h.com.br\/index.php?rest_route=%2Fwp%2Fv2%2Fcomments&post=34922"}],"version-history":[{"count":1,"href":"https:\/\/minutobahia24h.com.br\/index.php?rest_route=\/wp\/v2\/posts\/34922\/revisions"}],"predecessor-version":[{"id":34924,"href":"https:\/\/minutobahia24h.com.br\/index.php?rest_route=\/wp\/v2\/posts\/34922\/revisions\/34924"}],"wp:featuredmedia":[{"embeddable":true,"href":"https:\/\/minutobahia24h.com.br\/index.php?rest_route=\/wp\/v2\/media\/34923"}],"wp:attachment":[{"href":"https:\/\/minutobahia24h.com.br\/index.php?rest_route=%2Fwp%2Fv2%2Fmedia&parent=34922"}],"wp:term":[{"taxonomy":"category","embeddable":true,"href":"https:\/\/minutobahia24h.com.br\/index.php?rest_route=%2Fwp%2Fv2%2Fcategories&post=34922"},{"taxonomy":"post_tag","embeddable":true,"href":"https:\/\/minutobahia24h.com.br\/index.php?rest_route=%2Fwp%2Fv2%2Ftags&post=34922"}],"curies":[{"name":"wp","href":"https:\/\/api.w.org\/{rel}","templated":true}]}}