{"id":34900,"date":"2025-09-09T07:17:39","date_gmt":"2025-09-09T10:17:39","guid":{"rendered":"https:\/\/minutobahia24h.com.br\/?p=34900"},"modified":"2025-09-09T07:17:41","modified_gmt":"2025-09-09T10:17:41","slug":"voto-de-fux-pode-abrir-margem-para-recursos-e-ate-anulacao-do-julgamento-de-bolsonaro-no-stf","status":"publish","type":"post","link":"https:\/\/minutobahia24h.com.br\/?p=34900","title":{"rendered":"Voto de Fux pode abrir margem para recursos e at\u00e9 anula\u00e7\u00e3o do julgamento de Bolsonaro no STF"},"content":{"rendered":"<div class=\"wp-block-image\">\n<figure class=\"aligncenter size-full\"><img data-recalc-dims=\"1\" fetchpriority=\"high\" decoding=\"async\" width=\"539\" height=\"302\" src=\"https:\/\/i0.wp.com\/minutobahia24h.com.br\/wp-content\/uploads\/2025\/09\/Sem-titulo-111.jpg?resize=539%2C302&#038;ssl=1\" alt=\"\" class=\"wp-image-34901\" srcset=\"https:\/\/i0.wp.com\/minutobahia24h.com.br\/wp-content\/uploads\/2025\/09\/Sem-titulo-111.jpg?w=539&amp;ssl=1 539w, https:\/\/i0.wp.com\/minutobahia24h.com.br\/wp-content\/uploads\/2025\/09\/Sem-titulo-111.jpg?resize=300%2C168&amp;ssl=1 300w\" sizes=\"(max-width: 539px) 100vw, 539px\" \/><\/figure>\n<\/div>\n\n\n<p>O voto do ministro do Supremo Tribunal Federal (STF) Luiz Fux \u00e9 um dos mais aguardados nesta semana no julgamento do ex-presidente Jair Bolsonaro (PL), que apura a suposta tentativa de golpe de Estado. O motivo \u00e9 que o ministro tem se mostrado um dos \u00fanicos a apresentar diverg\u00eancias no processo. Caso ele abra diverg\u00eancia em algum ponto, as defesas dos r\u00e9us podem pedir para levar a mat\u00e9ria para plen\u00e1rio, para mais ministros votarem, ou entrar com recursos mais fundamentados. Um eventual voto divergente de Fux pode at\u00e9 mesmo ajudar a sustentar um pedido de anula\u00e7\u00e3o do julgamento em cen\u00e1rio pol\u00edtico mais favor\u00e1vel no futuro.<\/p>\n\n\n\n<p>Al\u00e9m das medidas jur\u00eddicas que podem ser adotadas no processo, a poss\u00edvel diverg\u00eancia tamb\u00e9m tende a ser utilizada politicamente para embasar argumentos de persegui\u00e7\u00e3o e falhas do julgamento.<\/p>\n\n\n\n<p>Com a a\u00e7\u00e3o penal se encaminhando para os \u00faltimos passos, a aten\u00e7\u00e3o se volta para as pondera\u00e7\u00f5es que ser\u00e3o feitas pelo ministro. Ainda que n\u00e3o seja relator do caso nem ocupe a posi\u00e7\u00e3o de decano, Fux se encontra no centro das expectativas quanto ao andamento da an\u00e1lise<a><\/a><\/p>\n\n\n\n<p>Fux foi o \u00fanico a divergir, por exemplo, ao considerar que n\u00e3o caberia ao STF analisar a den\u00fancia, sustentando que ex-presidentes, como Bolsonaro, n\u00e3o mant\u00eam foro privilegiado ap\u00f3s deixarem o cargo. Assim, ele entendeu que o julgamento deveria ocorrer em inst\u00e2ncias inferiores \u2014 ou no plen\u00e1rio, onde todos os ministros podem votar, e n\u00e3o apenas os integrantes da Primeira Turma.&nbsp;<\/p>\n\n\n\n<p>Al\u00e9m disso, ainda que tenha participado da aceita\u00e7\u00e3o da den\u00fancia, Fux fez cr\u00edticas \u00e0 dela\u00e7\u00e3o premiada do ex-ajudante de ordens de Bolsonaro, o tenente-coronel Mauro Cid, apontando omiss\u00f5es relevantes e sugerindo cautela ao STF na considera\u00e7\u00e3o dos depoimentos.<\/p>\n\n\n\n<p>Mais recentemente, Fux foi contra as medidas como o uso de tornozeleira eletr\u00f4nica e restri\u00e7\u00e3o do uso das redes sociais impostos a Bolsonaro. Para o ministro, faltariam provas concretas de risco de fuga e a proibi\u00e7\u00e3o de utilizar redes sociais era excessiva e atentava contra a liberdade de express\u00e3o.<\/p>\n\n\n\n<p>Na pr\u00e1tica, o voto do ministro Fux n\u00e3o tem o poder de mudar o resultado do julgamento, mas pode indicar pontos que podem ser explorados pelas defesas de Bolsonaro e dos demais r\u00e9us. Assim, as defesas poder\u00e3o buscar no voto do ministro espa\u00e7os para refor\u00e7ar a perspectiva de que h\u00e1 controv\u00e9rsias jur\u00eddicas em torno das acusa\u00e7\u00f5es.<\/p>\n\n\n\n<p>Gazeta do Povo<\/p>\n","protected":false},"excerpt":{"rendered":"<p>O voto do ministro do Supremo Tribunal Federal (STF) Luiz Fux \u00e9 um dos mais aguardados nesta semana no julgamento do ex-presidente Jair Bolsonaro (PL), que apura a suposta tentativa de golpe de Estado. O motivo \u00e9 que o ministro tem se mostrado um dos \u00fanicos a apresentar diverg\u00eancias no processo. Caso ele abra diverg\u00eancia [&hellip;]<\/p>\n","protected":false},"author":2,"featured_media":34901,"comment_status":"open","ping_status":"open","sticky":false,"template":"","format":"standard","meta":{"_jetpack_memberships_contains_paid_content":false,"footnotes":""},"categories":[46],"tags":[],"class_list":["post-34900","post","type-post","status-publish","format-standard","has-post-thumbnail","hentry","category-noticia"],"aioseo_notices":[],"jetpack_featured_media_url":"https:\/\/i0.wp.com\/minutobahia24h.com.br\/wp-content\/uploads\/2025\/09\/Sem-titulo-111.jpg?fit=539%2C302&ssl=1","jetpack_sharing_enabled":true,"_links":{"self":[{"href":"https:\/\/minutobahia24h.com.br\/index.php?rest_route=\/wp\/v2\/posts\/34900","targetHints":{"allow":["GET"]}}],"collection":[{"href":"https:\/\/minutobahia24h.com.br\/index.php?rest_route=\/wp\/v2\/posts"}],"about":[{"href":"https:\/\/minutobahia24h.com.br\/index.php?rest_route=\/wp\/v2\/types\/post"}],"author":[{"embeddable":true,"href":"https:\/\/minutobahia24h.com.br\/index.php?rest_route=\/wp\/v2\/users\/2"}],"replies":[{"embeddable":true,"href":"https:\/\/minutobahia24h.com.br\/index.php?rest_route=%2Fwp%2Fv2%2Fcomments&post=34900"}],"version-history":[{"count":1,"href":"https:\/\/minutobahia24h.com.br\/index.php?rest_route=\/wp\/v2\/posts\/34900\/revisions"}],"predecessor-version":[{"id":34902,"href":"https:\/\/minutobahia24h.com.br\/index.php?rest_route=\/wp\/v2\/posts\/34900\/revisions\/34902"}],"wp:featuredmedia":[{"embeddable":true,"href":"https:\/\/minutobahia24h.com.br\/index.php?rest_route=\/wp\/v2\/media\/34901"}],"wp:attachment":[{"href":"https:\/\/minutobahia24h.com.br\/index.php?rest_route=%2Fwp%2Fv2%2Fmedia&parent=34900"}],"wp:term":[{"taxonomy":"category","embeddable":true,"href":"https:\/\/minutobahia24h.com.br\/index.php?rest_route=%2Fwp%2Fv2%2Fcategories&post=34900"},{"taxonomy":"post_tag","embeddable":true,"href":"https:\/\/minutobahia24h.com.br\/index.php?rest_route=%2Fwp%2Fv2%2Ftags&post=34900"}],"curies":[{"name":"wp","href":"https:\/\/api.w.org\/{rel}","templated":true}]}}