{"id":3489,"date":"2023-11-06T07:17:56","date_gmt":"2023-11-06T10:17:56","guid":{"rendered":"https:\/\/minutobahia24h.com.br\/?p=3489"},"modified":"2023-11-06T07:17:57","modified_gmt":"2023-11-06T10:17:57","slug":"menina-de-tres-anos-com-down-e-doenca-cardiaca-descobre-sindrome-rara-apos-sofrer-avc","status":"publish","type":"post","link":"https:\/\/minutobahia24h.com.br\/?p=3489","title":{"rendered":"Menina de tr\u00eas anos com Down e doen\u00e7a card\u00edaca descobre s\u00edndrome rara ap\u00f3s sofrer AVC"},"content":{"rendered":"<div class=\"wp-block-image\">\n<figure class=\"aligncenter size-large\"><img data-recalc-dims=\"1\" fetchpriority=\"high\" decoding=\"async\" width=\"768\" height=\"1024\" src=\"https:\/\/i0.wp.com\/minutobahia24h.com.br\/wp-content\/uploads\/2023\/11\/Sem-titulo-60-768x1024.jpg?resize=768%2C1024&#038;ssl=1\" alt=\"\" class=\"wp-image-3491\" srcset=\"https:\/\/i0.wp.com\/minutobahia24h.com.br\/wp-content\/uploads\/2023\/11\/Sem-titulo-60.jpg?resize=768%2C1024&amp;ssl=1 768w, https:\/\/i0.wp.com\/minutobahia24h.com.br\/wp-content\/uploads\/2023\/11\/Sem-titulo-60.jpg?resize=225%2C300&amp;ssl=1 225w, https:\/\/i0.wp.com\/minutobahia24h.com.br\/wp-content\/uploads\/2023\/11\/Sem-titulo-60.jpg?resize=750%2C1000&amp;ssl=1 750w, https:\/\/i0.wp.com\/minutobahia24h.com.br\/wp-content\/uploads\/2023\/11\/Sem-titulo-60.jpg?w=984&amp;ssl=1 984w\" sizes=\"(max-width: 768px) 100vw, 768px\" \/><figcaption class=\"wp-element-caption\">Maria Fernanda nasceu prematura, com s\u00edndrome de Down e problema no cora\u00e7\u00e3o \u2014 Foto: Arquivo Pessoal<br><\/figcaption><\/figure>\n<\/div>\n\n\n<p>Com apenas tr\u00eas anos de idade, Maria Fernanda j\u00e1 enfrentou muitos desafios. A menina nasceu prematura, com s\u00edndrome de Down e cardiopatia cong\u00eanita. Embora novinha, precisou passar por uma cirurgia no cora\u00e7\u00e3o e h\u00e1 alguns meses, recebeu uma not\u00edcia ainda mais dif\u00edcil. Ap\u00f3s sofrer AVC isqu\u00eamico, foi diagnosticada com uma doen\u00e7a rara: a S\u00edndrome de Moyamoya. A fam\u00edlia agora corre contra o tempo para conseguir uma cirurgia no c\u00e9rebro, que n\u00e3o \u00e9 realizada no Tocantins.<\/p>\n\n\n\n<p>A s\u00edndrome n\u00e3o tem cura, deixa o c\u00e9rebro sem capacidade de receber a quantidade de oxig\u00eanio e nutrientes que precisa para o seu desenvolvimento. A cirurgia, segundo os pais, \u00e9 o \u00fanico meio para evitar novos epis\u00f3dios de AVC e, consequentemente, dar mais qualidade de vida \u00e0 menina.<\/p>\n\n\n\n<blockquote class=\"wp-block-quote is-layout-flow wp-block-quote-is-layout-flow\">\n<p>\u201c\u00c9 a \u00fanica maneira de tentar reverter e proporcionar melhores dias de vida. Mesmo com a cirurgia, a doen\u00e7a n\u00e3o tem cura. A cirurgia vai evitar novos AVCs e controlar a doen\u00e7a. A gente est\u00e1 correndo contra o tempo porque um lado do c\u00e9rebro est\u00e1 lesionado, a qualquer segundo, pode sangrar e causar novos epis\u00f3dios de AVC\u201d, relatou a m\u00e3e Larissa Miranda de Carvalho.<\/p>\n<\/blockquote>\n\n\n\n<figure class=\"wp-block-image\"><img decoding=\"async\" src=\"https:\/\/s2-g1.glbimg.com\/PZu3Bphd4VOwIpSvHp8TxhEB4M4=\/0x0:1200x1600\/984x0\/smart\/filters:strip_icc()\/i.s3.glbimg.com\/v1\/AUTH_59edd422c0c84a879bd37670ae4f538a\/internal_photos\/bs\/2023\/W\/m\/5Ar2QJTTWAqrkO618yhw\/maria-fernanda-5.jfif\" alt=\"Maria Fernanda e o pai, o policial militar Mario Gerson Rodrigues \u2014 Foto: Arquivo Pessoal\"\/><\/figure>\n\n\n\n<p>Maria Fernanda e o pai, o policial militar Mario Gerson Rodrigues \u2014 Foto: Arquivo Pessoal<\/p>\n\n\n\n<p>Ela e o pai da menina, o policial militar Mario Gerson Rodrigues, iniciaram uma mobiliza\u00e7\u00e3o na internet para tentar arrecadar o dinheiro necess\u00e1rio para o procedimento cir\u00fargico. Segundo a fam\u00edlia, existe apenas um m\u00e9dico no Brasil especializado em cirurgias do tipo.<\/p>\n\n\n\n<p>Maria Fernanda precisa passar por cirurgias nos dois lados do c\u00e9rebro. O custo com a equipe m\u00e9dica para apenas um procedimento fica em torno de R$ 128 mil, sem mencionar os gastos com o hospital.<\/p>\n\n\n\n<p>Para conseguir arrecadar, eles contam com a ajuda de familiares, amigos e pessoas solid\u00e1rias comovidas com a situa\u00e7\u00e3o da fam\u00edlia. A m\u00e3e disse que vendeu o carro para conseguir parte do dinheiro.<\/p>\n\n\n\n<figure class=\"wp-block-image\"><img decoding=\"async\" src=\"https:\/\/s2-g1.glbimg.com\/sJy9r1nrdY23OzuhkFYhrTVgfNE=\/0x0:1200x1600\/984x0\/smart\/filters:strip_icc()\/i.s3.glbimg.com\/v1\/AUTH_59edd422c0c84a879bd37670ae4f538a\/internal_photos\/bs\/2023\/E\/H\/RtUey3QAS0n1PNDzijpg\/maria-fernanda-4.jfif\" alt=\"Maria Fernanda e a m\u00e3e, Larissa Miranda \u2014 Foto: Arquivo Pessoal\"\/><\/figure>\n\n\n\n<p>Maria Fernanda e a m\u00e3e, Larissa Miranda \u2014 Foto: Arquivo Pessoal<\/p>\n\n\n\n<p>Mas, Larissa e Gerson seguem com f\u00e9. A for\u00e7a vem do desejo de que a filha continue viva e com mais qualidade de vida.<\/p>\n\n\n\n<p>\u201cEstamos aflitos porque precisamos dessa cirurgia o quanto antes. \u00c9 um misto de ang\u00fastia, tristeza e gratid\u00e3o pelos amigos que est\u00e3o ajudando\u201d, disse o pai.<\/p>\n\n\n\n<h2 class=\"wp-block-heading\">Maria Fernanda &#8211; menina guerreira<\/h2>\n\n\n\n<p>Maria Fernanda nasceu prematura e com S\u00edndrome de Down. Ap\u00f3s chegar ao mundo, n\u00e3o foi para a casa com os pais. Precisou ficar na UTI por 18 dias por conta de uma m\u00e1 forma\u00e7\u00e3o no cora\u00e7\u00e3o.<\/p>\n\n\n\n<p>Com seis meses de vida, a beb\u00ea passou por uma cirurgia para corrigir a cardiopatia cong\u00eanita. O pai relata que a menina foi a primeira crian\u00e7a de Palmas a realizar a cirurgia por meio do cateterismo. O procedimento foi bem sucedido e o problema, 100% corrigido.<\/p>\n\n\n\n<p>A crian\u00e7a seguia bem e feliz, enfrentando pequenos desafios di\u00e1rios, mas neste ano, tudo mudou.<\/p>\n\n\n\n<p>\u201cDesde o in\u00edcio do ano, ela come\u00e7ou a apresentar diversos epis\u00f3dios de febres altas. N\u00f3s \u00edamos para o hospital, faz\u00edamos todo o tipo de exame e n\u00e3o descobr\u00edamos nada. Os m\u00e9dicos davam rem\u00e9dios e ela voltava para casa. Mesmo sendo uma menina cardiopata, os profissionais nunca se atentaram que poderia ser algo neurol\u00f3gico\u201d, disse a m\u00e3e.<\/p>\n\n\n\n<figure class=\"wp-block-image\"><img data-recalc-dims=\"1\" decoding=\"async\" src=\"https:\/\/i0.wp.com\/s2-g1.glbimg.com\/R11UPz1EM9CMG-Y8hLyI2d7RIbA%3D\/0x0%3A1200x1600\/984x0\/smart\/filters%3Astrip_icc%28%29\/i.s3.glbimg.com\/v1\/AUTH_59edd422c0c84a879bd37670ae4f538a\/internal_photos\/bs\/2023\/i\/W\/Apw6gfQwGCmxgNC8oAZw\/whatsapp-image-2023-11-03-at-12.58.26.jpeg?w=800&#038;ssl=1\" alt=\"Maria Fernanda no hospital \u2014 Foto: Arquivo Pessoal\"\/><\/figure>\n\n\n\n<p>Maria Fernanda no hospital \u2014 Foto: Arquivo Pessoal<\/p>\n\n\n\n<p>Larissa informou que precisou levar a filha pelo menos quatro vezes ao hospital ap\u00f3s um quadro de v\u00f4mito e febre de 40 graus. Na \u00e9poca, a m\u00e3e come\u00e7ou a notar comportamentos estranhos no corpo de Maria Fernanda.<\/p>\n\n\n\n<p>\u201cEla acordava super ativa, mas no decorrer do dia, ela passou a cair muito, com facilidade. Eu percebia a fraqueza da perna do lado direito, como se estivesse perdendo o jogo da perna. Em abril, Maria Fernanda teve a primeira crise convulsiva. Mesmo tendo falado no hospital que ela tremeu, babou e revirou os olhos, eles n\u00e3o a encaminharam para um neurologista\u201d, relatou Larissa.<\/p>\n\n\n\n<p>Na \u00e9poca, Maria Fernanda foi encaminhada para a UTI e submetida a resson\u00e2ncia e tomografia. Os exames identificaram que havia les\u00f5es no c\u00e9rebro. A menina foi liberada e quando chegou em casa, no mesmo dia, sofreu um AVC.<\/p>\n\n\n\n<p>\u201cEla perdeu o movimento total do lado direito, olho, boca, tudo ficou paralisado. Ela voltou para a UTI e os exames identificaram um ACV grande, que lesionou toda a parte direita do c\u00e9rebro. Mas em momento nenhum soubemos que os dois lados estavam afetados\u201d, relatou Larissa.<\/p>\n\n\n\n<p>Em junho, veio o diagn\u00f3stico ainda mais dif\u00edcil: a s\u00edndrome de Moymoya. \u201cQuando descobriram, nos informaram que o tratamento n\u00e3o \u00e9 feito no Tocantins, que a doen\u00e7a n\u00e3o tem cura e que ela seria apenas acompanhada. Os m\u00e9dicos falaram que n\u00e3o iriam solicitar a cirurgia por causa da idade. Ficamos nesse impasse\u201d, relatou a m\u00e3e.<\/p>\n\n\n\n<p>Gerson e Larissa n\u00e3o se conformaram. Pesquisaram sobre os tratamentos realizados no Brasil e descobriram um neurocirurgi\u00e3o de S\u00e3o Paulo, especializado nesse caso. As consultas com o profissional foram realizadas na semana passada.<\/p>\n\n\n\n<p>Agora, o objetivo \u00e9 conseguir as duas cirurgias que a menina precisa.<\/p>\n\n\n\n<p>\u201cA cirurgia precisa ser feita o mais r\u00e1pido poss\u00edvel porque ela corre risco de ter AVC a qualquer momento, pode ser agora ou daqui 10 anos, n\u00e3o sabemos. Segundo o m\u00e9dico, se ela tiver outro AVC isqu\u00eamico, corre s\u00e9rio risco de n\u00e3o conseguir recuperar os movimentos. Se for o AVC hemorr\u00e1gico, a chance de n\u00e3o conseguir salv\u00e1-la no estado \u00e9 ainda maior\u201d, relata o pai.<\/p>\n\n\n\n<p>A m\u00e3e informou ao g1 que vai procurar ajuda e acionar a Justi\u00e7a para tentar conseguir os valores para as duas cirurgias. No entanto, o medo \u00e9 que o tempo de espera seja grande demais para a urg\u00eancia que o caso requer.<\/p>\n\n\n\n<p>Ap\u00f3s o AVC, a menina conseguiu retomar parte dos movimentos. Segundo a m\u00e3e, ela ainda ainda arrastando a perna direita e n\u00e3o consegue abrir e fechar a m\u00e3o.<\/p>\n\n\n\n<p>&#8220;Ela consegue mexer o bra\u00e7o, tenta pegar objetos, mas n\u00e3o consegue abrir a m\u00e3o porque o c\u00e9rebro n\u00e3o consegue passar todas as informa\u00e7\u00f5es&#8221;.<\/p>\n","protected":false},"excerpt":{"rendered":"<p>Com apenas tr\u00eas anos de idade, Maria Fernanda j\u00e1 enfrentou muitos desafios. A menina nasceu prematura, com s\u00edndrome de Down e cardiopatia cong\u00eanita. Embora novinha, precisou passar por uma cirurgia no cora\u00e7\u00e3o e h\u00e1 alguns meses, recebeu uma not\u00edcia ainda mais dif\u00edcil. Ap\u00f3s sofrer AVC isqu\u00eamico, foi diagnosticada com uma doen\u00e7a rara: a S\u00edndrome de [&hellip;]<\/p>\n","protected":false},"author":2,"featured_media":3491,"comment_status":"open","ping_status":"open","sticky":false,"template":"","format":"standard","meta":{"_jetpack_memberships_contains_paid_content":false,"footnotes":""},"categories":[18],"tags":[],"class_list":["post-3489","post","type-post","status-publish","format-standard","has-post-thumbnail","hentry","category-saude"],"aioseo_notices":[],"jetpack_featured_media_url":"https:\/\/i0.wp.com\/minutobahia24h.com.br\/wp-content\/uploads\/2023\/11\/Sem-titulo-60.jpg?fit=984%2C1312&ssl=1","jetpack_sharing_enabled":true,"_links":{"self":[{"href":"https:\/\/minutobahia24h.com.br\/index.php?rest_route=\/wp\/v2\/posts\/3489","targetHints":{"allow":["GET"]}}],"collection":[{"href":"https:\/\/minutobahia24h.com.br\/index.php?rest_route=\/wp\/v2\/posts"}],"about":[{"href":"https:\/\/minutobahia24h.com.br\/index.php?rest_route=\/wp\/v2\/types\/post"}],"author":[{"embeddable":true,"href":"https:\/\/minutobahia24h.com.br\/index.php?rest_route=\/wp\/v2\/users\/2"}],"replies":[{"embeddable":true,"href":"https:\/\/minutobahia24h.com.br\/index.php?rest_route=%2Fwp%2Fv2%2Fcomments&post=3489"}],"version-history":[{"count":1,"href":"https:\/\/minutobahia24h.com.br\/index.php?rest_route=\/wp\/v2\/posts\/3489\/revisions"}],"predecessor-version":[{"id":3492,"href":"https:\/\/minutobahia24h.com.br\/index.php?rest_route=\/wp\/v2\/posts\/3489\/revisions\/3492"}],"wp:featuredmedia":[{"embeddable":true,"href":"https:\/\/minutobahia24h.com.br\/index.php?rest_route=\/wp\/v2\/media\/3491"}],"wp:attachment":[{"href":"https:\/\/minutobahia24h.com.br\/index.php?rest_route=%2Fwp%2Fv2%2Fmedia&parent=3489"}],"wp:term":[{"taxonomy":"category","embeddable":true,"href":"https:\/\/minutobahia24h.com.br\/index.php?rest_route=%2Fwp%2Fv2%2Fcategories&post=3489"},{"taxonomy":"post_tag","embeddable":true,"href":"https:\/\/minutobahia24h.com.br\/index.php?rest_route=%2Fwp%2Fv2%2Ftags&post=3489"}],"curies":[{"name":"wp","href":"https:\/\/api.w.org\/{rel}","templated":true}]}}