{"id":34888,"date":"2025-09-09T07:12:11","date_gmt":"2025-09-09T10:12:11","guid":{"rendered":"https:\/\/minutobahia24h.com.br\/?p=34888"},"modified":"2025-09-09T07:12:13","modified_gmt":"2025-09-09T10:12:13","slug":"sessao-desta-terca-deve-ter-votos-de-moraes-e-dino-sobre-questoes-processuais-e-merito-da-acusacao","status":"publish","type":"post","link":"https:\/\/minutobahia24h.com.br\/?p=34888","title":{"rendered":"Sess\u00e3o desta ter\u00e7a deve ter votos de Moraes e Dino sobre quest\u00f5es processuais e m\u00e9rito da acusa\u00e7\u00e3o"},"content":{"rendered":"\n<p>O julgamento da chamada trama golpista\u00a0ser\u00e1 retomado nesta ter\u00e7a-feira (9) quando ser\u00e3o conhecidos os votos dos ministros da Primeira Turma do Supremo Tribunal Federal (<a class=\"\" href=\"https:\/\/g1.globo.com\/tudo-sobre\/supremo-tribunal-federal\/\">STF<\/a>) pela absolvi\u00e7\u00e3o ou condena\u00e7\u00e3o de\u00a0<a class=\"\" href=\"https:\/\/g1.globo.com\/politica\/politico\/jair-bolsonaro\/\">Jair Bolsonaro<\/a>\u00a0(PL) e outros sete r\u00e9us. No Supremo, h\u00e1 expectativa de que as sess\u00f5es desta ter\u00e7a-feira sejam destinadas para os votos dos ministros\u00a0<a class=\"\" href=\"https:\/\/g1.globo.com\/tudo-sobre\/alexandre-de-moraes\/\">Alexandre de Moraes<\/a>, que \u00e9 o relator, e\u00a0<a class=\"\" href=\"https:\/\/g1.globo.com\/tudo-sobre\/flavio-dino\/\">Fl\u00e1vio Dino<\/a>. S\u00e3o esperados votos longos.<\/p>\n\n\n\n<p>Eles s\u00e3o acusados de formar uma organiza\u00e7\u00e3o criminosa que atuou para dar um golpe de estado e manter o ex-presidente no poder mesmo ap\u00f3s a derrota nas urnas nas elei\u00e7\u00f5es de 2022. At\u00e9 agora, os ministros ouviram os argumentos da acusa\u00e7\u00e3o, que pediu a condena\u00e7\u00e3o dos oito r\u00e9us, e das defesas, que negaram a participa\u00e7\u00e3o dos acusados e pediram a absolvi\u00e7\u00e3o por faltas de provas.<\/p>\n\n\n<div class=\"wp-block-image\">\n<figure class=\"aligncenter size-full\"><img data-recalc-dims=\"1\" fetchpriority=\"high\" decoding=\"async\" width=\"800\" height=\"533\" src=\"https:\/\/i0.wp.com\/minutobahia24h.com.br\/wp-content\/uploads\/2025\/09\/Sem-titulo-107.jpg?resize=800%2C533&#038;ssl=1\" alt=\"\" class=\"wp-image-34889\" srcset=\"https:\/\/i0.wp.com\/minutobahia24h.com.br\/wp-content\/uploads\/2025\/09\/Sem-titulo-107.jpg?w=984&amp;ssl=1 984w, https:\/\/i0.wp.com\/minutobahia24h.com.br\/wp-content\/uploads\/2025\/09\/Sem-titulo-107.jpg?resize=300%2C200&amp;ssl=1 300w, https:\/\/i0.wp.com\/minutobahia24h.com.br\/wp-content\/uploads\/2025\/09\/Sem-titulo-107.jpg?resize=768%2C512&amp;ssl=1 768w, https:\/\/i0.wp.com\/minutobahia24h.com.br\/wp-content\/uploads\/2025\/09\/Sem-titulo-107.jpg?resize=750%2C500&amp;ssl=1 750w\" sizes=\"(max-width: 800px) 100vw, 800px\" \/><figcaption class=\"wp-element-caption\">Ministro Alexandre de Moraes na abertura do julgamento da trama golpista \u2014 Foto: Jorge Silva\/Reuters<br><\/figcaption><\/figure>\n<\/div>\n\n\n<p>Agora, os ministros v\u00e3o apresentar o que pensam sobre a acusa\u00e7\u00e3o da Procuradoria-Geral da Rep\u00fablica (PGR). Os ministros v\u00e3o dizer se as provas reunidas ao longo de todo o processo confirmam que houve um golpe e ainda se h\u00e1 elementos que comprovam a participa\u00e7\u00e3o de cada um dos r\u00e9us nos crimes.<\/p>\n\n\n\n<h2 class=\"wp-block-heading\">A apresenta\u00e7\u00e3o dos votos<\/h2>\n\n\n\n<p>O voto do relator \u00e9 que acaba ditando o ritmo do julgamento. Nos votos, os ministros v\u00e3o enfrentar quest\u00f5es preliminares levantadas pelas defesas e o m\u00e9rito da acusa\u00e7\u00e3o, apresentada pela Procuradoria Geral da Rep\u00fablica (PGR).<\/p>\n\n\n\n<p>\ud83d\udd0e&nbsp;<em>As quest\u00f5es preliminares s\u00e3o questionamentos processuais apresentados pelos advogados. O colegiado pode decidir votar primeiro as preliminares ou analisar o tema junto com o m\u00e9rito.<\/em><\/p>\n\n\n\n<p>Os advogados de Bolsonaro, por exemplo,\u00a0pedem a anula\u00e7\u00e3o da dela\u00e7\u00e3o premiada do tenente-coronel Mauro Cid e alegam cerceamento de defesa.<\/p>\n\n\n\n<p>O ex-ministro Braga Netto pede a anula\u00e7\u00e3o da dela\u00e7\u00e3o e tamb\u00e9m da a\u00e7\u00e3o penal, pela suspei\u00e7\u00e3o da atua\u00e7\u00e3o de Moraes no caso.<\/p>\n\n\n\n<p>Os advogados do ex-ministro ainda alegam que n\u00e3o seria compet\u00eancia do STF julgar a a\u00e7\u00e3o e pedem que o processo seja enviado para a Justi\u00e7a Comum.<\/p>\n\n\n\n<figure class=\"wp-block-image\"><img data-recalc-dims=\"1\" decoding=\"async\" src=\"https:\/\/i0.wp.com\/s2-g1.glbimg.com\/Syx5381JnyTXBCCkXK61pet8qbk%3D\/0x0%3A3840x2160\/984x0\/smart\/filters%3Astrip_icc%28%29\/i.s3.glbimg.com\/v1\/AUTH_59edd422c0c84a879bd37670ae4f538a\/internal_photos\/bs\/2025\/s\/3\/1hrq9aRaKS0VtZRqKDsA\/globo-canal-4-20250901-2000-frame-83532.jpeg?w=800&#038;ssl=1\" alt=\"JN mostra quais s\u00e3o as acusa\u00e7\u00f5es e o que dizem as defesas do n\u00facleo crucial da trama golpista \u2014 Foto: Jornal Nacional\/ Reprodu\u00e7\u00e3o\"\/><\/figure>\n\n\n\n<p>JN mostra quais s\u00e3o as acusa\u00e7\u00f5es e o que dizem as defesas do n\u00facleo crucial da trama golpista \u2014 Foto: Jornal Nacional\/ Reprodu\u00e7\u00e3o<\/p>\n\n\n\n<p>A previs\u00e3o at\u00e9 esta segunda-feira (8) \u00e9 de que Moraes apresente seu voto sobre as quest\u00f5es processuais junto com o m\u00e9rito da acusa\u00e7\u00e3o, quando decidir\u00e1 pela condena\u00e7\u00e3o ou absolvi\u00e7\u00e3o dos r\u00e9us. S\u00f3 depois, Fl\u00e1vio Dino deve iniciar seu voto.<\/p>\n\n\n\n<p>O voto do ministro Luiz Fux \u00e9 esperado para quarta-feira (10). Mas esse cronograma depende do ritmo dos votos dos ministros. N\u00e3o h\u00e1 tempo fixo para as falas dos ministros.<\/p>\n\n\n\n<p>Os ministros votam nesta ordem: Alexandre de Moraes, Fl\u00e1vio Dino, Luiz Fux, C\u00e1rmen L\u00facia e o presidente da Primeira Turma, Cristiano Zanin.<\/p>\n\n\n\n<h2 class=\"wp-block-heading\">A den\u00fancia da PGR<\/h2>\n\n\n\n<p>Esta a\u00e7\u00e3o surgiu a partir de uma den\u00fancia da PGR, \u00f3rg\u00e3o de c\u00fapula do Minist\u00e9rio P\u00fablico que atua em processos no STF. A PGR entendeu que houve cinco crimes:<\/p>\n\n\n\n<ul class=\"wp-block-list\">\n<li>aboli\u00e7\u00e3o violenta do Estado Democr\u00e1tico de Direito: acontece quando algu\u00e9m tenta &#8220;com emprego de viol\u00eancia ou grave amea\u00e7a, abolir o Estado Democr\u00e1tico de Direito, impedindo ou restringindo o exerc\u00edcio dos poderes constitucionais&#8221;. A pena varia de 4 a 8 anos de pris\u00e3o.<\/li>\n\n\n\n<li>golpe de Estado: fica configurado quando uma pessoa tenta &#8220;depor, por meio de viol\u00eancia ou grave amea\u00e7a, o governo legitimamente constitu\u00eddo&#8221;. A puni\u00e7\u00e3o \u00e9 pris\u00e3o, no per\u00edodo de 4 a 12 anos.<\/li>\n\n\n\n<li>organiza\u00e7\u00e3o criminosa: quando quatro ou mais pessoas se re\u00fanem, de forma ordenada e com divis\u00e3o de tarefas, para cometer crimes. Pena de 3 a 8 anos.<\/li>\n\n\n\n<li>dano qualificado: destruir, inutilizar ou deteriorar coisa alheia, com viol\u00eancia e grave amea\u00e7a, contra o patrim\u00f4nio da Uni\u00e3o, e com consider\u00e1vel preju\u00edzo para a v\u00edtima. Pena de seis meses a tr\u00eas anos.<\/li>\n\n\n\n<li>deteriora\u00e7\u00e3o de patrim\u00f4nio tombado: destruir, inutilizar ou deteriorar bem especialmente protegido por lei, ato administrativo ou decis\u00e3o judicial. Pena de um a tr\u00eas anos.<\/li>\n<\/ul>\n\n\n\n<h2 class=\"wp-block-heading\">R\u00e9us<\/h2>\n\n\n\n<p>Tamb\u00e9m concluiu que alguns dos respons\u00e1veis pelos crimes, r\u00e9us neste n\u00facleo crucial da trama golpista, s\u00e3o:<\/p>\n\n\n\n<ul class=\"wp-block-list\">\n<li>Alexandre Ramagem, ex-diretor da Abin;<\/li>\n\n\n\n<li>Almir Garnier, ex-comandante da Marinha;<\/li>\n\n\n\n<li>Anderson Torres, ex-ministro da Justi\u00e7a;<\/li>\n\n\n\n<li>Augusto Heleno, ex-ministro do GSI;<\/li>\n\n\n\n<li>Jair Bolsonaro, ex-presidente;<\/li>\n\n\n\n<li>Mauro Cid, ex-ajudante de ordens da Presid\u00eancia;<\/li>\n\n\n\n<li>Paulo S\u00e9rgio Nogueira, ex-ministro da Defesa;<\/li>\n\n\n\n<li>Walter Braga Netto, ex-ministro da Casa Civil de Bolsonaro.<\/li>\n<\/ul>\n","protected":false},"excerpt":{"rendered":"<p>O julgamento da chamada trama golpista\u00a0ser\u00e1 retomado nesta ter\u00e7a-feira (9) quando ser\u00e3o conhecidos os votos dos ministros da Primeira Turma do Supremo Tribunal Federal (STF) pela absolvi\u00e7\u00e3o ou condena\u00e7\u00e3o de\u00a0Jair Bolsonaro\u00a0(PL) e outros sete r\u00e9us. No Supremo, h\u00e1 expectativa de que as sess\u00f5es desta ter\u00e7a-feira sejam destinadas para os votos dos ministros\u00a0Alexandre de Moraes, que [&hellip;]<\/p>\n","protected":false},"author":2,"featured_media":34889,"comment_status":"open","ping_status":"open","sticky":false,"template":"","format":"standard","meta":{"_jetpack_memberships_contains_paid_content":false,"footnotes":""},"categories":[39],"tags":[],"class_list":["post-34888","post","type-post","status-publish","format-standard","has-post-thumbnail","hentry","category-politica"],"aioseo_notices":[],"jetpack_featured_media_url":"https:\/\/i0.wp.com\/minutobahia24h.com.br\/wp-content\/uploads\/2025\/09\/Sem-titulo-107.jpg?fit=984%2C656&ssl=1","jetpack_sharing_enabled":true,"_links":{"self":[{"href":"https:\/\/minutobahia24h.com.br\/index.php?rest_route=\/wp\/v2\/posts\/34888","targetHints":{"allow":["GET"]}}],"collection":[{"href":"https:\/\/minutobahia24h.com.br\/index.php?rest_route=\/wp\/v2\/posts"}],"about":[{"href":"https:\/\/minutobahia24h.com.br\/index.php?rest_route=\/wp\/v2\/types\/post"}],"author":[{"embeddable":true,"href":"https:\/\/minutobahia24h.com.br\/index.php?rest_route=\/wp\/v2\/users\/2"}],"replies":[{"embeddable":true,"href":"https:\/\/minutobahia24h.com.br\/index.php?rest_route=%2Fwp%2Fv2%2Fcomments&post=34888"}],"version-history":[{"count":1,"href":"https:\/\/minutobahia24h.com.br\/index.php?rest_route=\/wp\/v2\/posts\/34888\/revisions"}],"predecessor-version":[{"id":34890,"href":"https:\/\/minutobahia24h.com.br\/index.php?rest_route=\/wp\/v2\/posts\/34888\/revisions\/34890"}],"wp:featuredmedia":[{"embeddable":true,"href":"https:\/\/minutobahia24h.com.br\/index.php?rest_route=\/wp\/v2\/media\/34889"}],"wp:attachment":[{"href":"https:\/\/minutobahia24h.com.br\/index.php?rest_route=%2Fwp%2Fv2%2Fmedia&parent=34888"}],"wp:term":[{"taxonomy":"category","embeddable":true,"href":"https:\/\/minutobahia24h.com.br\/index.php?rest_route=%2Fwp%2Fv2%2Fcategories&post=34888"},{"taxonomy":"post_tag","embeddable":true,"href":"https:\/\/minutobahia24h.com.br\/index.php?rest_route=%2Fwp%2Fv2%2Ftags&post=34888"}],"curies":[{"name":"wp","href":"https:\/\/api.w.org\/{rel}","templated":true}]}}