{"id":34747,"date":"2025-09-04T07:40:40","date_gmt":"2025-09-04T10:40:40","guid":{"rendered":"https:\/\/minutobahia24h.com.br\/?p=34747"},"modified":"2025-09-04T07:40:41","modified_gmt":"2025-09-04T10:40:41","slug":"al-ba-visa-apoiar-pec-no-congresso-em-busca-de-maior-autonomia-e-aborda-remuneracao-de-deputados-julgamento-de-governadores-e-composicao-do-tce","status":"publish","type":"post","link":"https:\/\/minutobahia24h.com.br\/?p=34747","title":{"rendered":"AL-BA visa apoiar PEC no Congresso em busca de maior autonomia e aborda remunera\u00e7\u00e3o de deputados, julgamento de governadores e composi\u00e7\u00e3o do TCE"},"content":{"rendered":"<div class=\"wp-block-image\">\n<figure class=\"aligncenter size-large\"><img data-recalc-dims=\"1\" fetchpriority=\"high\" decoding=\"async\" width=\"800\" height=\"420\" src=\"https:\/\/i0.wp.com\/minutobahia24h.com.br\/wp-content\/uploads\/2025\/09\/Sem-titulo-69-1024x538.jpg?resize=800%2C420&#038;ssl=1\" alt=\"\" class=\"wp-image-34748\" srcset=\"https:\/\/i0.wp.com\/minutobahia24h.com.br\/wp-content\/uploads\/2025\/09\/Sem-titulo-69.jpg?resize=1024%2C538&amp;ssl=1 1024w, https:\/\/i0.wp.com\/minutobahia24h.com.br\/wp-content\/uploads\/2025\/09\/Sem-titulo-69.jpg?resize=300%2C158&amp;ssl=1 300w, https:\/\/i0.wp.com\/minutobahia24h.com.br\/wp-content\/uploads\/2025\/09\/Sem-titulo-69.jpg?resize=768%2C403&amp;ssl=1 768w, https:\/\/i0.wp.com\/minutobahia24h.com.br\/wp-content\/uploads\/2025\/09\/Sem-titulo-69.jpg?resize=750%2C394&amp;ssl=1 750w, https:\/\/i0.wp.com\/minutobahia24h.com.br\/wp-content\/uploads\/2025\/09\/Sem-titulo-69.jpg?resize=1140%2C599&amp;ssl=1 1140w, https:\/\/i0.wp.com\/minutobahia24h.com.br\/wp-content\/uploads\/2025\/09\/Sem-titulo-69.jpg?w=1200&amp;ssl=1 1200w\" sizes=\"(max-width: 800px) 100vw, 800px\" \/><figcaption class=\"wp-element-caption\">Foto: Leonardo Almeida \/ AL-BA<br><\/figcaption><\/figure>\n<\/div>\n\n\n<p>A Assembleia Legislativa da Bahia (AL-BA), por meio de sua Mesa Diretora, apresentou o apoio a um texto que busca a redefini\u00e7\u00e3o do equil\u00edbrio federativo no Brasil. Atrav\u00e9s da aprova\u00e7\u00e3o de um Projeto de Resolu\u00e7\u00e3o (3.301\/2025), a AL-BA apoiou a apresenta\u00e7\u00e3o de uma Proposta de Emenda \u00e0 Constitui\u00e7\u00e3o Federal (PEC) para alterar os artigos 27 e 75 da Carta Magna. A iniciativa foi protocolada nesta ter\u00e7a-feira (2) e ainda ser\u00e1 votada em plen\u00e1rio.<\/p>\n\n\n\n<p>Na justificativa, a Casa Legislativa quer &#8220;resgatar&#8221; e fortalecer prerrogativas dos estados, ao alegar que as mesmas foram &#8220;drenadas&#8221; por decis\u00f5es recentes do Supremo Tribunal Federal (STF).<\/p>\n\n\n\n<p>A PEC busca assegurar maior autonomia \u00e0s Assembleias Legislativas e aos Tribunais de Contas Estaduais (TCEs), al\u00e9m de alinhar o tratamento dado a diferentes poderes e esferas administrativas no contexto federativo. As mudan\u00e7as propostas abrangem temas como a remunera\u00e7\u00e3o de deputados estaduais, a elei\u00e7\u00e3o de Mesas Diretoras, o julgamento de governadores, a sucess\u00e3o em casos de dupla vac\u00e2ncia e a composi\u00e7\u00e3o dos TCEs.<\/p>\n\n\n\n<p><strong>Entre os principais pontos da proposta&nbsp;est\u00e3o:<\/strong><\/p>\n\n\n\n<p>1. Subs\u00eddio dos deputados estaduais e o fim da limita\u00e7\u00e3o de 75%<\/p>\n\n\n\n<p>A proposta quer alterar o \u00a7 2\u00ba do artigo 27 da Constitui\u00e7\u00e3o Federal para permitir que o subs\u00eddio dos deputados estaduais seja fixado por lei de iniciativa da Assembleia Legislativa, sem exceder o subs\u00eddio mensal dos deputados federais. Atualmente, existe uma limita\u00e7\u00e3o de 75% do subs\u00eddio dos deputados federais para os estaduais.<\/p>\n\n\n\n<p>A justificativa da AL-BA argumenta que essa limita\u00e7\u00e3o de 75% &#8220;destoa&#8221; do que \u00e9 praticado nos demais Poderes estaduais em rela\u00e7\u00e3o aos par\u00e2metros federais. Como exemplo, a proposta menciona que n\u00e3o h\u00e1 limita\u00e7\u00e3o para os governadores em rela\u00e7\u00e3o ao subs\u00eddio do presidente da Rep\u00fablica, e para os desembargadores \u00e9 aplicado um escalonamento de 90,25% em rela\u00e7\u00e3o aos Ministros do STF, com o teto remunerat\u00f3rio equivalente a 100% do subs\u00eddio dos ministros do STF. O texto busca corrigir essa &#8220;distor\u00e7\u00e3o&#8221; na remunera\u00e7\u00e3o dos membros do Poder Legislativo estadual.<\/p>\n\n\n\n<p><strong>2. Elei\u00e7\u00e3o das mesas diretoras e autonomia do calend\u00e1rio<\/strong><\/p>\n\n\n\n<p>A PEC prop\u00f5e a inclus\u00e3o do inciso III ao artigo 27 da Constitui\u00e7\u00e3o Federal, para que as Assembleias Legislativas possam eleger suas mesas diretoras para mandato de dois anos, permitindo que a elei\u00e7\u00e3o para o segundo bi\u00eanio ocorra &#8220;a qualquer tempo do segundo ano da legislatura&#8221;.<\/p>\n\n\n\n<p>Segundo a proposta, a altera\u00e7\u00e3o tem o objetivo de &#8220;recuperar a autonomia drenada pelo overruling da jurisprud\u00eancia do STF&#8221;. A justificativa cita o julgamento da ADI 7350\/TO em maio de 2024, no qual o STF anulou a elei\u00e7\u00e3o da Mesa Diretora da Assembleia de Tocantins por &#8220;antecipa\u00e7\u00e3o inconstitucional&#8221;, fixando que as elei\u00e7\u00f5es para as Casas Legislativas estaduais s\u00f3 seriam constitucionais se realizadas a partir de outubro do segundo ano da legislatura.<\/p>\n\n\n\n<p>A AL-BA alega que a decis\u00e3o gerou uma prolifera\u00e7\u00e3o de A\u00e7\u00f5es Diretas de Inconstitucionalidade (ADIs) em diversos estados. A proposta busca fortalecer o princ\u00edpio federativo e a autonomia dos estados, considerando a data da elei\u00e7\u00e3o uma &#8220;mat\u00e9ria notadamente de conte\u00fado interno das Assembleias Legislativas&#8221;.<\/p>\n\n\n\n<p>3. Julgamento de governadores por crimes comuns<\/p>\n\n\n\n<p><br>A PEC sugere reestabelecer a prerrogativa das Assembleias Legislativas de &#8220;admitir a acusa\u00e7\u00e3o contra o Governador do Estado, por 2\/3 de seus membros, para que seja submetido a julgamento perante o Superior Tribunal de Justi\u00e7a, nas infra\u00e7\u00f5es penais comuns&#8221;.<\/p>\n\n\n\n<p>Historicamente, as Constitui\u00e7\u00f5es estaduais j\u00e1 previam essa autoriza\u00e7\u00e3o, fundamentadas no princ\u00edpio da simetria com o Presidente da Rep\u00fablica, e o STF validou essa reprodu\u00e7\u00e3o por quase duas d\u00e9cadas. No entanto, em maio de 2017, o STF mudou seu entendimento, declarando a inconstitucionalidade dessa exig\u00eancia para os governadores.<\/p>\n\n\n\n<p>A AL-BA argumenta que, de acordo com essas regras, \u00e9 que o Poder Legislativo atue como &#8220;avalista&#8221; na instaura\u00e7\u00e3o de um processo penal que pode afastar o Chefe do Executivo, assegurando que a decis\u00e3o n\u00e3o seja exclusivamente do Poder Judici\u00e1rio. A proposta enfatiza a participa\u00e7\u00e3o e o controle popular indireto, o sistema de pesos e contrapesos, e a necessidade de que os estados federados tenham mecanismos de equil\u00edbrio entre os poderes. O restabelecimento desta prerrogativa, conforme a justificativa, &#8220;fortalece os princ\u00edpios democr\u00e1tico e federativo&#8221;.<\/p>\n\n\n\n<p>4. Elei\u00e7\u00e3o de governador e vice em caso de dupla vac\u00e2ncia<\/p>\n\n\n\n<p>A proposta tamb\u00e9m quer incluir trechos estabelecendo que, em caso de dupla vac\u00e2ncia nos cargos de governador e vice-governador, a elei\u00e7\u00e3o dos sucessores ocorra de forma indireta pelo Poder Legislativo nos dois \u00faltimos anos do mandato, &#8220;qualquer que seja a causa das vac\u00e2ncias&#8221;.<\/p>\n\n\n\n<p>As Constitui\u00e7\u00f5es estaduais historicamente replicavam as regras para elei\u00e7\u00e3o indireta nos dois \u00faltimos anos de mandato, e o STF reconheceu sua constitucionalidade por quase duas d\u00e9cadas, inclusive para vac\u00e2ncias decorrentes de causas eleitorais. No entanto, ap\u00f3s altera\u00e7\u00f5es no C\u00f3digo Eleitoral em 2015, o STF passou a entender que vac\u00e2ncias por causas eleitorais deveriam seguir o C\u00f3digo Eleitoral, n\u00e3o as Constitui\u00e7\u00f5es estaduais.<\/p>\n\n\n\n<p>A AL-BA defende que a medida visa o &#8220;fortalecimento do pacto federativo e a n\u00e3o discrimina\u00e7\u00e3o injustific\u00e1vel dos Estados Federados face \u00e0 Uni\u00e3o&#8221;. A justificativa tamb\u00e9m aponta para a &#8220;diminui\u00e7\u00e3o dos altos custos suportados pelos cofres p\u00fablicos para se realizar elei\u00e7\u00f5es suplementares&#8221;.<\/p>\n\n\n\n<p>5. Processamento e julgamento de crimes de responsabilidade<\/p>\n\n\n\n<p>A PEC prop\u00f5e conceder \u00e0s Assembleias Legislativas a compet\u00eancia para &#8220;processar e julgar o governador e o vice-Governador do Estado nos crimes de responsabilidade, bem como os secret\u00e1rios de Estado e os comandantes da Pol\u00edcia Militar e do Corpo de Bombeiros Militar nos crimes da mesma natureza, depois de admitida a acusa\u00e7\u00e3o&#8221;.<\/p>\n\n\n\n<p>Atualmente, as Assembleias Legislativas apenas admitem a acusa\u00e7\u00e3o, sendo o processo e julgamento realizados por um tribunal misto. A proposta busca &#8220;alinhar o tratamento&#8221; nos estados e no Distrito Federal ao que \u00e9 estabelecido na Constitui\u00e7\u00e3o Federal para o Poder Legislativo federal e municipal, onde as C\u00e2maras de Vereadores processam e julgam os prefeitos.<\/p>\n\n\n\n<p>6. Aumento do n\u00famero de conselheiros nos Tribunais de Contas<\/p>\n\n\n\n<p><br>A PEC altera o par\u00e1grafo \u00fanico do artigo 75 da Constitui\u00e7\u00e3o Federal para que as Constitui\u00e7\u00f5es Estaduais disponham sobre os Tribunais de Contas respectivos, que &#8220;ser\u00e3o integrados por 9 conselheiros&#8221;, em vez dos 7 atuais.<\/p>\n\n\n\n<p>A justificativa para o aumento \u00e9 a &#8220;transforma\u00e7\u00e3o na forma e nos volumes de recursos p\u00fablicos aplicados&#8221; no \u00e2mbito dos estados e munic\u00edpios, tornando o n\u00famero de conselheiros estabelecido em 1988 insuficiente para as demandas atuais dos TCEs.<\/p>\n\n\n\n<p>Nesse ponto, a alega\u00e7\u00e3o \u00e9 combater a &#8220;dura\u00e7\u00e3o razo\u00e1vel do processo&#8221; e a &#8220;prescri\u00e7\u00e3o&#8221; de processos de presta\u00e7\u00e3o de contas, garantindo que o controle externo seja &#8220;devido e adequado&#8221; diante do &#8220;volume torrencial de gastos de recursos p\u00fablicos\u201d.<\/p>\n\n\n\n<p>Em contato com o Bahia Not\u00edcias, a presidente da AL-BA, Ivana Bastos (PSD), informou que a movimenta\u00e7\u00e3o ocorre em parceria com a\u00a0Uni\u00e3o Nacional dos Legisladores e Legislativos Estaduais (Unale). Segundo a deputada, a entidade visa buscar apoio de pelo menos 18\u00a0assembleias para protocolar a PEC no Congresso Nacional.<\/p>\n\n\n\n<p>\u00c0 reportagem, a presidente tamb\u00e9m refor\u00e7ou que a proposta visa aumentar a autonomia dos legislativos estaduais, respeitando a particularidade de cada unidade da federa\u00e7\u00e3o.<\/p>\n\n\n\n<p>&#8220;A gente precisa ter mais autonomia. Cada estado tem o seu diferencial, cada estado tem as suas prerrogativas. O que a gente solicita \u00e9 que a gente n\u00e3o fique vinculado tanto ao Congresso Nacional. Eu acredito que na pr\u00f3xima semana a gente deva ter o apoio de todos os estados. A Unale j\u00e1 me comunicou que tem um n\u00famero e a Bahia n\u00e3o vai ficar de fora&#8221;, explicou Ivana.<\/p>\n\n\n\n<p>&#8220;A gente fica muito engessado ao n\u00edvel de Bras\u00edlia. Eu acho que isso prejudica, isso dificulta. A Unale representa todas as assembleias legislativas, ent\u00e3o quanto voc\u00ea entra junto com a solicita\u00e7\u00e3o de todas as assembleias voc\u00ea tem muito mais for\u00e7a&#8221;, completou.<\/p>\n\n\n\n<p>AUTONOMIA EM FOCO<br>N\u00e3o \u00e9 a primeira vez este ano que a AL-BA busca apoiar uma proposta que aumenta sua autonomia. Em junho, o Bahia Not\u00edcias noticiou que a Assembleia da Bahia\u00a0<a href=\"https:\/\/www.bahianoticias.com.br\/noticia\/305995-al-ba-envia-pec-ao-congresso-para-dar-mais-poderes-as-assembleias-legislativas-veja-detalhes\" target=\"_blank\" rel=\"noreferrer noopener\">apoiou o envio de um\u00a0texto que previa\u00a0altera\u00e7\u00f5es nos artigos 23 e 24 da Constitui\u00e7\u00e3o<\/a>, que tratam das delimita\u00e7\u00f5es das compet\u00eancias dos entes federativos para legislar sobre algumas tem\u00e1ticas.<\/p>\n\n\n\n<p>Neste caso, a PEC encaminhada sugere que os legislativos estaduais tamb\u00e9m possam atuar sobre a regulamenta\u00e7\u00e3o de profiss\u00f5es, organiza\u00e7\u00e3o da seguran\u00e7a p\u00fablica, transporte e, at\u00e9 mesmo, contrata\u00e7\u00e3o para a administra\u00e7\u00e3o p\u00fablica. At\u00e9 ent\u00e3o, esses temas eram de responsabilidade exclusiva da Uni\u00e3o.<\/p>\n\n\n\n<p><strong>Assim o que pode passar a ser tamb\u00e9m compet\u00eancia das Assembleias:<\/strong><\/p>\n\n\n\n<ul class=\"wp-block-list\">\n<li><strong>Previd\u00eancia social, assist\u00eancia social, prote\u00e7\u00e3o e defesa da sa\u00fade;<\/strong><\/li>\n\n\n\n<li><strong>Organiza\u00e7\u00e3o, efetivos, material b\u00e9lico, garantias, convoca\u00e7\u00e3o e mobiliza\u00e7\u00e3o de suas pol\u00edcias e demais \u00f3rg\u00e3os do sistema de seguran\u00e7a p\u00fablica;<\/strong><\/li>\n\n\n\n<li><strong>Licita\u00e7\u00e3o e contrata\u00e7\u00e3o, em todas as modalidades, para a administra\u00e7\u00e3o p\u00fablica direta, aut\u00e1rquica e fundacional, obedecido o disposto no art. 37, XXI, e para as empresas p\u00fablicas e sociedades de economia mista, nos termos do art. 173, \u00a7 1\u00b0, III;<\/strong><\/li>\n\n\n\n<li><strong>Tr\u00e2nsito e transporte;<\/strong><\/li>\n\n\n\n<li><strong>Pol\u00edtica agr\u00edcola;<\/strong><\/li>\n\n\n\n<li><strong>Regulamenta\u00e7\u00e3o de profiss\u00f5es; e<\/strong><\/li>\n\n\n\n<li><strong>Prote\u00e7\u00e3o de dados pessoais.<\/strong><\/li>\n<\/ul>\n\n\n\n<p>O texto retoma o esp\u00edrito da Proposta de Emenda \u00e0 Constitui\u00e7\u00e3o n\u00ba 47, de 2012, apresentada pelo ent\u00e3o senador S\u00e9rgio Souza (PMDB-PR), que desde ent\u00e3o tramita no Senado. A PEC 47\/2012, que contou com parecer favor\u00e1vel na Comiss\u00e3o de Constitui\u00e7\u00e3o e Justi\u00e7a (CCJ), tem como objetivo garantir maior liberdade para os estados legislarem sobre temas de interesse local, mesmo que tais temas estejam sujeitos \u00e0 legisla\u00e7\u00e3o geral da Uni\u00e3o. Todavia, a proposta se encontra arquivada no Senado.<\/p>\n\n\n\n<p>BN<\/p>\n","protected":false},"excerpt":{"rendered":"<p>A Assembleia Legislativa da Bahia (AL-BA), por meio de sua Mesa Diretora, apresentou o apoio a um texto que busca a redefini\u00e7\u00e3o do equil\u00edbrio federativo no Brasil. Atrav\u00e9s da aprova\u00e7\u00e3o de um Projeto de Resolu\u00e7\u00e3o (3.301\/2025), a AL-BA apoiou a apresenta\u00e7\u00e3o de uma Proposta de Emenda \u00e0 Constitui\u00e7\u00e3o Federal (PEC) para alterar os artigos 27 [&hellip;]<\/p>\n","protected":false},"author":2,"featured_media":34748,"comment_status":"open","ping_status":"open","sticky":false,"template":"","format":"standard","meta":{"_jetpack_memberships_contains_paid_content":false,"footnotes":""},"categories":[46],"tags":[],"class_list":["post-34747","post","type-post","status-publish","format-standard","has-post-thumbnail","hentry","category-noticia"],"aioseo_notices":[],"jetpack_featured_media_url":"https:\/\/i0.wp.com\/minutobahia24h.com.br\/wp-content\/uploads\/2025\/09\/Sem-titulo-69.jpg?fit=1200%2C630&ssl=1","jetpack_sharing_enabled":true,"_links":{"self":[{"href":"https:\/\/minutobahia24h.com.br\/index.php?rest_route=\/wp\/v2\/posts\/34747","targetHints":{"allow":["GET"]}}],"collection":[{"href":"https:\/\/minutobahia24h.com.br\/index.php?rest_route=\/wp\/v2\/posts"}],"about":[{"href":"https:\/\/minutobahia24h.com.br\/index.php?rest_route=\/wp\/v2\/types\/post"}],"author":[{"embeddable":true,"href":"https:\/\/minutobahia24h.com.br\/index.php?rest_route=\/wp\/v2\/users\/2"}],"replies":[{"embeddable":true,"href":"https:\/\/minutobahia24h.com.br\/index.php?rest_route=%2Fwp%2Fv2%2Fcomments&post=34747"}],"version-history":[{"count":1,"href":"https:\/\/minutobahia24h.com.br\/index.php?rest_route=\/wp\/v2\/posts\/34747\/revisions"}],"predecessor-version":[{"id":34749,"href":"https:\/\/minutobahia24h.com.br\/index.php?rest_route=\/wp\/v2\/posts\/34747\/revisions\/34749"}],"wp:featuredmedia":[{"embeddable":true,"href":"https:\/\/minutobahia24h.com.br\/index.php?rest_route=\/wp\/v2\/media\/34748"}],"wp:attachment":[{"href":"https:\/\/minutobahia24h.com.br\/index.php?rest_route=%2Fwp%2Fv2%2Fmedia&parent=34747"}],"wp:term":[{"taxonomy":"category","embeddable":true,"href":"https:\/\/minutobahia24h.com.br\/index.php?rest_route=%2Fwp%2Fv2%2Fcategories&post=34747"},{"taxonomy":"post_tag","embeddable":true,"href":"https:\/\/minutobahia24h.com.br\/index.php?rest_route=%2Fwp%2Fv2%2Ftags&post=34747"}],"curies":[{"name":"wp","href":"https:\/\/api.w.org\/{rel}","templated":true}]}}