{"id":3473,"date":"2023-11-06T07:04:36","date_gmt":"2023-11-06T10:04:36","guid":{"rendered":"https:\/\/minutobahia24h.com.br\/?p=3473"},"modified":"2023-11-06T07:04:37","modified_gmt":"2023-11-06T10:04:37","slug":"em-delacao-mauro-cid-detalha-funcionamento-de-gabinete-do-odio-de-bolsonaro","status":"publish","type":"post","link":"https:\/\/minutobahia24h.com.br\/?p=3473","title":{"rendered":"Em dela\u00e7\u00e3o, Mauro Cid detalha funcionamento de \u201cgabinete do \u00f3dio\u201d de Bolsonaro"},"content":{"rendered":"<div class=\"wp-block-image\">\n<figure class=\"aligncenter size-full\"><img data-recalc-dims=\"1\" fetchpriority=\"high\" decoding=\"async\" width=\"800\" height=\"488\" src=\"https:\/\/i0.wp.com\/minutobahia24h.com.br\/wp-content\/uploads\/2023\/11\/Sem-titulo-56.jpg?resize=800%2C488&#038;ssl=1\" alt=\"\" class=\"wp-image-3475\" srcset=\"https:\/\/i0.wp.com\/minutobahia24h.com.br\/wp-content\/uploads\/2023\/11\/Sem-titulo-56.jpg?w=888&amp;ssl=1 888w, https:\/\/i0.wp.com\/minutobahia24h.com.br\/wp-content\/uploads\/2023\/11\/Sem-titulo-56.jpg?resize=300%2C183&amp;ssl=1 300w, https:\/\/i0.wp.com\/minutobahia24h.com.br\/wp-content\/uploads\/2023\/11\/Sem-titulo-56.jpg?resize=768%2C469&amp;ssl=1 768w, https:\/\/i0.wp.com\/minutobahia24h.com.br\/wp-content\/uploads\/2023\/11\/Sem-titulo-56.jpg?resize=750%2C458&amp;ssl=1 750w\" sizes=\"(max-width: 800px) 100vw, 800px\" \/><figcaption class=\"wp-element-caption\">Mauro Cid tira celular do bolso de Jair Bolsonaro no Aeroporto de Guarulhos, em 2022 \u2014 Foto: Caio Rocha\/iShoot\/Ag\u00eancia O Globo<br><\/figcaption><\/figure>\n<\/div>\n\n\n<p class=\"has-text-align-justify\">O ex-ajudante de ordens da Presid\u00eancia\u00a0<a class=\"\" href=\"http:\/\/oglobo.globo.com\/tudo-sobre\/politico\/mauro-cid\/\">Mauro Cid<\/a>\u00a0detalhou, em seu acordo de dela\u00e7\u00e3o premiada, como funcionava o \u201cgabinete do \u00f3dio\u201d do governo\u00a0<a class=\"\" href=\"https:\/\/oglobo.globo.com\/tudo-sobre\/politico\/jair-messias-bolsonaro\">Jair Bolsonaro<\/a>. Segundo envolvidos nas tratativas, foi exig\u00eancia da pr\u00f3pria Pol\u00edcia Federal que Cid delatasse a opera\u00e7\u00e3o das mil\u00edcias digitais e do gabinete do \u00f3dio para fechar o acordo que foi homologado em setembro pela Justi\u00e7a.<\/p>\n\n\n\n<p class=\"has-text-align-justify\">Na dela\u00e7\u00e3o, Cid detalhou o papel que cada ex-assessor de Bolsonaro do Pal\u00e1cio do Planalto que atuava direta ou indiretamente na estrat\u00e9gia de comunica\u00e7\u00e3o digital que envolvia a dissemina\u00e7\u00e3o de not\u00edcias falsas e ataques a desafetos do ex-presidente, como ministros do Supremo Tribunal Federal (<a class=\"\" href=\"https:\/\/oglobo.globo.com\/tudo-sobre\/instituicao-governamental\/stf\">STF<\/a>). Um dos eixos dos trabalhos foi a dissemina\u00e7\u00e3o de conte\u00fados, como edi\u00e7\u00f5es de v\u00eddeos e frases, via redes sociais.<\/p>\n\n\n\n<p class=\"has-text-align-justify\">O tenente-coronel disse ainda o que sabe da rela\u00e7\u00e3o de membros desse grupo com os integrantes do cl\u00e3 Bolsonaro. Cid tamb\u00e9m falou sobre os apoiadores de Bolsonaro que se organizavam nas redes como mil\u00edcias digitais. Um dos focos dos investigadores com a dela\u00e7\u00e3o do militar \u00e9 angariar provas para o inqu\u00e9rito que apura como funcionam essas mil\u00edcias.<\/p>\n\n\n\n<p class=\"has-text-align-justify\">O ex-ajudante de ordens tamb\u00e9m falou quais eram os integrantes do governo que estimulavam o uso do gabinete do \u00f3dio para atacar reputa\u00e7\u00f5es e quais eram os que tentavam amenizar a tens\u00e3o de Bolsonaro e o Judici\u00e1rio.<\/p>\n","protected":false},"excerpt":{"rendered":"<p>O ex-ajudante de ordens da Presid\u00eancia\u00a0Mauro Cid\u00a0detalhou, em seu acordo de dela\u00e7\u00e3o premiada, como funcionava o \u201cgabinete do \u00f3dio\u201d do governo\u00a0Jair Bolsonaro. Segundo envolvidos nas tratativas, foi exig\u00eancia da pr\u00f3pria Pol\u00edcia Federal que Cid delatasse a opera\u00e7\u00e3o das mil\u00edcias digitais e do gabinete do \u00f3dio para fechar o acordo que foi homologado em setembro pela [&hellip;]<\/p>\n","protected":false},"author":2,"featured_media":3475,"comment_status":"open","ping_status":"open","sticky":false,"template":"","format":"standard","meta":{"_jetpack_memberships_contains_paid_content":false,"footnotes":""},"categories":[39],"tags":[],"class_list":["post-3473","post","type-post","status-publish","format-standard","has-post-thumbnail","hentry","category-politica"],"aioseo_notices":[],"jetpack_featured_media_url":"https:\/\/i0.wp.com\/minutobahia24h.com.br\/wp-content\/uploads\/2023\/11\/Sem-titulo-56.jpg?fit=888%2C542&ssl=1","jetpack_sharing_enabled":true,"_links":{"self":[{"href":"https:\/\/minutobahia24h.com.br\/index.php?rest_route=\/wp\/v2\/posts\/3473","targetHints":{"allow":["GET"]}}],"collection":[{"href":"https:\/\/minutobahia24h.com.br\/index.php?rest_route=\/wp\/v2\/posts"}],"about":[{"href":"https:\/\/minutobahia24h.com.br\/index.php?rest_route=\/wp\/v2\/types\/post"}],"author":[{"embeddable":true,"href":"https:\/\/minutobahia24h.com.br\/index.php?rest_route=\/wp\/v2\/users\/2"}],"replies":[{"embeddable":true,"href":"https:\/\/minutobahia24h.com.br\/index.php?rest_route=%2Fwp%2Fv2%2Fcomments&post=3473"}],"version-history":[{"count":1,"href":"https:\/\/minutobahia24h.com.br\/index.php?rest_route=\/wp\/v2\/posts\/3473\/revisions"}],"predecessor-version":[{"id":3476,"href":"https:\/\/minutobahia24h.com.br\/index.php?rest_route=\/wp\/v2\/posts\/3473\/revisions\/3476"}],"wp:featuredmedia":[{"embeddable":true,"href":"https:\/\/minutobahia24h.com.br\/index.php?rest_route=\/wp\/v2\/media\/3475"}],"wp:attachment":[{"href":"https:\/\/minutobahia24h.com.br\/index.php?rest_route=%2Fwp%2Fv2%2Fmedia&parent=3473"}],"wp:term":[{"taxonomy":"category","embeddable":true,"href":"https:\/\/minutobahia24h.com.br\/index.php?rest_route=%2Fwp%2Fv2%2Fcategories&post=3473"},{"taxonomy":"post_tag","embeddable":true,"href":"https:\/\/minutobahia24h.com.br\/index.php?rest_route=%2Fwp%2Fv2%2Ftags&post=3473"}],"curies":[{"name":"wp","href":"https:\/\/api.w.org\/{rel}","templated":true}]}}