{"id":34509,"date":"2025-08-29T07:50:35","date_gmt":"2025-08-29T10:50:35","guid":{"rendered":"https:\/\/minutobahia24h.com.br\/?p=34509"},"modified":"2025-08-29T07:50:36","modified_gmt":"2025-08-29T10:50:36","slug":"homem-que-se-respeita-nao-rasteja-para-outro-diz-lula-sobre-nao-ligar-para-trump","status":"publish","type":"post","link":"https:\/\/minutobahia24h.com.br\/?p=34509","title":{"rendered":"Homem que se respeita n\u00e3o rasteja para outro, diz Lula sobre n\u00e3o ligar para Trump"},"content":{"rendered":"<div class=\"wp-block-image\">\n<figure class=\"aligncenter size-full\"><img data-recalc-dims=\"1\" fetchpriority=\"high\" decoding=\"async\" width=\"700\" height=\"465\" src=\"https:\/\/i0.wp.com\/minutobahia24h.com.br\/wp-content\/uploads\/2025\/08\/Sem-titulo-395.jpg?resize=700%2C465&#038;ssl=1\" alt=\"\" class=\"wp-image-34510\" srcset=\"https:\/\/i0.wp.com\/minutobahia24h.com.br\/wp-content\/uploads\/2025\/08\/Sem-titulo-395.jpg?w=700&amp;ssl=1 700w, https:\/\/i0.wp.com\/minutobahia24h.com.br\/wp-content\/uploads\/2025\/08\/Sem-titulo-395.jpg?resize=300%2C199&amp;ssl=1 300w\" sizes=\"(max-width: 700px) 100vw, 700px\" \/><figcaption class=\"wp-element-caption\">Cr\u00e9dito: MarceloHide\/FotosPublicas<\/figcaption><\/figure>\n<\/div>\n\n\n<p>O presidente Luiz In\u00e1cio Lula da Silva (PT) voltou a dizer nesta quinta-feira (28) que ainda n\u00e3o ligou para Donald Trump por acreditar que um l\u00edder n\u00e3o deve se humilhar para outro. &#8220;&#8216;Ah, o Lula tinha que ligar&#8217;. N\u00e3o. Sabe o que acontece? O Lula aprendeu a andar de cabe\u00e7a erguida. Porque um homem que se respeita, que tem dignidade, n\u00e3o rasteja diante de outro homem. Ent\u00e3o no dia que o Trump quiser conversar eu estarei pronto&#8221;, declarou em entrevista ao Balan\u00e7o Geral MG.<\/p>\n\n\n\n<p>Lula tem mantido o tom em rela\u00e7\u00e3o ao presidente dos Estados Unidos, afirmando sucessivas vezes que o Brasil n\u00e3o deveria se curvar aos EUA. Ao falar na reuni\u00e3o ministerial de ter\u00e7a-feira (26), o petista afirmou que nem ele nem seus ministros respons\u00e1veis pela articula\u00e7\u00e3o com os americanos seriam &#8220;subalternos&#8221;.<\/p>\n\n\n\n<p>Em outras falas p\u00fablicas, o brasileiro tamb\u00e9m j\u00e1 disse que n\u00e3o havia feito a liga\u00e7\u00e3o por falta de abertura da parte do americano. Um di\u00e1logo direto entre os dois segue pendente, enquanto a tratativa do tarifa\u00e7o tem sido comandada por Geraldo Alckmin, vice-presidente e ministro da Ind\u00fastria, Com\u00e9rcio e Servi\u00e7os, al\u00e9m de Fernando Haddad (Fazenda) e Mauro Vieira (Rela\u00e7\u00f5es Exteriores).<\/p>\n\n\n\n<p>&#8220;Nem carta ele mandou, ele publicou a carta na internet dele e eu fiquei sabendo pela imprensa&#8221;, disse, em refer\u00eancia ao an\u00fancio do tarifa\u00e7o, feito pelo americano por uma postagem.<\/p>\n\n\n\n<p>&#8220;Eu mandei uma carta convidando ele pra COP, uma carta civilizada como um presidente deve mandar pro outro, assinada por mim. Ent\u00e3o a hora que ele quiser conversar o &#8216;Lulinha paz e amor&#8217; t\u00e1 pronto para conversar, mas n\u00e3o pensem que Lula vai ficar mendigando uma conversa n\u00e3o, vai procurar outros parceiros&#8221;, disse ainda.<\/p>\n\n\n\n<p>A carta citada por Lula foi um convite para que Trump participasse da COP30, a confer\u00eancia clim\u00e1tica da ONU (Organiza\u00e7\u00e3o das Na\u00e7\u00f5es Unidas) que est\u00e1 marcada para novembro, em Bel\u00e9m. Segundo auxiliares palacianos, o texto se ateve ao convite e n\u00e3o tratou do tarifa\u00e7o.<\/p>\n\n\n\n<p>O governo brasileiro aderiu \u00e0 estrat\u00e9gia de usar o tarifa\u00e7o para ampliar mercados comerciais, refor\u00e7ando pontes, sobretudo, com pa\u00edses que tamb\u00e9m foram afetados pelas medidas, como \u00cdndia e China. Desde ent\u00e3o, Lula tem ligado e recebido diversos l\u00edderes mundiais, com os quais tem tratado da quest\u00e3o comercial.<\/p>\n\n\n\n<p>Bahia Not\u00edcias<\/p>\n","protected":false},"excerpt":{"rendered":"<p>O presidente Luiz In\u00e1cio Lula da Silva (PT) voltou a dizer nesta quinta-feira (28) que ainda n\u00e3o ligou para Donald Trump por acreditar que um l\u00edder n\u00e3o deve se humilhar para outro. &#8220;&#8216;Ah, o Lula tinha que ligar&#8217;. N\u00e3o. Sabe o que acontece? O Lula aprendeu a andar de cabe\u00e7a erguida. Porque um homem que [&hellip;]<\/p>\n","protected":false},"author":2,"featured_media":34510,"comment_status":"open","ping_status":"open","sticky":false,"template":"","format":"standard","meta":{"_jetpack_memberships_contains_paid_content":false,"footnotes":""},"categories":[39],"tags":[],"class_list":["post-34509","post","type-post","status-publish","format-standard","has-post-thumbnail","hentry","category-politica"],"aioseo_notices":[],"jetpack_featured_media_url":"https:\/\/i0.wp.com\/minutobahia24h.com.br\/wp-content\/uploads\/2025\/08\/Sem-titulo-395.jpg?fit=700%2C465&ssl=1","jetpack_sharing_enabled":true,"_links":{"self":[{"href":"https:\/\/minutobahia24h.com.br\/index.php?rest_route=\/wp\/v2\/posts\/34509","targetHints":{"allow":["GET"]}}],"collection":[{"href":"https:\/\/minutobahia24h.com.br\/index.php?rest_route=\/wp\/v2\/posts"}],"about":[{"href":"https:\/\/minutobahia24h.com.br\/index.php?rest_route=\/wp\/v2\/types\/post"}],"author":[{"embeddable":true,"href":"https:\/\/minutobahia24h.com.br\/index.php?rest_route=\/wp\/v2\/users\/2"}],"replies":[{"embeddable":true,"href":"https:\/\/minutobahia24h.com.br\/index.php?rest_route=%2Fwp%2Fv2%2Fcomments&post=34509"}],"version-history":[{"count":1,"href":"https:\/\/minutobahia24h.com.br\/index.php?rest_route=\/wp\/v2\/posts\/34509\/revisions"}],"predecessor-version":[{"id":34511,"href":"https:\/\/minutobahia24h.com.br\/index.php?rest_route=\/wp\/v2\/posts\/34509\/revisions\/34511"}],"wp:featuredmedia":[{"embeddable":true,"href":"https:\/\/minutobahia24h.com.br\/index.php?rest_route=\/wp\/v2\/media\/34510"}],"wp:attachment":[{"href":"https:\/\/minutobahia24h.com.br\/index.php?rest_route=%2Fwp%2Fv2%2Fmedia&parent=34509"}],"wp:term":[{"taxonomy":"category","embeddable":true,"href":"https:\/\/minutobahia24h.com.br\/index.php?rest_route=%2Fwp%2Fv2%2Fcategories&post=34509"},{"taxonomy":"post_tag","embeddable":true,"href":"https:\/\/minutobahia24h.com.br\/index.php?rest_route=%2Fwp%2Fv2%2Ftags&post=34509"}],"curies":[{"name":"wp","href":"https:\/\/api.w.org\/{rel}","templated":true}]}}