{"id":34491,"date":"2025-08-29T07:41:33","date_gmt":"2025-08-29T10:41:33","guid":{"rendered":"https:\/\/minutobahia24h.com.br\/?p=34491"},"modified":"2025-08-29T07:41:35","modified_gmt":"2025-08-29T10:41:35","slug":"stf-tera-presenca-de-501-jornalistas-e-reforco-na-seguranca-para-julgamento-da-trama-golpista-que-comeca-na-terca","status":"publish","type":"post","link":"https:\/\/minutobahia24h.com.br\/?p=34491","title":{"rendered":"STF ter\u00e1 presen\u00e7a de 501 jornalistas e refor\u00e7o na seguran\u00e7a para julgamento da trama golpista, que come\u00e7a na ter\u00e7a"},"content":{"rendered":"<div class=\"wp-block-image\">\n<figure class=\"aligncenter size-full\"><img data-recalc-dims=\"1\" fetchpriority=\"high\" decoding=\"async\" width=\"800\" height=\"347\" src=\"https:\/\/i0.wp.com\/minutobahia24h.com.br\/wp-content\/uploads\/2025\/08\/Sem-titulo-389.jpg?resize=800%2C347&#038;ssl=1\" alt=\"\" class=\"wp-image-34492\" srcset=\"https:\/\/i0.wp.com\/minutobahia24h.com.br\/wp-content\/uploads\/2025\/08\/Sem-titulo-389.jpg?w=888&amp;ssl=1 888w, https:\/\/i0.wp.com\/minutobahia24h.com.br\/wp-content\/uploads\/2025\/08\/Sem-titulo-389.jpg?resize=300%2C130&amp;ssl=1 300w, https:\/\/i0.wp.com\/minutobahia24h.com.br\/wp-content\/uploads\/2025\/08\/Sem-titulo-389.jpg?resize=768%2C333&amp;ssl=1 768w, https:\/\/i0.wp.com\/minutobahia24h.com.br\/wp-content\/uploads\/2025\/08\/Sem-titulo-389.jpg?resize=750%2C325&amp;ssl=1 750w\" sizes=\"(max-width: 800px) 100vw, 800px\" \/><\/figure>\n<\/div>\n\n\n<p>O Supremo Tribunal Federal (<a class=\"\" href=\"https:\/\/g1.globo.com\/tudo-sobre\/supremo-tribunal-federal\/\">STF<\/a>) informou que receber\u00e1 501 jornalistas, de diversos ve\u00edculos de imprensa, para acompanhar o julgamento da trama golpista, a ser iniciado na pr\u00f3xima ter\u00e7a-feira (2). O julgamento ser\u00e1 um dos principais temas do pa\u00eds pelas pr\u00f3ximas semanas, e vem gerando interesse crescente mesmo antes de come\u00e7ar, com reflexos na pol\u00edtica, no governo e nas rela\u00e7\u00f5es internacionais do Brasil.<\/p>\n\n\n\n<p>O ex-presidente&nbsp;<a class=\"\" href=\"https:\/\/g1.globo.com\/politica\/politico\/jair-bolsonaro\/\">Jair Bolsonaro<\/a>&nbsp;e sete de seus ex-auxiliares s\u00e3o r\u00e9us por \u2014 segundo a Procuradoria-Geral da Rep\u00fablica (PGR) \u2014 terem formado uma organiza\u00e7\u00e3o criminosa que tentou mant\u00ea-lo no poder e impedir a posse do presidente Luiz In\u00e1cio&nbsp;<a class=\"\" href=\"https:\/\/g1.globo.com\/politica\/politico\/lula\/\">Lula<\/a>&nbsp;da Silva.<\/p>\n\n\n\n<p>Al\u00e9m dos profissionais de imprensa, o STF recebeu pedidos de&nbsp;3.357 pessoas do p\u00fablico em geral&nbsp;para acompanhar alguma das sess\u00f5es do julgamento. S\u00e3o previstas sess\u00f5es nos dias 2, 3, 9, 10 e 12 de setembro, quando sair\u00e3o as senten\u00e7as.<\/p>\n\n\n\n<p>O p\u00fablico ser\u00e1 acomodado no plen\u00e1rio da Segunda Turma do Supremo, onde foram disponibilizados 150 lugares para esses inscritos.<\/p>\n\n\n\n<p>O julgamento, por sua vez, ser\u00e1 realizado na sala da Primeira Turma, onde ter\u00e3o 80 cadeiras dispon\u00edveis para os jornalistas por ordem de chegada.<\/p>\n\n\n\n<p>Os ministros que comp\u00f5em a Primeira Turma s\u00e3o: Alexandre de Moras (relator), Cristiano Zanin (presidente), C\u00e1rmen L\u00facia, Fl\u00e1vio Dino e Luiz Fux.<\/p>\n\n\n\n<p>Na fase de interrogat\u00f3rio, ocorrida em junho, os r\u00e9us negaram qualquer a\u00e7\u00e3o golpista ou com objetivo de impedir a posse do presidente Lula. Afirmaram que n\u00e3o houve movimenta\u00e7\u00e3o concreta para um golpe de Estado e que a den\u00fancia da PGR \u00e9 injusta.<\/p>\n\n\n\n<h2 class=\"wp-block-heading\">Refor\u00e7o na seguran\u00e7a<\/h2>\n\n\n\n<p>O STF tamb\u00e9m ter\u00e1 refor\u00e7o na seguran\u00e7a desde o in\u00edcio da semana. Al\u00e9m do julgamento, outro evento considerado fonte de tens\u00e3o \u00e9 o Dia de 7 de Setembro, feriado da Independ\u00eancia do Brasil, que cai no s\u00e1bado.<\/p>\n\n\n\n<p>Por motivos de estrat\u00e9gia, nem o STF nem a pol\u00edcia detalham quantos agentes foram destacados. Mas o tribunal afirma que ser\u00e1 um policiamento ostensivo.<\/p>\n\n\n\n<p>Na segunda (1\u00ba), a Pol\u00edcia Militar do Distrito Federal vai fechar a pra\u00e7a dos Tr\u00eas Poderes, onde ficam, al\u00e9m do STF, o Congresso e o Pal\u00e1cio do Planalto.<\/p>\n\n\n\n<p>Na ter\u00e7a (2), primeiro dia do julgamento, haver\u00e1 presen\u00e7a da tropa de choque da PM, do Bope e do Comando de Opera\u00e7\u00f5es T\u00e1ticas. Ser\u00e1 feita nas imedia\u00e7\u00e3o uma varredura com os cachorros treinados da pol\u00edcia.<\/p>\n\n\n\n<p>Al\u00e9m de policiais militares, a seguran\u00e7a ser\u00e1 feita tamb\u00e9m com policiais judiciais, de tribunais de Bras\u00edlia e tamb\u00e9m de outros estados.<\/p>\n\n\n\n<p>O STF informou que manter\u00e1 contato direto com a Secretaria de Seguran\u00e7a do DF e que os acessos ao pr\u00e9dio s\u00f3 ser\u00e3o permitidos ap\u00f3s inspe\u00e7\u00e3o com detector de metais.<\/p>\n\n\n\n<h2 class=\"wp-block-heading\">Clima pol\u00edtico<\/h2>\n\n\n\n<figure class=\"wp-block-image\"><img data-recalc-dims=\"1\" decoding=\"async\" src=\"https:\/\/i0.wp.com\/s2-g1.glbimg.com\/5BKK7YFujx22IUAaDOELjH3X4eo%3D\/0x0%3A1200x675\/984x0\/smart\/filters%3Astrip_icc%28%29\/i.s3.glbimg.com\/v1\/AUTH_59edd422c0c84a879bd37670ae4f538a\/internal_photos\/bs\/2025\/h\/q\/eOGJubQ7G7r9kRCo4UIw\/jair-economist.gif?w=800&#038;ssl=1\" alt=\"Jair Bolsonaro na capa da revista 'The Economist' \u2014 Foto: Reprodu\u00e7\u00e3o\/'The Economist'\"\/><\/figure>\n\n\n\n<p>Jair Bolsonaro na capa da revista &#8216;The Economist&#8217; \u2014 Foto: Reprodu\u00e7\u00e3o\/&#8217;The Economist&#8217;<\/p>\n\n\n\n<p>Jair Bolsonaro, que cumpre pris\u00e3o domiciliar por, segundo Moraes, tentar coagir os ministros e institui\u00e7\u00f5es respons\u00e1veis pelo processo, ainda n\u00e3o informou se vai comparecer presencialmente ao julgamento.<\/p>\n\n\n\n<p>Seu principal advers\u00e1rio pol\u00edtico, o presidente Lula,&nbsp;<a class=\"\" href=\"https:\/\/g1.globo.com\/politica\/noticia\/2025\/08\/26\/lula-faz-segunda-reuniao-ministerial-do-ano.ghtml\">afirmou nesta semana<\/a>&nbsp;que o deputado Eduardo Bolsonaro (PL-SP), filho de Bolsonaro, comete trai\u00e7\u00e3o \u00e0 p\u00e1tria ao estimular, nos Estados Unidos, retalia\u00e7\u00f5es do governo daquele pa\u00eds ao Brasil em raz\u00e3o do julgamento.<\/p>\n\n\n\n<p>O presidente norte-americano, Donald Trump, quando anunciou um tarifa\u00e7o de 50% a produtos brasileiros, ligou essa decis\u00e3o ao julgamento de Bolsonaro que, segundo Trump, \u00e9 uma &#8220;ca\u00e7a \u00e0s bruxas&#8221;. Trump \u00e9 aliado de Bolsonaro.<\/p>\n\n\n\n<p>Al\u00e9m do tarifa\u00e7o, o governo dos EUA aplicou san\u00e7\u00f5es ao ministro Moraes e a outros integrantes da Corte.<\/p>\n\n\n\n<p>Lula tem dito que o Brasil n\u00e3o negocia sua soberania.<\/p>\n\n\n\n<p>Nesta quinta, a revista The Economist, uma das mais influentes do mundo, apresentou na manchete uma reportagem que diz que o Brasil, ao julgar a tentativa de golpe, est\u00e1 dando uma li\u00e7\u00e3o aos Estados Unidos.<\/p>\n\n\n\n<p>A capa faz uma montagem de Jair Bolsonaro com a mesma vestimenta de um dos manifestantes que, em 6 de janeiro de 2020, invadiram o Congresso dos EUA para impedir a posse de Joe Biden, que sucedeu Trump no poder.<\/p>\n\n\n\n<figure class=\"wp-block-image\"><img data-recalc-dims=\"1\" decoding=\"async\" src=\"https:\/\/i0.wp.com\/s2-g1.glbimg.com\/Yx5TmGD__5ZDDrAaFmb9nECzTsY%3D\/0x0%3A1300x3740\/984x0\/smart\/filters%3Astrip_icc%28%29\/i.s3.glbimg.com\/v1\/AUTH_59edd422c0c84a879bd37670ae4f538a\/internal_photos\/bs\/2025\/Y\/J\/hnCRIOSpyHUwxBbtl5VA\/250828-info-julgamento-golpe-3.png?w=800&#038;ssl=1\" alt=\"Trama golpista: Veja cronograma do julgamento do n\u00facleo crucial \u2014 Foto: Arte\/g1\"\/><\/figure>\n\n\n\n<p>Trama golpista: Veja cronograma do julgamento do n\u00facleo crucial \u2014 Foto: Arte\/g1<\/p>\n","protected":false},"excerpt":{"rendered":"<p>O Supremo Tribunal Federal (STF) informou que receber\u00e1 501 jornalistas, de diversos ve\u00edculos de imprensa, para acompanhar o julgamento da trama golpista, a ser iniciado na pr\u00f3xima ter\u00e7a-feira (2). O julgamento ser\u00e1 um dos principais temas do pa\u00eds pelas pr\u00f3ximas semanas, e vem gerando interesse crescente mesmo antes de come\u00e7ar, com reflexos na pol\u00edtica, no [&hellip;]<\/p>\n","protected":false},"author":2,"featured_media":34492,"comment_status":"open","ping_status":"open","sticky":false,"template":"","format":"standard","meta":{"_jetpack_memberships_contains_paid_content":false,"footnotes":""},"categories":[39],"tags":[],"class_list":["post-34491","post","type-post","status-publish","format-standard","has-post-thumbnail","hentry","category-politica"],"aioseo_notices":[],"jetpack_featured_media_url":"https:\/\/i0.wp.com\/minutobahia24h.com.br\/wp-content\/uploads\/2025\/08\/Sem-titulo-389.jpg?fit=888%2C385&ssl=1","jetpack_sharing_enabled":true,"_links":{"self":[{"href":"https:\/\/minutobahia24h.com.br\/index.php?rest_route=\/wp\/v2\/posts\/34491","targetHints":{"allow":["GET"]}}],"collection":[{"href":"https:\/\/minutobahia24h.com.br\/index.php?rest_route=\/wp\/v2\/posts"}],"about":[{"href":"https:\/\/minutobahia24h.com.br\/index.php?rest_route=\/wp\/v2\/types\/post"}],"author":[{"embeddable":true,"href":"https:\/\/minutobahia24h.com.br\/index.php?rest_route=\/wp\/v2\/users\/2"}],"replies":[{"embeddable":true,"href":"https:\/\/minutobahia24h.com.br\/index.php?rest_route=%2Fwp%2Fv2%2Fcomments&post=34491"}],"version-history":[{"count":1,"href":"https:\/\/minutobahia24h.com.br\/index.php?rest_route=\/wp\/v2\/posts\/34491\/revisions"}],"predecessor-version":[{"id":34493,"href":"https:\/\/minutobahia24h.com.br\/index.php?rest_route=\/wp\/v2\/posts\/34491\/revisions\/34493"}],"wp:featuredmedia":[{"embeddable":true,"href":"https:\/\/minutobahia24h.com.br\/index.php?rest_route=\/wp\/v2\/media\/34492"}],"wp:attachment":[{"href":"https:\/\/minutobahia24h.com.br\/index.php?rest_route=%2Fwp%2Fv2%2Fmedia&parent=34491"}],"wp:term":[{"taxonomy":"category","embeddable":true,"href":"https:\/\/minutobahia24h.com.br\/index.php?rest_route=%2Fwp%2Fv2%2Fcategories&post=34491"},{"taxonomy":"post_tag","embeddable":true,"href":"https:\/\/minutobahia24h.com.br\/index.php?rest_route=%2Fwp%2Fv2%2Ftags&post=34491"}],"curies":[{"name":"wp","href":"https:\/\/api.w.org\/{rel}","templated":true}]}}