{"id":34488,"date":"2025-08-29T07:39:04","date_gmt":"2025-08-29T10:39:04","guid":{"rendered":"https:\/\/minutobahia24h.com.br\/?p=34488"},"modified":"2025-08-29T07:39:06","modified_gmt":"2025-08-29T10:39:06","slug":"eduardo-bolsonaro-pede-a-motta-para-exercer-mandato-dos-eua","status":"publish","type":"post","link":"https:\/\/minutobahia24h.com.br\/?p=34488","title":{"rendered":"Eduardo Bolsonaro pede a Motta para exercer mandato dos EUA"},"content":{"rendered":"<div class=\"wp-block-image\">\n<figure class=\"aligncenter size-full\"><img data-recalc-dims=\"1\" fetchpriority=\"high\" decoding=\"async\" width=\"800\" height=\"424\" src=\"https:\/\/i0.wp.com\/minutobahia24h.com.br\/wp-content\/uploads\/2025\/08\/Sem-titulo-388.jpg?resize=800%2C424&#038;ssl=1\" alt=\"\" class=\"wp-image-34489\" srcset=\"https:\/\/i0.wp.com\/minutobahia24h.com.br\/wp-content\/uploads\/2025\/08\/Sem-titulo-388.jpg?w=984&amp;ssl=1 984w, https:\/\/i0.wp.com\/minutobahia24h.com.br\/wp-content\/uploads\/2025\/08\/Sem-titulo-388.jpg?resize=300%2C159&amp;ssl=1 300w, https:\/\/i0.wp.com\/minutobahia24h.com.br\/wp-content\/uploads\/2025\/08\/Sem-titulo-388.jpg?resize=768%2C407&amp;ssl=1 768w, https:\/\/i0.wp.com\/minutobahia24h.com.br\/wp-content\/uploads\/2025\/08\/Sem-titulo-388.jpg?resize=750%2C398&amp;ssl=1 750w\" sizes=\"(max-width: 800px) 100vw, 800px\" \/><figcaption class=\"wp-element-caption\">Deputado Eduardo Bolsonaro, nos Estados Unidos, participou remotamente de audi\u00eancia na C\u00e2mara \u2014 Foto: Divulga\u00e7\u00e3o<br><br><br><\/figcaption><\/figure>\n<\/div>\n\n\n<p>O deputado federal\u00a0<a class=\"\" href=\"https:\/\/g1.globo.com\/politica\/politico\/eduardo-bolsonaro\/\">Eduardo Bolsonaro<\/a>\u00a0(PL-SP) pediu autoriza\u00e7\u00e3o ao presidente da C\u00e2mara, Hugo Motta (Republicanos-PB), para exercer o mandato no exterior. Filho do ex-presidente\u00a0<a class=\"\" href=\"https:\/\/g1.globo.com\/politica\/politico\/jair-bolsonaro\/\">Jair Bolsonaro<\/a>\u00a0(PL),\u00a0<a class=\"\" href=\"https:\/\/g1.globo.com\/politica\/noticia\/2025\/08\/27\/sem-presenca-desde-marco-eduardo-bolsonaro-participa-remotamente-de-audiencia-na-camara.ghtml\">Eduardo est\u00e1 nos Estados Unidos desde o fim de fevereiro<\/a>\u00a0deste ano. Em solo americano, ele tem afirmado que sofre persegui\u00e7\u00e3o pol\u00edtica e jur\u00eddica no Brasil.<\/p>\n\n\n\n<p>Entre mar\u00e7o e julho, Eduardo Bolsonaro se afastou do mandato em uma licen\u00e7a para tratar de assuntos pessoais. Desde o retorno do recesso parlamentar, em agosto, o deputado tem contabilizado faltas injustificadas. Nos EUA, Eduardo tem se reunido com representantes do governo americano e \u00e9 apontado como um dos pilares da decis\u00e3o do presidente americano,\u00a0<a class=\"\" href=\"https:\/\/g1.globo.com\/tudo-sobre\/donald-trump\/\">Donald Trump<\/a>, de sobretaxar produtos brasileiros.<\/p>\n\n\n\n<p>A\u00a0<a class=\"\" href=\"https:\/\/g1.globo.com\/politica\/noticia\/2025\/08\/20\/pf-indicia-jair-e-eduardo-bolsonaro-por-obstrucao-de-justica-e-conduz-pastor-silas-malafaia-para-depoimento.ghtml\">Pol\u00edcia Federal indiciou Jair e Eduardo Bolsonaro por tentar influenciar rumos dos processos<\/a>\u00a0contra o pai por meio das san\u00e7\u00f5es econ\u00f4micas de Trump ao Brasil. No of\u00edcio encaminhado a Motta e obtido pelo\u00a0<strong>g1<\/strong>, o\u00a0parlamentar pede que a Casa crie mecanismos para que ele possa exercer a fun\u00e7\u00e3o de maneira remota.<\/p>\n\n\n\n<p>O deputado argumenta que flexibiliza\u00e7\u00f5es semelhantes foram adotadas na pandemia da Covid-19. Eduardo diz, ainda, que n\u00e3o renunciar\u00e1 ao mandato e que tem exercido a fun\u00e7\u00e3o parlamentar em agendas nos EUA.<\/p>\n\n\n\n<p>O documento, que, segundo aliados de Eduardo foi protocolado nesta quinta-feira (28), afirma que o deputado exerce &#8220;diplomacia parlamentar&#8221; ao manter contato com outros pa\u00edses.<\/p>\n\n\n\n<p>O parlamentar afirma que sua perman\u00eancia nos EUA \u00e9 &#8220;for\u00e7ada&#8221; e que decidiu permanecer no territ\u00f3rio americano diante de not\u00edcias de que ele poderia ter o passaporte apreendido ou sofrer outras puni\u00e7\u00f5es.<\/p>\n\n\n\n<blockquote class=\"wp-block-quote is-layout-flow wp-block-quote-is-layout-flow\">\n<p>&#8220;Essa decis\u00e3o se mostrou acertada, pois em 20 de agosto a imprensa noticiou meu indevido indiciamento, justamente em raz\u00e3o da atividade parlamentar leg\u00edtima que exer\u00e7o no exterior&#8221;, escreve o deputado.<\/p>\n<\/blockquote>\n\n\n\n<h2 class=\"wp-block-heading\">Regimento da C\u00e2mara<\/h2>\n\n\n\n<p>Em entrevistas recentes \u00e0 imprensa, Hugo Motta recha\u00e7ou a ideia de um mandato \u00e0 dist\u00e2ncia na&nbsp;<a class=\"\" href=\"https:\/\/g1.globo.com\/tudo-sobre\/camara-dos-deputados\/\">C\u00e2mara dos Deputados<\/a>.<\/p>\n\n\n\n<p>Ao longo dos \u00faltimos meses, em uma tentativa de evitar que Eduardo perca o mandato por faltas na Casa, aliados do parlamentar ensaiaram um movimento para mudar as regras da Casa e pressionar Motta para flexibilizar regras de licen\u00e7a e a hip\u00f3tese de um mandato remoto. Nenhuma das possibilidades avan\u00e7ou.<\/p>\n\n\n\n<p>A jornalistas, Hugo Motta disse que tratar\u00e1 Eduardo Bolsonaro como todos os outros parlamentares da C\u00e2mara e que seguir\u00e1 o regimento.<\/p>\n\n\n\n<p>Em algumas ocasi\u00f5es, o presidente da C\u00e2mara deixou claro que &#8220;n\u00e3o h\u00e1 previsibilidade para o exerc\u00edcio do mandato \u00e0 dist\u00e2ncia&#8221; no regimento.<\/p>\n\n\n\n<p>No documento enviado a Motta, Eduardo Bolsonaro afirma que a Casa tem de garantir prerrogativas semelhantes \u00e0s da \u00e9poca da Covid, pois, segundo ele,&nbsp;&#8220;o risco de ser alvo de persegui\u00e7\u00e3o pol\u00edtica hoje \u00e9 incomparavelmente maior do que o risco de adoecer gravemente durante a pandemia&#8221;.<\/p>\n\n\n\n<blockquote class=\"wp-block-quote is-layout-flow wp-block-quote-is-layout-flow\">\n<p>&#8220;N\u00e3o se pode admitir que o que foi assegurado em tempos de crise sanit\u00e1ria deixe de s\u00ea-lo em um momento de crise institucional ainda mais profunda&#8221;, diz.<\/p>\n<\/blockquote>\n\n\n\n<p>&#8220;N\u00e3o reconhe\u00e7o falta alguma, n\u00e3o renuncio ao meu mandato, n\u00e3o abdico das minhas prerrogativas constitucionais e sigo em pleno exerc\u00edcio das fun\u00e7\u00f5es que me foram conferidas pelo voto popular&#8221;, conclui Eduardo Bolsonaro.<\/p>\n\n\n\n<h2 class=\"wp-block-heading\">Apari\u00e7\u00e3o remota<\/h2>\n\n\n\n<p>Sem pisar na C\u00e2mara desde mar\u00e7o, Eduardo participou, de forma remota, na noite de quarta de uma audi\u00eancia em uma subcomiss\u00e3o da Comiss\u00e3o de Seguran\u00e7a P\u00fablica da Casa.<\/p>\n\n\n\n<p>Eduardo defendeu a aprova\u00e7\u00e3o de um perd\u00e3o aos condenados pelos ataques de 8 de janeiro de 2023 e fez cr\u00edticas ao ministro Alexandre de Moraes, do Supremo Tribunal Federal (STF).<\/p>\n\n\n\n<p>O deputado tamb\u00e9m disse que &#8220;inventaram&#8221; um crime contra ele, em refer\u00eancia ao indiciamento da PF.<\/p>\n","protected":false},"excerpt":{"rendered":"<p>O deputado federal\u00a0Eduardo Bolsonaro\u00a0(PL-SP) pediu autoriza\u00e7\u00e3o ao presidente da C\u00e2mara, Hugo Motta (Republicanos-PB), para exercer o mandato no exterior. Filho do ex-presidente\u00a0Jair Bolsonaro\u00a0(PL),\u00a0Eduardo est\u00e1 nos Estados Unidos desde o fim de fevereiro\u00a0deste ano. Em solo americano, ele tem afirmado que sofre persegui\u00e7\u00e3o pol\u00edtica e jur\u00eddica no Brasil. Entre mar\u00e7o e julho, Eduardo Bolsonaro se afastou [&hellip;]<\/p>\n","protected":false},"author":2,"featured_media":34489,"comment_status":"open","ping_status":"open","sticky":false,"template":"","format":"standard","meta":{"_jetpack_memberships_contains_paid_content":false,"footnotes":""},"categories":[39],"tags":[],"class_list":["post-34488","post","type-post","status-publish","format-standard","has-post-thumbnail","hentry","category-politica"],"aioseo_notices":[],"jetpack_featured_media_url":"https:\/\/i0.wp.com\/minutobahia24h.com.br\/wp-content\/uploads\/2025\/08\/Sem-titulo-388.jpg?fit=984%2C522&ssl=1","jetpack_sharing_enabled":true,"_links":{"self":[{"href":"https:\/\/minutobahia24h.com.br\/index.php?rest_route=\/wp\/v2\/posts\/34488","targetHints":{"allow":["GET"]}}],"collection":[{"href":"https:\/\/minutobahia24h.com.br\/index.php?rest_route=\/wp\/v2\/posts"}],"about":[{"href":"https:\/\/minutobahia24h.com.br\/index.php?rest_route=\/wp\/v2\/types\/post"}],"author":[{"embeddable":true,"href":"https:\/\/minutobahia24h.com.br\/index.php?rest_route=\/wp\/v2\/users\/2"}],"replies":[{"embeddable":true,"href":"https:\/\/minutobahia24h.com.br\/index.php?rest_route=%2Fwp%2Fv2%2Fcomments&post=34488"}],"version-history":[{"count":1,"href":"https:\/\/minutobahia24h.com.br\/index.php?rest_route=\/wp\/v2\/posts\/34488\/revisions"}],"predecessor-version":[{"id":34490,"href":"https:\/\/minutobahia24h.com.br\/index.php?rest_route=\/wp\/v2\/posts\/34488\/revisions\/34490"}],"wp:featuredmedia":[{"embeddable":true,"href":"https:\/\/minutobahia24h.com.br\/index.php?rest_route=\/wp\/v2\/media\/34489"}],"wp:attachment":[{"href":"https:\/\/minutobahia24h.com.br\/index.php?rest_route=%2Fwp%2Fv2%2Fmedia&parent=34488"}],"wp:term":[{"taxonomy":"category","embeddable":true,"href":"https:\/\/minutobahia24h.com.br\/index.php?rest_route=%2Fwp%2Fv2%2Fcategories&post=34488"},{"taxonomy":"post_tag","embeddable":true,"href":"https:\/\/minutobahia24h.com.br\/index.php?rest_route=%2Fwp%2Fv2%2Ftags&post=34488"}],"curies":[{"name":"wp","href":"https:\/\/api.w.org\/{rel}","templated":true}]}}