{"id":344,"date":"2023-09-12T14:43:44","date_gmt":"2023-09-12T17:43:44","guid":{"rendered":"https:\/\/minutobahia24h.com.br\/?p=344"},"modified":"2023-09-12T14:43:44","modified_gmt":"2023-09-12T17:43:44","slug":"champions-league-veja-quais-jogadores-ficarao-fora-da-fase-de-grupos","status":"publish","type":"post","link":"https:\/\/minutobahia24h.com.br\/?p=344","title":{"rendered":"Champions League: veja quais jogadores ficar\u00e3o fora da fase de grupos"},"content":{"rendered":"\n<p>A fase de grupos da Champions League 2023\/24 come\u00e7a daqui a uma semana, na ter\u00e7a-feira que vem. A Uefa publicou hoje as listas de jogadores relacionados pelos 32 clubes participantes, e\u00a0alguns nomes conhecidos do futebol internacional ficaram fora.<\/p>\n\n\n<div class=\"wp-block-image\">\n<figure class=\"aligncenter size-full\"><img data-recalc-dims=\"1\" fetchpriority=\"high\" decoding=\"async\" width=\"800\" height=\"546\" src=\"https:\/\/i0.wp.com\/minutobahia24h.com.br\/wp-content\/uploads\/2023\/09\/Sem-titulo.jpg?resize=800%2C546&#038;ssl=1\" alt=\"\" class=\"wp-image-346\" srcset=\"https:\/\/i0.wp.com\/minutobahia24h.com.br\/wp-content\/uploads\/2023\/09\/Sem-titulo.jpg?w=984&amp;ssl=1 984w, https:\/\/i0.wp.com\/minutobahia24h.com.br\/wp-content\/uploads\/2023\/09\/Sem-titulo.jpg?resize=300%2C205&amp;ssl=1 300w, https:\/\/i0.wp.com\/minutobahia24h.com.br\/wp-content\/uploads\/2023\/09\/Sem-titulo.jpg?resize=768%2C524&amp;ssl=1 768w, https:\/\/i0.wp.com\/minutobahia24h.com.br\/wp-content\/uploads\/2023\/09\/Sem-titulo.jpg?resize=750%2C511&amp;ssl=1 750w\" sizes=\"(max-width: 800px) 100vw, 800px\" \/><figcaption class=\"wp-element-caption\">Donny van de Beek n\u00e3o foi relacionado pelo Manchester United para a fase de grupos da Champions \u2014 Foto: Getty Images<\/figcaption><\/figure>\n<\/div>\n\n\n<p>Cada um dos 32 times integrantes da fase de grupos da\u00a0<a href=\"https:\/\/ge.globo.com\/futebol\/futebol-internacional\/liga-dos-campeoes\/\">Liga dos Campe\u00f5es<\/a>\u00a0apresentou uma rela\u00e7\u00e3o com, na verdade, duas listas: a A, com os jogadores do elenco principal (25 no m\u00e1ximo); e a B, com jovens nascidos depois de 1 de janeiro de 2002.<\/p>\n\n\n\n<p>Entre os que n\u00e3o foram inscritos por decis\u00e3o do clube ou da comiss\u00e3o t\u00e9cnica est\u00e1 o meia Van de Beek, do Manchester United. Al\u00e9m dele, Julian Draxler, do Paris Saint-Germain. O Sevilla deixou fora o atacante Januzaj. O RB Leipzig n\u00e3o listou o zagueiro Bitshiabu.<\/p>\n\n\n\n<p>H\u00e1 tamb\u00e9m atletas que n\u00e3o foram inscritos para a fase de grupos porque est\u00e3o lesionados no momento. Casos do zagueiro Timber, do Arsenal, do defensor Meunier, do Borussia Dortmund, e do atacante Gabriel Ver\u00f3n, do Porto. O levantamento \u00e9 do jornal espanhol &#8220;As&#8221;.<\/p>\n\n\n\n<p>Os primeiros jogos da fase de grupos desta Champions League ser\u00e3o na ter\u00e7a-feira. O Young Boys enfrentar\u00e1 o RB Leipzig, \u00e0s 13h45 (hor\u00e1rio de Bras\u00edlia), mesmo hor\u00e1rio de Milan contra Newcastle.<\/p>\n\n\n\n<h2 class=\"wp-block-heading\">N\u00e3o relacionados para a Champions:<\/h2>\n\n\n\n<ul class=\"wp-block-list\">\n<li>Van de Beek &#8211; Manchester United<\/li>\n\n\n\n<li>Dubois &#8211; Galatasaray<\/li>\n\n\n\n<li>Ekitike &#8211; PSG<\/li>\n\n\n\n<li>Draxler &#8211; PSG<\/li>\n\n\n\n<li>Kurzawa &#8211; PSG<\/li>\n\n\n\n<li>Marc\u00e3o &#8211; Sevilla<\/li>\n\n\n\n<li>Januzaj &#8211; Sevilla<\/li>\n\n\n\n<li>Morey &#8211; Borussia Dortmund<\/li>\n\n\n\n<li>Meunier &#8211; Borussia Dortmund<\/li>\n\n\n\n<li>Bitshiabu &#8211; RB Leipzig<\/li>\n\n\n\n<li>Ilaix Moriba &#8211; RB Leipzig<\/li>\n\n\n\n<li>Luka Romero &#8211; Milan<\/li>\n\n\n\n<li>Pellegrino &#8211; Milan<\/li>\n\n\n\n<li>Bennacer &#8211; Milan<\/li>\n\n\n\n<li>Demme &#8211; Napoli<\/li>\n\n\n\n<li>Sensi &#8211; Inter de Mil\u00e3o<\/li>\n\n\n\n<li>Mandas &#8211; Lazio<\/li>\n\n\n\n<li>Basic &#8211; Lazio<\/li>\n\n\n\n<li>Timber &#8211; Arsenal<\/li>\n\n\n\n<li>Ritchie &#8211; Newcastle<\/li>\n\n\n\n<li>Manquillo &#8211; Newcastle<\/li>\n\n\n\n<li>Krafth &#8211; Newcastle<\/li>\n\n\n\n<li>Gabriel Ver\u00f3n &#8211; Porto<\/li>\n\n\n\n<li>Vitolo &#8211; Atl\u00e9tico de Madrid<\/li>\n<\/ul>\n\n\n<div class=\"wp-block-image\">\n<figure class=\"aligncenter size-full\"><img data-recalc-dims=\"1\" decoding=\"async\" width=\"800\" height=\"533\" src=\"https:\/\/i0.wp.com\/minutobahia24h.com.br\/wp-content\/uploads\/2023\/09\/psg.jpg?resize=800%2C533&#038;ssl=1\" alt=\"\" class=\"wp-image-347\" srcset=\"https:\/\/i0.wp.com\/minutobahia24h.com.br\/wp-content\/uploads\/2023\/09\/psg.jpg?w=984&amp;ssl=1 984w, https:\/\/i0.wp.com\/minutobahia24h.com.br\/wp-content\/uploads\/2023\/09\/psg.jpg?resize=300%2C200&amp;ssl=1 300w, https:\/\/i0.wp.com\/minutobahia24h.com.br\/wp-content\/uploads\/2023\/09\/psg.jpg?resize=768%2C512&amp;ssl=1 768w, https:\/\/i0.wp.com\/minutobahia24h.com.br\/wp-content\/uploads\/2023\/09\/psg.jpg?resize=750%2C500&amp;ssl=1 750w\" sizes=\"(max-width: 800px) 100vw, 800px\" \/><figcaption class=\"wp-element-caption\">Draxler segue com futuro incerto no Paris Saint-Germain \u2014 Foto: Getty Images<br><\/figcaption><\/figure>\n<\/div>\n\n\n<p><\/p>\n","protected":false},"excerpt":{"rendered":"<p>A fase de grupos da Champions League 2023\/24 come\u00e7a daqui a uma semana, na ter\u00e7a-feira que vem. A Uefa publicou hoje as listas de jogadores relacionados pelos 32 clubes participantes, e\u00a0alguns nomes conhecidos do futebol internacional ficaram fora. Cada um dos 32 times integrantes da fase de grupos da\u00a0Liga dos Campe\u00f5es\u00a0apresentou uma rela\u00e7\u00e3o com, na [&hellip;]<\/p>\n","protected":false},"author":2,"featured_media":346,"comment_status":"open","ping_status":"open","sticky":false,"template":"","format":"standard","meta":{"_jetpack_memberships_contains_paid_content":false,"footnotes":""},"categories":[15],"tags":[],"class_list":["post-344","post","type-post","status-publish","format-standard","has-post-thumbnail","hentry","category-mundo"],"aioseo_notices":[],"jetpack_featured_media_url":"https:\/\/i0.wp.com\/minutobahia24h.com.br\/wp-content\/uploads\/2023\/09\/Sem-titulo.jpg?fit=984%2C671&ssl=1","jetpack_sharing_enabled":true,"_links":{"self":[{"href":"https:\/\/minutobahia24h.com.br\/index.php?rest_route=\/wp\/v2\/posts\/344","targetHints":{"allow":["GET"]}}],"collection":[{"href":"https:\/\/minutobahia24h.com.br\/index.php?rest_route=\/wp\/v2\/posts"}],"about":[{"href":"https:\/\/minutobahia24h.com.br\/index.php?rest_route=\/wp\/v2\/types\/post"}],"author":[{"embeddable":true,"href":"https:\/\/minutobahia24h.com.br\/index.php?rest_route=\/wp\/v2\/users\/2"}],"replies":[{"embeddable":true,"href":"https:\/\/minutobahia24h.com.br\/index.php?rest_route=%2Fwp%2Fv2%2Fcomments&post=344"}],"version-history":[{"count":1,"href":"https:\/\/minutobahia24h.com.br\/index.php?rest_route=\/wp\/v2\/posts\/344\/revisions"}],"predecessor-version":[{"id":348,"href":"https:\/\/minutobahia24h.com.br\/index.php?rest_route=\/wp\/v2\/posts\/344\/revisions\/348"}],"wp:featuredmedia":[{"embeddable":true,"href":"https:\/\/minutobahia24h.com.br\/index.php?rest_route=\/wp\/v2\/media\/346"}],"wp:attachment":[{"href":"https:\/\/minutobahia24h.com.br\/index.php?rest_route=%2Fwp%2Fv2%2Fmedia&parent=344"}],"wp:term":[{"taxonomy":"category","embeddable":true,"href":"https:\/\/minutobahia24h.com.br\/index.php?rest_route=%2Fwp%2Fv2%2Fcategories&post=344"},{"taxonomy":"post_tag","embeddable":true,"href":"https:\/\/minutobahia24h.com.br\/index.php?rest_route=%2Fwp%2Fv2%2Ftags&post=344"}],"curies":[{"name":"wp","href":"https:\/\/api.w.org\/{rel}","templated":true}]}}