{"id":34210,"date":"2025-08-25T06:43:07","date_gmt":"2025-08-25T09:43:07","guid":{"rendered":"https:\/\/minutobahia24h.com.br\/?p=34210"},"modified":"2025-08-25T06:43:08","modified_gmt":"2025-08-25T09:43:08","slug":"lula-deve-visitar-petrolina-na-proxima-sexta-feira-29","status":"publish","type":"post","link":"https:\/\/minutobahia24h.com.br\/?p=34210","title":{"rendered":"Lula deve visitar Petrolina na pr\u00f3xima sexta-feira (29)"},"content":{"rendered":"<div class=\"wp-block-image\">\n<figure class=\"aligncenter size-full\"><img data-recalc-dims=\"1\" fetchpriority=\"high\" decoding=\"async\" width=\"644\" height=\"641\" src=\"https:\/\/i0.wp.com\/minutobahia24h.com.br\/wp-content\/uploads\/2025\/08\/Sem-titulo-314.jpg?resize=644%2C641&#038;ssl=1\" alt=\"\" class=\"wp-image-34211\" srcset=\"https:\/\/i0.wp.com\/minutobahia24h.com.br\/wp-content\/uploads\/2025\/08\/Sem-titulo-314.jpg?w=644&amp;ssl=1 644w, https:\/\/i0.wp.com\/minutobahia24h.com.br\/wp-content\/uploads\/2025\/08\/Sem-titulo-314.jpg?resize=300%2C300&amp;ssl=1 300w, https:\/\/i0.wp.com\/minutobahia24h.com.br\/wp-content\/uploads\/2025\/08\/Sem-titulo-314.jpg?resize=150%2C150&amp;ssl=1 150w, https:\/\/i0.wp.com\/minutobahia24h.com.br\/wp-content\/uploads\/2025\/08\/Sem-titulo-314.jpg?resize=75%2C75&amp;ssl=1 75w\" sizes=\"(max-width: 644px) 100vw, 644px\" \/><figcaption class=\"wp-element-caption\">Foto arquivo Agencia Brasil<\/figcaption><\/figure>\n<\/div>\n\n\n<p>O presidente Lula (PT) poder\u00e1 voltar a Pernambuco, na pr\u00f3xima sexta-feira (29), para prestigiar o \u00faltimo dia do 11\u00ba Semi\u00e1rido Show 2025, que iniciar\u00e1 nesta ter\u00e7a-feira 26, no munic\u00edpio de Petrolina. O Pal\u00e1cio do Planalto ainda confirmar\u00e1 esta agenda, mas, acontecendo, ser\u00e1 a segunda vinda de Lula ao Estado, no per\u00edodo de duas semanas.<\/p>\n\n\n\n<p>No dia 14 deste m\u00eas, o presidente esteve no munic\u00edpio de Goiana, onde inaugurou uma f\u00e1brica de hemoderivados da Hemobr\u00e1s. Tamb\u00e9m esteve no Recife para firmar parcerias atrav\u00e9s do programa Agora tem Especialistas e para a entrega de t\u00edtulos de regulariza\u00e7\u00e3o de im\u00f3veis a moradores do bairro de Bras\u00edlia Teimosa. Estas duas agendas foram com o prefeito da Capital, Jo\u00e3o Campos (PSB). Em Goiana, a governadora Raquel Lyra (PSD) foi representada pela vice Priscila Krause (PSD).<\/p>\n\n\n\n<p>O Semi\u00e1rido Show o considerado o maior evento do Nordeste voltado \u00e0 agricultura familiar dependente de chuva e \u00e0s inova\u00e7\u00f5es tecnol\u00f3gicas para a produ\u00e7\u00e3o na Regi\u00e3o Nordeste. \u00c9 realizado pela Embrapa em parceria com o Instituto Regional da Pequena Agropecu\u00e1ria Apropriada (IRPAA). Neste ano, o evento traz como tema central \u201cCi\u00eancia e Inova\u00e7\u00e3o para Inclus\u00e3o Socioprodutiva\u201d.<\/p>\n\n\n\n<p>De acordo com a organiza\u00e7\u00e3o, al\u00e9m da tradicional programa\u00e7\u00e3o t\u00e9cnica, a edi\u00e7\u00e3o de 2025 ter\u00e1 um papel estrat\u00e9gico, sendo um dos eventos preparat\u00f3rios da Embrapa para a COP 30, a Confer\u00eancia das Na\u00e7\u00f5es Unidas sobre Mudan\u00e7as Clim\u00e1ticas, que acontecer\u00e1 em Bel\u00e9m (PA).<\/p>\n\n\n\n<p>Di\u00e1rio de Pernambuco\/blog Dantas Barreto <\/p>\n","protected":false},"excerpt":{"rendered":"<p>O presidente Lula (PT) poder\u00e1 voltar a Pernambuco, na pr\u00f3xima sexta-feira (29), para prestigiar o \u00faltimo dia do 11\u00ba Semi\u00e1rido Show 2025, que iniciar\u00e1 nesta ter\u00e7a-feira 26, no munic\u00edpio de Petrolina. O Pal\u00e1cio do Planalto ainda confirmar\u00e1 esta agenda, mas, acontecendo, ser\u00e1 a segunda vinda de Lula ao Estado, no per\u00edodo de duas semanas. No [&hellip;]<\/p>\n","protected":false},"author":2,"featured_media":34211,"comment_status":"open","ping_status":"open","sticky":false,"template":"","format":"standard","meta":{"_jetpack_memberships_contains_paid_content":false,"footnotes":""},"categories":[3],"tags":[],"class_list":["post-34210","post","type-post","status-publish","format-standard","has-post-thumbnail","hentry","category-regional"],"aioseo_notices":[],"jetpack_featured_media_url":"https:\/\/i0.wp.com\/minutobahia24h.com.br\/wp-content\/uploads\/2025\/08\/Sem-titulo-314.jpg?fit=644%2C641&ssl=1","jetpack_sharing_enabled":true,"_links":{"self":[{"href":"https:\/\/minutobahia24h.com.br\/index.php?rest_route=\/wp\/v2\/posts\/34210","targetHints":{"allow":["GET"]}}],"collection":[{"href":"https:\/\/minutobahia24h.com.br\/index.php?rest_route=\/wp\/v2\/posts"}],"about":[{"href":"https:\/\/minutobahia24h.com.br\/index.php?rest_route=\/wp\/v2\/types\/post"}],"author":[{"embeddable":true,"href":"https:\/\/minutobahia24h.com.br\/index.php?rest_route=\/wp\/v2\/users\/2"}],"replies":[{"embeddable":true,"href":"https:\/\/minutobahia24h.com.br\/index.php?rest_route=%2Fwp%2Fv2%2Fcomments&post=34210"}],"version-history":[{"count":1,"href":"https:\/\/minutobahia24h.com.br\/index.php?rest_route=\/wp\/v2\/posts\/34210\/revisions"}],"predecessor-version":[{"id":34212,"href":"https:\/\/minutobahia24h.com.br\/index.php?rest_route=\/wp\/v2\/posts\/34210\/revisions\/34212"}],"wp:featuredmedia":[{"embeddable":true,"href":"https:\/\/minutobahia24h.com.br\/index.php?rest_route=\/wp\/v2\/media\/34211"}],"wp:attachment":[{"href":"https:\/\/minutobahia24h.com.br\/index.php?rest_route=%2Fwp%2Fv2%2Fmedia&parent=34210"}],"wp:term":[{"taxonomy":"category","embeddable":true,"href":"https:\/\/minutobahia24h.com.br\/index.php?rest_route=%2Fwp%2Fv2%2Fcategories&post=34210"},{"taxonomy":"post_tag","embeddable":true,"href":"https:\/\/minutobahia24h.com.br\/index.php?rest_route=%2Fwp%2Fv2%2Ftags&post=34210"}],"curies":[{"name":"wp","href":"https:\/\/api.w.org\/{rel}","templated":true}]}}