{"id":34042,"date":"2025-08-20T14:41:46","date_gmt":"2025-08-20T17:41:46","guid":{"rendered":"https:\/\/minutobahia24h.com.br\/?p=34042"},"modified":"2025-08-20T14:43:58","modified_gmt":"2025-08-20T17:43:58","slug":"prefeitura-de-filadelfia-realiza-3a-conferencia-de-desenvolvimento-rural-sustentavel-e-solidario","status":"publish","type":"post","link":"https:\/\/minutobahia24h.com.br\/?p=34042","title":{"rendered":"Prefeitura de Filad\u00e9lfia realiza 3\u00aa Confer\u00eancia de Desenvolvimento Rural Sustent\u00e1vel e Solid\u00e1rio"},"content":{"rendered":"<div class=\"wp-block-image\">\n<figure class=\"aligncenter size-large\"><img data-recalc-dims=\"1\" fetchpriority=\"high\" decoding=\"async\" width=\"800\" height=\"1000\" src=\"https:\/\/i0.wp.com\/minutobahia24h.com.br\/wp-content\/uploads\/2025\/08\/img-20250820-wa08636312563056762655618-819x1024.jpg?resize=800%2C1000&#038;ssl=1\" alt=\"\" class=\"wp-image-34041\" srcset=\"https:\/\/i0.wp.com\/minutobahia24h.com.br\/wp-content\/uploads\/2025\/08\/img-20250820-wa08636312563056762655618.jpg?resize=819%2C1024&amp;ssl=1 819w, https:\/\/i0.wp.com\/minutobahia24h.com.br\/wp-content\/uploads\/2025\/08\/img-20250820-wa08636312563056762655618.jpg?resize=240%2C300&amp;ssl=1 240w, https:\/\/i0.wp.com\/minutobahia24h.com.br\/wp-content\/uploads\/2025\/08\/img-20250820-wa08636312563056762655618.jpg?resize=768%2C960&amp;ssl=1 768w, https:\/\/i0.wp.com\/minutobahia24h.com.br\/wp-content\/uploads\/2025\/08\/img-20250820-wa08636312563056762655618.jpg?resize=1229%2C1536&amp;ssl=1 1229w, https:\/\/i0.wp.com\/minutobahia24h.com.br\/wp-content\/uploads\/2025\/08\/img-20250820-wa08636312563056762655618.jpg?resize=750%2C938&amp;ssl=1 750w, https:\/\/i0.wp.com\/minutobahia24h.com.br\/wp-content\/uploads\/2025\/08\/img-20250820-wa08636312563056762655618.jpg?resize=1140%2C1425&amp;ssl=1 1140w, https:\/\/i0.wp.com\/minutobahia24h.com.br\/wp-content\/uploads\/2025\/08\/img-20250820-wa08636312563056762655618.jpg?w=1280&amp;ssl=1 1280w\" sizes=\"(max-width: 800px) 100vw, 800px\" \/><\/figure>\n<\/div>\n\n\n<p>A Prefeitura de Filad\u00e9lfia, por meio da Secretaria Municipal de Agricultura, realiza nesta quinta-feira (21), a partir das 8h, na C\u00e2mara de Vereadores, a 3\u00aa Confer\u00eancia de Desenvolvimento Rural Sustent\u00e1vel e Solid\u00e1rio.<br \/><br \/>Com o tema \u201cBrasil Rural: Raiz da Vida, Fonte do Bem Viver\u201d, a confer\u00eancia busca promover o di\u00e1logo entre agricultores, gestores p\u00fablicos, entidades e sociedade civil, com o objetivo de fortalecer a agricultura familiar, incentivar pr\u00e1ticas agroecol\u00f3gicas e construir pol\u00edticas de desenvolvimento sustent\u00e1vel para o campo.<br \/><br \/>O evento \u00e9 um espa\u00e7o importante de debate e escuta, onde a popula\u00e7\u00e3o rural poder\u00e1 contribuir com propostas e reflex\u00f5es sobre o futuro do territ\u00f3rio.<br \/><br \/>\u201cQueremos garantir que a agricultura familiar continue sendo fonte de renda, alimento saud\u00e1vel e qualidade de vida para toda a popula\u00e7\u00e3o. Este \u00e9 um momento de uni\u00e3o e fortalecimento do nosso munic\u00edpio\u201d, destacou o prefeito Dr. Andr\u00e9.<br \/><br \/>A realiza\u00e7\u00e3o conta com o apoio do Minist\u00e9rio do Desenvolvimento Agr\u00e1rio e Agricultura Familiar, Governo da Bahia, CET, CEDRS e diversas institui\u00e7\u00f5es que atuam pelo desenvolvimento rural.<br \/><br \/>Evento: 3\u00aa Confer\u00eancia de Desenvolvimento Rural Sustent\u00e1vel e Solid\u00e1rio<br \/>Data: Quinta-feira, 21 de agosto de 2025<br \/>Hor\u00e1rio: 8h da manh\u00e3<br \/>Local: C\u00e2mara de Vereadores de Filad\u00e9lfia<br \/><br \/>Prefeitura de Filad\u00e9lfia <br \/>Governo da Renova\u00e7\u00e3o<\/p>\n","protected":false},"excerpt":{"rendered":"<p>A Prefeitura de Filad\u00e9lfia, por meio da Secretaria Municipal de Agricultura, realiza nesta quinta-feira (21), a partir das 8h, na C\u00e2mara de Vereadores, a 3\u00aa Confer\u00eancia de Desenvolvimento Rural Sustent\u00e1vel e Solid\u00e1rio. Com o tema \u201cBrasil Rural: Raiz da Vida, Fonte do Bem Viver\u201d, a confer\u00eancia busca promover o di\u00e1logo entre agricultores, gestores p\u00fablicos, entidades [&hellip;]<\/p>\n","protected":false},"author":2,"featured_media":34041,"comment_status":"open","ping_status":"open","sticky":false,"template":"","format":"standard","meta":{"_jetpack_memberships_contains_paid_content":false,"footnotes":""},"categories":[3],"tags":[7],"class_list":["post-34042","post","type-post","status-publish","format-standard","has-post-thumbnail","hentry","category-regional","tag-filadelfia"],"aioseo_notices":[],"jetpack_featured_media_url":"https:\/\/i0.wp.com\/minutobahia24h.com.br\/wp-content\/uploads\/2025\/08\/img-20250820-wa08636312563056762655618.jpg?fit=1280%2C1600&ssl=1","jetpack_sharing_enabled":true,"_links":{"self":[{"href":"https:\/\/minutobahia24h.com.br\/index.php?rest_route=\/wp\/v2\/posts\/34042","targetHints":{"allow":["GET"]}}],"collection":[{"href":"https:\/\/minutobahia24h.com.br\/index.php?rest_route=\/wp\/v2\/posts"}],"about":[{"href":"https:\/\/minutobahia24h.com.br\/index.php?rest_route=\/wp\/v2\/types\/post"}],"author":[{"embeddable":true,"href":"https:\/\/minutobahia24h.com.br\/index.php?rest_route=\/wp\/v2\/users\/2"}],"replies":[{"embeddable":true,"href":"https:\/\/minutobahia24h.com.br\/index.php?rest_route=%2Fwp%2Fv2%2Fcomments&post=34042"}],"version-history":[{"count":2,"href":"https:\/\/minutobahia24h.com.br\/index.php?rest_route=\/wp\/v2\/posts\/34042\/revisions"}],"predecessor-version":[{"id":34044,"href":"https:\/\/minutobahia24h.com.br\/index.php?rest_route=\/wp\/v2\/posts\/34042\/revisions\/34044"}],"wp:featuredmedia":[{"embeddable":true,"href":"https:\/\/minutobahia24h.com.br\/index.php?rest_route=\/wp\/v2\/media\/34041"}],"wp:attachment":[{"href":"https:\/\/minutobahia24h.com.br\/index.php?rest_route=%2Fwp%2Fv2%2Fmedia&parent=34042"}],"wp:term":[{"taxonomy":"category","embeddable":true,"href":"https:\/\/minutobahia24h.com.br\/index.php?rest_route=%2Fwp%2Fv2%2Fcategories&post=34042"},{"taxonomy":"post_tag","embeddable":true,"href":"https:\/\/minutobahia24h.com.br\/index.php?rest_route=%2Fwp%2Fv2%2Ftags&post=34042"}],"curies":[{"name":"wp","href":"https:\/\/api.w.org\/{rel}","templated":true}]}}