{"id":33968,"date":"2025-08-19T13:23:41","date_gmt":"2025-08-19T16:23:41","guid":{"rendered":"https:\/\/minutobahia24h.com.br\/?p=33968"},"modified":"2025-08-19T13:23:42","modified_gmt":"2025-08-19T16:23:42","slug":"agu-evita-perda-de-mais-de-r-130-bilhoes-com-manutencao-do-fator-previdenciario","status":"publish","type":"post","link":"https:\/\/minutobahia24h.com.br\/?p=33968","title":{"rendered":"AGU evita perda de mais de R$ 130 bilh\u00f5es com manuten\u00e7\u00e3o do fator previdenci\u00e1rio"},"content":{"rendered":"<div class=\"wp-block-image\">\n<figure class=\"aligncenter size-full\"><img data-recalc-dims=\"1\" fetchpriority=\"high\" decoding=\"async\" width=\"600\" height=\"420\" src=\"https:\/\/i0.wp.com\/minutobahia24h.com.br\/wp-content\/uploads\/2025\/08\/Sem-titulo-246.jpg?resize=600%2C420&#038;ssl=1\" alt=\"\" class=\"wp-image-33969\" srcset=\"https:\/\/i0.wp.com\/minutobahia24h.com.br\/wp-content\/uploads\/2025\/08\/Sem-titulo-246.jpg?w=600&amp;ssl=1 600w, https:\/\/i0.wp.com\/minutobahia24h.com.br\/wp-content\/uploads\/2025\/08\/Sem-titulo-246.jpg?resize=300%2C210&amp;ssl=1 300w\" sizes=\"(max-width: 600px) 100vw, 600px\" \/><figcaption class=\"wp-element-caption\">Foto: Ag\u00eancia GOV<br><\/figcaption><\/figure>\n<\/div>\n\n\n<p>O Supremo Tribunal Federal (STF) concluiu na segunda-feira (18), em julgamento realizado no Plen\u00e1rio Virtual, a an\u00e1lise de recurso extraordin\u00e1rio que confirmou a aplica\u00e7\u00e3o do fator previdenci\u00e1rio \u00e0s aposentadorias concedidas pelas regras de transi\u00e7\u00e3o da reforma da Previd\u00eancia de 1998.<\/p>\n\n\n\n<p>A decis\u00e3o, com repercuss\u00e3o geral reconhecida, acolhe a tese defendida pela Advocacia-Geral da Uni\u00e3o (AGU) e passa a orientar casos semelhantes em todo o Judici\u00e1rio.<\/p>\n\n\n\n<p>A Procuradoria-Geral Federal (PGF) demonstrou que a exclus\u00e3o do fator previdenci\u00e1rio no c\u00e1lculo das aposentadorias, entre 2016 e 2025, geraria impacto de R$ 131,3 bilh\u00f5es aos cofres p\u00fablicos, com tend\u00eancia de aumento nos anos seguintes.<\/p>\n\n\n\n<p>Representando o Instituto Nacional do Seguro Social (INSS), a AGU sugeriu a fixa\u00e7\u00e3o da seguinte tese no Tema 616 de repercuss\u00e3o geral: \u201cNo caso de aposentadoria proporcional por tempo de contribui\u00e7\u00e3o a ser deferida com c\u00f4mputo de tempo posterior \u00e0 Lei 9.876\/99, \u00e9 constitucional a incid\u00eancia do fator previdenci\u00e1rio.\u201d<\/p>\n\n\n\n<p>A AGU tamb\u00e9m destacou que a pr\u00f3pria Lei de Diretrizes Or\u00e7ament\u00e1rias (LDO) de 2025 j\u00e1 previa impacto de R$ 89 bilh\u00f5es, caso o fator fosse afastado.<\/p>\n\n\n\n<p><strong>Voto vencedor<\/strong><\/p>\n\n\n\n<p>O relator, ministro Gilmar Mendes, votou para negar provimento ao recurso da parte autora e foi acompanhado pela maioria do Plen\u00e1rio, restando definido que, para os benef\u00edcios concedidos a segurados filiados ao Regime Geral de Previd\u00eancia Social (RGPS) at\u00e9 16 de dezembro de 1998, deve prevalecer a aplica\u00e7\u00e3o do fator previdenci\u00e1rio institu\u00eddo pela Lei 9.876\/99.<\/p>\n\n\n\n<p>Em seu voto, o relator ressaltou que a \u201cop\u00e7\u00e3o\u201d prevista na EC 20\/98 n\u00e3o assegura direito adquirido a um regime espec\u00edfico de c\u00e1lculo. Ele destacou que o fator previdenci\u00e1rio \u00e9 um mecanismo leg\u00edtimo de apura\u00e7\u00e3o do valor do benef\u00edcio, reconhecido reiteradamente pelo STF, e que sua aplica\u00e7\u00e3o n\u00e3o configura v\u00edcio nem surpresa.<\/p>\n\n\n\n<p>Segundo o Ministro Gilmar Mendes, n\u00e3o h\u00e1 direito adquirido a determinada f\u00f3rmula de c\u00e1lculo antes da aquisi\u00e7\u00e3o do pr\u00f3prio benef\u00edcio.<\/p>\n\n\n\n<p>\u201cO que se garante \u00e9 a previsibilidade e a proporcionalidade das mudan\u00e7as, e n\u00e3o a perpetua\u00e7\u00e3o de regras que, se mantidas de forma est\u00e1tica, poderiam comprometer a sustentabilidade do sistema previdenci\u00e1rio\u201d, afirmou.<\/p>\n\n\n\n<p>Para a procuradora-geral Federal, Adriana Maia Venturini, a decis\u00e3o do Supremo Tribunal Federal representa uma vit\u00f3ria expressiva para a Advocacia P\u00fablica e para a sustentabilidade do sistema previdenci\u00e1rio brasileiro. \u201cA reafirma\u00e7\u00e3o da constitucionalidade do fator previdenci\u00e1rio garante seguran\u00e7a jur\u00eddica, previsibilidade e equil\u00edbrio atuarial, evitando uma perda bilion\u00e1ria para os cofres p\u00fablicos. \u00c9 um exemplo claro de como a atua\u00e7\u00e3o estrat\u00e9gica da PGF contribui diretamente para a preserva\u00e7\u00e3o de pol\u00edticas sociais de longo prazo,\u201d ressaltou.<\/p>\n\n\n\n<p>No mesmo sentido, a procuradora Nacional Federal de Contencioso Previdenci\u00e1rio, Kedma Iara Ferreira, destaca que \u201ca f\u00f3rmula do fator previdenci\u00e1rio preserva o equil\u00edbrio financeiro do Regime Geral de Previd\u00eancia Social, j\u00e1 que considera a idade do segurado, seu tempo de contribui\u00e7\u00e3o e a expectativa de vida.\u201d<\/p>\n\n\n\n<p>Bahia.ba<\/p>\n","protected":false},"excerpt":{"rendered":"<p>O Supremo Tribunal Federal (STF) concluiu na segunda-feira (18), em julgamento realizado no Plen\u00e1rio Virtual, a an\u00e1lise de recurso extraordin\u00e1rio que confirmou a aplica\u00e7\u00e3o do fator previdenci\u00e1rio \u00e0s aposentadorias concedidas pelas regras de transi\u00e7\u00e3o da reforma da Previd\u00eancia de 1998. A decis\u00e3o, com repercuss\u00e3o geral reconhecida, acolhe a tese defendida pela Advocacia-Geral da Uni\u00e3o (AGU) [&hellip;]<\/p>\n","protected":false},"author":2,"featured_media":33969,"comment_status":"open","ping_status":"open","sticky":false,"template":"","format":"standard","meta":{"_jetpack_memberships_contains_paid_content":false,"footnotes":""},"categories":[19],"tags":[],"class_list":["post-33968","post","type-post","status-publish","format-standard","has-post-thumbnail","hentry","category-economia"],"aioseo_notices":[],"jetpack_featured_media_url":"https:\/\/i0.wp.com\/minutobahia24h.com.br\/wp-content\/uploads\/2025\/08\/Sem-titulo-246.jpg?fit=600%2C420&ssl=1","jetpack_sharing_enabled":true,"_links":{"self":[{"href":"https:\/\/minutobahia24h.com.br\/index.php?rest_route=\/wp\/v2\/posts\/33968","targetHints":{"allow":["GET"]}}],"collection":[{"href":"https:\/\/minutobahia24h.com.br\/index.php?rest_route=\/wp\/v2\/posts"}],"about":[{"href":"https:\/\/minutobahia24h.com.br\/index.php?rest_route=\/wp\/v2\/types\/post"}],"author":[{"embeddable":true,"href":"https:\/\/minutobahia24h.com.br\/index.php?rest_route=\/wp\/v2\/users\/2"}],"replies":[{"embeddable":true,"href":"https:\/\/minutobahia24h.com.br\/index.php?rest_route=%2Fwp%2Fv2%2Fcomments&post=33968"}],"version-history":[{"count":1,"href":"https:\/\/minutobahia24h.com.br\/index.php?rest_route=\/wp\/v2\/posts\/33968\/revisions"}],"predecessor-version":[{"id":33970,"href":"https:\/\/minutobahia24h.com.br\/index.php?rest_route=\/wp\/v2\/posts\/33968\/revisions\/33970"}],"wp:featuredmedia":[{"embeddable":true,"href":"https:\/\/minutobahia24h.com.br\/index.php?rest_route=\/wp\/v2\/media\/33969"}],"wp:attachment":[{"href":"https:\/\/minutobahia24h.com.br\/index.php?rest_route=%2Fwp%2Fv2%2Fmedia&parent=33968"}],"wp:term":[{"taxonomy":"category","embeddable":true,"href":"https:\/\/minutobahia24h.com.br\/index.php?rest_route=%2Fwp%2Fv2%2Fcategories&post=33968"},{"taxonomy":"post_tag","embeddable":true,"href":"https:\/\/minutobahia24h.com.br\/index.php?rest_route=%2Fwp%2Fv2%2Ftags&post=33968"}],"curies":[{"name":"wp","href":"https:\/\/api.w.org\/{rel}","templated":true}]}}