{"id":33955,"date":"2025-08-19T09:20:36","date_gmt":"2025-08-19T12:20:36","guid":{"rendered":"https:\/\/minutobahia24h.com.br\/?p=33955"},"modified":"2025-08-19T09:20:38","modified_gmt":"2025-08-19T12:20:38","slug":"centro-de-detencao-para-onde-hytalo-santos-foi-levado-em-sp-esta-superlotado","status":"publish","type":"post","link":"https:\/\/minutobahia24h.com.br\/?p=33955","title":{"rendered":"Centro de Deten\u00e7\u00e3o para onde Hytalo Santos foi levado em SP est\u00e1 superlotado"},"content":{"rendered":"<div class=\"wp-block-image\">\n<figure class=\"aligncenter size-full\"><img data-recalc-dims=\"1\" fetchpriority=\"high\" decoding=\"async\" width=\"800\" height=\"448\" src=\"https:\/\/i0.wp.com\/minutobahia24h.com.br\/wp-content\/uploads\/2025\/08\/Sem-titulo-242.jpg?resize=800%2C448&#038;ssl=1\" alt=\"\" class=\"wp-image-33956\" srcset=\"https:\/\/i0.wp.com\/minutobahia24h.com.br\/wp-content\/uploads\/2025\/08\/Sem-titulo-242.jpg?w=984&amp;ssl=1 984w, https:\/\/i0.wp.com\/minutobahia24h.com.br\/wp-content\/uploads\/2025\/08\/Sem-titulo-242.jpg?resize=300%2C168&amp;ssl=1 300w, https:\/\/i0.wp.com\/minutobahia24h.com.br\/wp-content\/uploads\/2025\/08\/Sem-titulo-242.jpg?resize=768%2C430&amp;ssl=1 768w, https:\/\/i0.wp.com\/minutobahia24h.com.br\/wp-content\/uploads\/2025\/08\/Sem-titulo-242.jpg?resize=750%2C420&amp;ssl=1 750w\" sizes=\"(max-width: 800px) 100vw, 800px\" \/><figcaption class=\"wp-element-caption\">Hytalo Santos e marido \u2014 Foto: Abra\u00e3o Cruz\/TV Globo<br><br><\/figcaption><\/figure>\n<\/div>\n\n\n<p>O Centro de Deten\u00e7\u00e3o Provis\u00f3ria Pinheiros I, na Zona Oeste de\u00a0<a class=\"\" href=\"https:\/\/g1.globo.com\/sp\/sao-paulo\/cidade\/sao-paulo\/\">S\u00e3o Paulo<\/a>, para onde o influenciador Hytalo Santos e o marido dele, Israel Nata Vicente,\u00a0<a class=\"\" href=\"https:\/\/g1.globo.com\/sp\/sao-paulo\/noticia\/2025\/08\/18\/hytalo-e-marido-deixam-cadeia-em-carapicuiba-chorando-e-sao-transferidos-para-presidio-em-sao-paulo.ghtml\">foram levados na segunda-feira\u00a0<\/a>(18) est\u00e1 superlotado. Est\u00e1 com mais de 300 presos a mais do que sua capacidade, que \u00e9 de 521 pessoas. Ainda assim, \u00e9 a unidade com o menor n\u00famero de presos dentro as quatro que comp\u00f5em o complexo de Pinheiros, todas elas com lota\u00e7\u00e3o superior \u00e0 capacidade.<\/p>\n\n\n\n<p>De acordo com dados contabilizados pela Secretaria de Administra\u00e7\u00e3o Penitenci\u00e1ria (SAP) at\u00e9 o dia 15 deste m\u00eas, o complexo tinha 3.827 presos.&nbsp;O n\u00famero representa lota\u00e7\u00e3o de 56% a mais da capacidade total de 2.452 detentos.<\/p>\n\n\n\n<ul class=\"wp-block-list\">\n<li>CDP Pinheiros I \u2014 capacidade: 521 \u2014 Popula\u00e7\u00e3o: 889<\/li>\n\n\n\n<li>CDP Pinheiros II \u2014 capacidade: 793 \u2014 Popula\u00e7\u00e3o 1.369<\/li>\n\n\n\n<li>CDP Pinheiros III \u2014 capacidade: 572 \u2014 Popula\u00e7\u00e3o 939<\/li>\n\n\n\n<li>CDP Pinheiros IV \u2014 capacidade: 566 \u2014 Popula\u00e7\u00e3o 630<\/li>\n<\/ul>\n\n\n\n<p>O CDP I custodia suspeitos envolvidos em crimes contra a dignidade sexual. O complexo de Pinheiros s\u00f3 abriga presos provis\u00f3rios, isto \u00e9, que aguardam julgamento ou est\u00e3o em fase inicial do cumprimento de pena.<\/p>\n\n\n\n<p>O casal de influenciadores&nbsp;<a class=\"\" href=\"https:\/\/g1.globo.com\/sp\/sao-paulo\/noticia\/2025\/08\/15\/influenciador-hytalo-e-preso.ghtml\">havia sido detido na sexta-feira (15) em Carapicu\u00edba<\/a>, na Grande S\u00e3o Paulo, pela Pol\u00edcia Civil em cumprimento a um mandado de pris\u00e3o preventiva decretado pela Justi\u00e7a da Para\u00edba.<\/p>\n\n\n\n<p>Hytalo e Israel s\u00e3o investigados pelo Minist\u00e9rio P\u00fablico da Para\u00edba (MP-PB) e pelo Minist\u00e9rio P\u00fablico do Trabalho (MPT) por&nbsp;<a class=\"\" href=\"https:\/\/g1.globo.com\/pb\/paraiba\/noticia\/2025\/08\/15\/quem-e-hytalo-santos-influenciador-preso-por-suspeita-de-exploracao-sexual-infantil.ghtml\">explora\u00e7\u00e3o e exposi\u00e7\u00e3o de crian\u00e7as e adolescentes e tr\u00e1fico humano<\/a>&nbsp;em conte\u00fados produzidos para as redes sociais&nbsp;<em>(saiba mais abaixo).<\/em><\/p>\n\n\n\n<p>Os dois chegaram ao CDP I de Pinheiros por volta das 15h50 da segunda. A informa\u00e7\u00e3o foi confirmada pela SAP.<\/p>\n\n\n\n<p>Segundo o juiz Ant\u00f4nio Rudimacy Firmino de Sousa, juiz da 2\u00aa Vara da Comarca de&nbsp;<a class=\"\" href=\"https:\/\/g1.globo.com\/pb\/paraiba\/cidade\/bayeux\/\">Bayeux<\/a>, na Para\u00edba,&nbsp;<a class=\"\" href=\"https:\/\/g1.globo.com\/sp\/sao-paulo\/noticia\/2025\/08\/18\/hytalo-santos-e-marido-devem-ser-transferidos-de-sp-para-a-paraiba-decide-juiz.ghtml\">a transfer\u00eancia do casal de S\u00e3o Paulo para o estado nordestino<\/a>&nbsp;deve acontecer o mais r\u00e1pido poss\u00edvel.<\/p>\n\n\n\n<p>No s\u00e1bado (16),&nbsp;<a class=\"\" href=\"https:\/\/g1.globo.com\/sp\/sao-paulo\/noticia\/2025\/08\/18\/hytalo-santos-e-marido-seguem-presos-em-carapicuiba-apos-justica-da-paraiba-negar-pedido-de-liberdade.ghtml\">a Justi\u00e7a da Para\u00edba negou pedido de liberdade<\/a>&nbsp;feito pela defesa de Hytalo e Israel. Apesar de eles j\u00e1 serem investigados h\u00e1 alguns anos pelos mesmos crimes, as pris\u00f5es s\u00f3 ocorreram ap\u00f3s a repercuss\u00e3o de um v\u00eddeo de 50 minutos&nbsp;<a class=\"\" href=\"https:\/\/g1.globo.com\/pb\/paraiba\/noticia\/2025\/08\/16\/hytalo-santos-cronologia-acontecimentos-influenciador.ghtml\">postado na semana passada<\/a>&nbsp;pelo youtuber Felipe Bressanim Pereira, conhecido como Felca.<\/p>\n\n\n\n<p>Felca tamb\u00e9m \u00e9 influenciador. Ele mostrou como Hytalo e outros influenciadores exploravam, erotizavam e adultizavam crian\u00e7as e adolescentes com a produ\u00e7\u00e3o de v\u00eddeos para as redes sociais. Eles ficavam hospedados numa mans\u00e3o comprada por Hytalo na Para\u00edba.<\/p>\n\n\n\n<p>Em entrevista ao Fant\u00e1stico, Felca&nbsp;<a class=\"\" href=\"https:\/\/g1.globo.com\/fantastico\/noticia\/2025\/08\/18\/muito-novo-para-fazer-conteudo-pai-de-felca-barrou-youtuber-no-inicio-de-carreira.ghtml\">contou que levou um ano para fazer o levantamento de p\u00e1ginas com conte\u00fado<\/a>. Ap\u00f3s a repercuss\u00e3o do v\u00eddeo do influenciador, Hytalo e o marido deixaram o im\u00f3vel e viajaram de carro at\u00e9 uma casa que alugaram em Carapicu\u00edba.<\/p>\n\n\n\n<p>A Justi\u00e7a na Para\u00edba entendeu que&nbsp;<a class=\"\" href=\"https:\/\/g1.globo.com\/sp\/sao-paulo\/noticia\/2025\/08\/15\/hytalo-santos-e-marido-estavam-em-rota-de-fuga-do-brasil-afirma-delegado-do-deic.ghtml\">a viagem era uma tentativa de fuga<\/a>&nbsp;e atendeu pedido do MP para decretar as pris\u00f5es. Tamb\u00e9m derrubou as redes sociais dos investigados.<\/p>\n\n\n\n<figure class=\"wp-block-image\"><img data-recalc-dims=\"1\" decoding=\"async\" src=\"https:\/\/i0.wp.com\/s2-g1.glbimg.com\/E3hGaMxGUSPSjTeBbeEuN232hoA%3D\/0x0%3A1700x1065\/984x0\/smart\/filters%3Astrip_icc%28%29\/i.s3.glbimg.com\/v1\/AUTH_59edd422c0c84a879bd37670ae4f538a\/internal_photos\/bs\/2018\/o\/s\/22gMeTQA6HuK2zsWIAjw\/cdpii.jpg?w=800&#038;ssl=1\" alt=\"De acordo com dados contabilizados pela Secretaria de Administra\u00e7\u00e3o Penitenci\u00e1ria (SAP) at\u00e9 o dia 15 deste m\u00eas, o complexo tinha 3.827 presos. \u2014 Foto: TV Globo\/Reprodu\u00e7\u00e3o\"\/><\/figure>\n\n\n\n<p>De acordo com dados contabilizados pela Secretaria de Administra\u00e7\u00e3o Penitenci\u00e1ria (SAP) at\u00e9 o dia 15 deste m\u00eas, o complexo tinha 3.827 presos. \u2014 Foto: TV Globo\/Reprodu\u00e7\u00e3o<\/p>\n\n\n\n<h2 class=\"wp-block-heading\">Tentativa de fuga<\/h2>\n\n\n\n<p>Na sexta-feira (15), o delegado Fernando David de Melo Gon\u00e7alves, do Departamento Estadual de Investiga\u00e7\u00f5es Criminais (Deic), afirmou que o influenciador paraibano Hytalo Santos e o marido dele, Israel Nata Vicente, o Euro,&nbsp;<a class=\"\" href=\"https:\/\/g1.globo.com\/sp\/sao-paulo\/noticia\/2025\/08\/15\/hytalo-santos-e-marido-estavam-em-rota-de-fuga-do-brasil-afirma-delegado-do-deic.ghtml\">estavam em rota de fuga do Brasil<\/a>.<\/p>\n\n\n\n<p>&#8220;A informa\u00e7\u00e3o que t\u00ednhamos \u00e9 que eles estavam em rota de fuga do Brasil. N\u00e3o sabemos quais s\u00e3o os pa\u00edses que iriam, mas pode ser [que fugisse] por Foz do Igua\u00e7u ou pelo Sul do pa\u00eds mesmo&#8221;, disse.<\/p>\n\n\n\n<p>A cidade de Foz do Igua\u00e7u, no Paran\u00e1, faz fronteira com o Paraguai e a Argentina. Segundo o delegado, eles n\u00e3o estavam com passaporte, somente o RG \u2014 para acessar pa\u00edses do Mercosul, brasileiros n\u00e3o precisam de passaporte.<\/p>\n\n\n\n<p>O casal foi preso preventivamente na sexta-feira (15), em uma casa em Carapicu\u00edba, suspeitos por explora\u00e7\u00e3o e exposi\u00e7\u00e3o de menores de idade em conte\u00fados produzidos para as redes sociais.<\/p>\n\n\n\n<p>Segundo o delegado, foram apreendidos quatro celulares com Hytalo, outros quatro aparelhos com Israel e um ve\u00edculo do modelo Land Rover com registro da Para\u00edba.<\/p>\n\n\n\n<blockquote class=\"wp-block-quote is-layout-flow wp-block-quote-is-layout-flow\">\n<p>&#8220;O carro \u00e9 da Para\u00edba, eles vieram dirigindo e chegaram ontem [quinta] em Carapicu\u00edba.&#8221;<\/p>\n<\/blockquote>\n\n\n\n<p>A rota de Bayeux, cidade onde o influenciador tem casa, at\u00e9 Carapicu\u00edba, na Grande S\u00e3o Paulo, tem mais de 2,8 mil quil\u00f4metros. A viagem tem dura\u00e7\u00e3o de cerca de 40 horas.<\/p>\n\n\n\n<p>Segundo o delegado, oito pessoas, entre homens e mulheres, estavam na casa na Grande S\u00e3o Paulo. Todos foram liberados porque n\u00e3o eram procurados pela Justi\u00e7a.<\/p>\n\n\n\n<p>&#8220;Alguns eram assessores e algumas pessoas relacionadas \u00e0 investiga\u00e7\u00e3o. A investiga\u00e7\u00e3o vai ocorrer na Para\u00edba, a princ\u00edpio j\u00e1 lacramos os celulares e ser\u00e3o entregues a investigadores de l\u00e1.&#8221;<\/p>\n\n\n\n<h2 class=\"wp-block-heading\">Investiga\u00e7\u00f5es<\/h2>\n\n\n\n<p>A investiga\u00e7\u00e3o do MP-PB come\u00e7ou em 2024. O caso \u00e9 dividido em duas promotorias, a de Bayeux e a de&nbsp;<a class=\"\" href=\"https:\/\/g1.globo.com\/pb\/paraiba\/cidade\/joao-pessoa\/\">Jo\u00e3o Pessoa<\/a>:<\/p>\n\n\n\n<ul class=\"wp-block-list\">\n<li><strong>Bayeux:<\/strong>\u00a0a investiga\u00e7\u00e3o \u00e9 da promotora Ana Maria Fran\u00e7a. A apura\u00e7\u00e3o come\u00e7ou no fim de 2024 ap\u00f3s den\u00fancias de vizinhos do condom\u00ednio de Hytalo de que adolescentes faziam topless e participavam de festas com bebida alco\u00f3lica.<\/li>\n\n\n\n<li><strong>Jo\u00e3o Pessoa:\u00a0<\/strong>o respons\u00e1vel pela condu\u00e7\u00e3o dos trabalhos \u00e9 o promotor Jo\u00e3o Arlindo, que disse ao\u00a0<strong>g1\u00a0<\/strong>que investiga a possibilidade de um esquema feito pelo influenciador para obter a emancipa\u00e7\u00e3o desses menores de idade em troca de presentes, como celulares, para os familiares deles. Segundo o promotor, o relat\u00f3rio do inqu\u00e9rito vai ser finalizado na pr\u00f3xima semana.<\/li>\n<\/ul>\n\n\n\n<p><strong>Hytalo foi ouvido e negou todas as acusa\u00e7\u00f5es.<\/strong><\/p>\n\n\n\n<p><em>\ud83d\udd0e Emancipa\u00e7\u00e3o \u00e9 o ato que concede a um menor de idade, entre 16 e 18 anos, a capacidade civil plena, permitindo que ele pratique todos os atos da vida civil como se fosse maior de idade, por exemplo, assinar contratos, comprar e vender bens, entre outros.<\/em><\/p>\n\n\n\n<figure class=\"wp-block-image\"><img data-recalc-dims=\"1\" decoding=\"async\" src=\"https:\/\/i0.wp.com\/s2-g1.glbimg.com\/-zKUDiGgvfugI0-3A-S3331zQDE%3D\/0x0%3A651x1570\/984x0\/smart\/filters%3Astrip_icc%28%29\/i.s3.glbimg.com\/v1\/AUTH_59edd422c0c84a879bd37670ae4f538a\/internal_photos\/bs\/2025\/s\/z\/V2lgvfRAKN2VVYMCXjig\/250812-info-adultizacao.jpg?w=800&#038;ssl=1\" alt=\"Infogr\u00e1fico - Entenda o debate sobre 'adultiza\u00e7\u00e3o' que viralizou nas redes envolvendo Felca e Hytalo. \u2014 Foto: Arte\/g1\"\/><\/figure>\n\n\n\n<p>Infogr\u00e1fico &#8211; Entenda o debate sobre &#8216;adultiza\u00e7\u00e3o&#8217; que viralizou nas redes envolvendo Felca e Hytalo. \u2014 Foto: Arte\/g1<\/p>\n","protected":false},"excerpt":{"rendered":"<p>O Centro de Deten\u00e7\u00e3o Provis\u00f3ria Pinheiros I, na Zona Oeste de\u00a0S\u00e3o Paulo, para onde o influenciador Hytalo Santos e o marido dele, Israel Nata Vicente,\u00a0foram levados na segunda-feira\u00a0(18) est\u00e1 superlotado. Est\u00e1 com mais de 300 presos a mais do que sua capacidade, que \u00e9 de 521 pessoas. Ainda assim, \u00e9 a unidade com o menor [&hellip;]<\/p>\n","protected":false},"author":2,"featured_media":33956,"comment_status":"open","ping_status":"open","sticky":false,"template":"","format":"standard","meta":{"_jetpack_memberships_contains_paid_content":false,"footnotes":""},"categories":[46],"tags":[],"class_list":["post-33955","post","type-post","status-publish","format-standard","has-post-thumbnail","hentry","category-noticia"],"aioseo_notices":[],"jetpack_featured_media_url":"https:\/\/i0.wp.com\/minutobahia24h.com.br\/wp-content\/uploads\/2025\/08\/Sem-titulo-242.jpg?fit=984%2C551&ssl=1","jetpack_sharing_enabled":true,"_links":{"self":[{"href":"https:\/\/minutobahia24h.com.br\/index.php?rest_route=\/wp\/v2\/posts\/33955","targetHints":{"allow":["GET"]}}],"collection":[{"href":"https:\/\/minutobahia24h.com.br\/index.php?rest_route=\/wp\/v2\/posts"}],"about":[{"href":"https:\/\/minutobahia24h.com.br\/index.php?rest_route=\/wp\/v2\/types\/post"}],"author":[{"embeddable":true,"href":"https:\/\/minutobahia24h.com.br\/index.php?rest_route=\/wp\/v2\/users\/2"}],"replies":[{"embeddable":true,"href":"https:\/\/minutobahia24h.com.br\/index.php?rest_route=%2Fwp%2Fv2%2Fcomments&post=33955"}],"version-history":[{"count":1,"href":"https:\/\/minutobahia24h.com.br\/index.php?rest_route=\/wp\/v2\/posts\/33955\/revisions"}],"predecessor-version":[{"id":33957,"href":"https:\/\/minutobahia24h.com.br\/index.php?rest_route=\/wp\/v2\/posts\/33955\/revisions\/33957"}],"wp:featuredmedia":[{"embeddable":true,"href":"https:\/\/minutobahia24h.com.br\/index.php?rest_route=\/wp\/v2\/media\/33956"}],"wp:attachment":[{"href":"https:\/\/minutobahia24h.com.br\/index.php?rest_route=%2Fwp%2Fv2%2Fmedia&parent=33955"}],"wp:term":[{"taxonomy":"category","embeddable":true,"href":"https:\/\/minutobahia24h.com.br\/index.php?rest_route=%2Fwp%2Fv2%2Fcategories&post=33955"},{"taxonomy":"post_tag","embeddable":true,"href":"https:\/\/minutobahia24h.com.br\/index.php?rest_route=%2Fwp%2Fv2%2Ftags&post=33955"}],"curies":[{"name":"wp","href":"https:\/\/api.w.org\/{rel}","templated":true}]}}