{"id":339,"date":"2023-09-12T14:39:51","date_gmt":"2023-09-12T17:39:51","guid":{"rendered":"https:\/\/minutobahia24h.com.br\/?p=339"},"modified":"2023-09-12T14:39:51","modified_gmt":"2023-09-12T17:39:51","slug":"policia-prende-homem-por-apalpar-reporter-em-transmissao-ao-vivo-na-espanha","status":"publish","type":"post","link":"https:\/\/minutobahia24h.com.br\/?p=339","title":{"rendered":"Pol\u00edcia prende homem por apalpar rep\u00f3rter em transmiss\u00e3o ao vivo na Espanha"},"content":{"rendered":"<div class=\"wp-block-image\">\n<figure class=\"aligncenter size-full\"><img data-recalc-dims=\"1\" fetchpriority=\"high\" decoding=\"async\" width=\"800\" height=\"533\" src=\"https:\/\/i0.wp.com\/minutobahia24h.com.br\/wp-content\/uploads\/2023\/09\/ESPANHA.jpg?resize=800%2C533&#038;ssl=1\" alt=\"\" class=\"wp-image-342\" srcset=\"https:\/\/i0.wp.com\/minutobahia24h.com.br\/wp-content\/uploads\/2023\/09\/ESPANHA.jpg?w=888&amp;ssl=1 888w, https:\/\/i0.wp.com\/minutobahia24h.com.br\/wp-content\/uploads\/2023\/09\/ESPANHA.jpg?resize=300%2C200&amp;ssl=1 300w, https:\/\/i0.wp.com\/minutobahia24h.com.br\/wp-content\/uploads\/2023\/09\/ESPANHA.jpg?resize=768%2C512&amp;ssl=1 768w, https:\/\/i0.wp.com\/minutobahia24h.com.br\/wp-content\/uploads\/2023\/09\/ESPANHA.jpg?resize=750%2C500&amp;ssl=1 750w\" sizes=\"(max-width: 800px) 100vw, 800px\" \/><figcaption class=\"wp-element-caption\">Pol\u00edcia prende homem por apalpar rep\u00f3rter em transmiss\u00e3o ao vivo na Espanha \u2014 Foto: Reprodu\u00e7\u00e3o<br><\/figcaption><\/figure>\n<\/div>\n\n\n<p>Seria uma simples interrup\u00e7\u00e3o, n\u00e3o fosse o fato de a pergunta de um homem, que passava por uma jornalista que estava ao vivo, ter sido precedida de uma agress\u00e3o sexual \u00e0 vista de todos os telespectadores. O homem, um cidad\u00e3o romeno de 25 anos, acabara de tocar nas n\u00e1degas da jornalista Isabel Balado, do programa En Boca de Todos, do canal Mediaset, e ficou parado com toda a calma. \u00c9 quando o jornalista Nacho Abad, que estava no est\u00fadio, o repreende para deix\u00e1-la trabalhar. O homem nega ter tocado nela, o que \u00e9 bem vis\u00edvel nas imagens.<\/p>\n\n\n\n<ul class=\"wp-block-list\">\n<li><strong>&#8216;N\u00e3o d\u00ea carona ao ass\u00e9dio&#8217;:<\/strong>&nbsp;<a class=\"\" href=\"https:\/\/oglobo.globo.com\/rio\/noticia\/2023\/09\/05\/baixada-ganha-onibus-rosa-destinado-a-mulheres-como-parte-da-campanha-nao-de-carona-ao-assedio.ghtml\">Baixada ganha \u00f4nibus rosa destinado a mulheres como parte da campanha<\/a><\/li>\n\n\n\n<li><strong>Ancelmo:<\/strong>&nbsp;<a class=\"\" href=\"https:\/\/oglobo.globo.com\/blogs\/ancelmo-gois\/post\/2023\/08\/luiza-brunet-participa-de-cpi-para-investigar-assedio-sexual-no-trabalho-ou-no-transporte-paulista.ghtml\">Luiza Brunet participa de CPI para investigar ass\u00e9dio sexual no trabalho ou no transporte paulista<\/a><\/li>\n<\/ul>\n\n\n\n<p>Ap\u00f3s den\u00fancia, a pol\u00edcia deteve imediatamente o indiv\u00edduo e transferiu-o para a Unidade de Fam\u00edlia e Assist\u00eancia \u00e0 Mulher da Sede da Pol\u00edcia de Madrid.<\/p>\n\n\n\n<p>\u2013 Por mais que voc\u00ea queira me perguntar de que canal somos, voc\u00ea realmente tem que tocar na minha bunda? \u2014 questiona a rep\u00f3rter. \u2013 Eu n\u00e3o queria tocar na sua bunda \u2014 retruca o homem. \u2013Sim, voc\u00ea tocou para mim \u2014 responde a mulher<\/p>\n\n\n\n<p>Ap\u00f3s essa troca, o homem se afasta da c\u00e2mera, mas antes de sair acaricia os cabelos da jornalista, que lhe pede que a deixe continuar trabalhando. Nas imagens, a profissional aparece incomodada e em evidente estado de nervosismo ap\u00f3s o toque n\u00e3o consensual do homem. Ela ainda tenta continuar a conversa com o homem, que est\u00e1 a apenas um metro de dist\u00e2ncia dela.<\/p>\n\n\n\n<p>Em um segundo contato, o jornalista explica que o homem continua a \u201cbater em todas as mulheres que conhece\u201d, como define o rep\u00f3rter. Quando as c\u00e2meras voltam a focaliz\u00e1-lo, o sujeito volta a se aproximar do profissional. \u201cJ\u00e1 ouvi voc\u00ea antes, diga a verdade\u201d, ele retruca. A partir dos est\u00fadios Mediaset, os respons\u00e1veis \u200b\u200bpelo programa contataram a pol\u00edcia para notificar o ataque, e os agentes foram ao local em quest\u00e3o de minutos.<\/p>\n\n\n\n<p>A pol\u00edcia agora vai analisar as imagens e colher depoimentos de ambos. O detido poder\u00e1 ser acusado de agress\u00e3o sexual por ter tocado na jornalista, na frente de todos e ao vivo. O ataque ocorreu perto da pra\u00e7a Tirso de Molina, onde a rep\u00f3rter fazia uma reportagem sobre um assalto a um estabelecimento ocorrido no domingo.<\/p>\n\n\n\n<p>Diego Losada, apresentador do programa, publicou em suas redes sociais logo depois: \u201cO personagem j\u00e1 est\u00e1 detido. Que recaia sobre ele todo o peso da lei e que todos saibam que atos como este n\u00e3o podem ficar impunes. Que boa profissional \u00e9 a Isa Balado. Todo meu apoio, parceiro\u201d.<\/p>\n\n\n\n<p>As rea\u00e7\u00f5es nas redes sociais ocorreram poucos minutos ap\u00f3s o ataque ter sido cometido. A Ministra da Igualdade em exerc\u00edcio, Irene Montero, quis mostrar o seu apoio \u00e0 jornalista no X (antigo Twitter): \u201cO que at\u00e9 agora era \u201cnormal\u201d j\u00e1 n\u00e3o \u00e9 normal. #SeAcab\u00f3 (acabou, em tradu\u00e7\u00e3o livre) \u00e9 o grito do nosso pa\u00eds para garantir o direito \u00e0 liberdade sexual de todas as mulheres. O toque n\u00e3o consensual \u00e9 viol\u00eancia sexual\u201d.<\/p>\n\n\n\n<p>Ministra do Trabalho na Espanha, Sumar Yolanda D\u00edaz afirmou: \u201cO machismo \u00e9 o que faz com que os jornalistas tenham que sofrer agress\u00f5es sexuais como esta e que os agressores fiquem sem qualquer tipo de remorso diante das c\u00e2meras. N\u00e3o pode ficar impune&#8221;.<\/p>\n\n\n\n<p>G1<\/p>\n","protected":false},"excerpt":{"rendered":"<p>Seria uma simples interrup\u00e7\u00e3o, n\u00e3o fosse o fato de a pergunta de um homem, que passava por uma jornalista que estava ao vivo, ter sido precedida de uma agress\u00e3o sexual \u00e0 vista de todos os telespectadores. O homem, um cidad\u00e3o romeno de 25 anos, acabara de tocar nas n\u00e1degas da jornalista Isabel Balado, do programa [&hellip;]<\/p>\n","protected":false},"author":2,"featured_media":342,"comment_status":"open","ping_status":"open","sticky":false,"template":"","format":"standard","meta":{"_jetpack_memberships_contains_paid_content":false,"footnotes":""},"categories":[15],"tags":[],"class_list":["post-339","post","type-post","status-publish","format-standard","has-post-thumbnail","hentry","category-mundo"],"aioseo_notices":[],"jetpack_featured_media_url":"https:\/\/i0.wp.com\/minutobahia24h.com.br\/wp-content\/uploads\/2023\/09\/ESPANHA.jpg?fit=888%2C592&ssl=1","jetpack_sharing_enabled":true,"_links":{"self":[{"href":"https:\/\/minutobahia24h.com.br\/index.php?rest_route=\/wp\/v2\/posts\/339","targetHints":{"allow":["GET"]}}],"collection":[{"href":"https:\/\/minutobahia24h.com.br\/index.php?rest_route=\/wp\/v2\/posts"}],"about":[{"href":"https:\/\/minutobahia24h.com.br\/index.php?rest_route=\/wp\/v2\/types\/post"}],"author":[{"embeddable":true,"href":"https:\/\/minutobahia24h.com.br\/index.php?rest_route=\/wp\/v2\/users\/2"}],"replies":[{"embeddable":true,"href":"https:\/\/minutobahia24h.com.br\/index.php?rest_route=%2Fwp%2Fv2%2Fcomments&post=339"}],"version-history":[{"count":1,"href":"https:\/\/minutobahia24h.com.br\/index.php?rest_route=\/wp\/v2\/posts\/339\/revisions"}],"predecessor-version":[{"id":343,"href":"https:\/\/minutobahia24h.com.br\/index.php?rest_route=\/wp\/v2\/posts\/339\/revisions\/343"}],"wp:featuredmedia":[{"embeddable":true,"href":"https:\/\/minutobahia24h.com.br\/index.php?rest_route=\/wp\/v2\/media\/342"}],"wp:attachment":[{"href":"https:\/\/minutobahia24h.com.br\/index.php?rest_route=%2Fwp%2Fv2%2Fmedia&parent=339"}],"wp:term":[{"taxonomy":"category","embeddable":true,"href":"https:\/\/minutobahia24h.com.br\/index.php?rest_route=%2Fwp%2Fv2%2Fcategories&post=339"},{"taxonomy":"post_tag","embeddable":true,"href":"https:\/\/minutobahia24h.com.br\/index.php?rest_route=%2Fwp%2Fv2%2Ftags&post=339"}],"curies":[{"name":"wp","href":"https:\/\/api.w.org\/{rel}","templated":true}]}}