{"id":33776,"date":"2025-08-14T08:22:14","date_gmt":"2025-08-14T11:22:14","guid":{"rendered":"https:\/\/minutobahia24h.com.br\/?p=33776"},"modified":"2025-08-14T08:22:15","modified_gmt":"2025-08-14T11:22:15","slug":"voltei-a-ver-a-luz-colombiana-e-a-primeira-no-mundo-a-passar-por-cirurgia-inedita-para-depressao-cronica","status":"publish","type":"post","link":"https:\/\/minutobahia24h.com.br\/?p=33776","title":{"rendered":"&#8216;Voltei a ver a luz\u2019: colombiana \u00e9 a primeira no mundo a passar por cirurgia in\u00e9dita para depress\u00e3o cr\u00f4nica"},"content":{"rendered":"<div class=\"wp-block-image\">\n<figure class=\"aligncenter size-large\"><img data-recalc-dims=\"1\" fetchpriority=\"high\" decoding=\"async\" width=\"768\" height=\"1024\" src=\"https:\/\/i0.wp.com\/minutobahia24h.com.br\/wp-content\/uploads\/2025\/08\/Sem-titulo-1-10-768x1024.jpg?resize=768%2C1024&#038;ssl=1\" alt=\"\" class=\"wp-image-33777\" srcset=\"https:\/\/i0.wp.com\/minutobahia24h.com.br\/wp-content\/uploads\/2025\/08\/Sem-titulo-1-10.jpg?resize=768%2C1024&amp;ssl=1 768w, https:\/\/i0.wp.com\/minutobahia24h.com.br\/wp-content\/uploads\/2025\/08\/Sem-titulo-1-10.jpg?resize=225%2C300&amp;ssl=1 225w, https:\/\/i0.wp.com\/minutobahia24h.com.br\/wp-content\/uploads\/2025\/08\/Sem-titulo-1-10.jpg?resize=750%2C1000&amp;ssl=1 750w, https:\/\/i0.wp.com\/minutobahia24h.com.br\/wp-content\/uploads\/2025\/08\/Sem-titulo-1-10.jpg?w=984&amp;ssl=1 984w\" sizes=\"(max-width: 768px) 100vw, 768px\" \/><figcaption class=\"wp-element-caption\">Lorena Rodr\u00edguez, 37, tinha depress\u00e3o desde a adolesc\u00eancia. \u2014 Foto: Arquivo Pessoal<br><br><\/figcaption><\/figure>\n<\/div>\n\n\n<p>Lorena Rodr\u00edguez, 37 anos, viveu mais de duas d\u00e9cadas entre crises de ansiedade e epis\u00f3dios depressivos. Depois de tentar in\u00fameros tratamentos sem sucesso duradouro, ela se tornou a primeira pessoa no mundo a passar por uma&nbsp;<strong>cirurgia de estimula\u00e7\u00e3o cerebral profunda com quatro eletrodos para reverter a depress\u00e3o resistente<\/strong>. O procedimento foi realizado em abril, em Bogot\u00e1, pelo neurocirurgi\u00e3o colombiano William Contreras.<\/p>\n\n\n\n<p>Administradora de empresas e mestre em marketing e gest\u00e3o comercial, Lorena relata ao&nbsp;<strong>g1<\/strong>&nbsp;que os primeiros sinais surgiram ainda na adolesc\u00eancia. \u201cEra como viver por obriga\u00e7\u00e3o, no piloto autom\u00e1tico. Sentia tristeza, vazio e uma ansiedade que n\u00e3o passava. Mesmo em momentos que deveriam ser felizes, eu n\u00e3o conseguia estar presente\u201d, conta.<\/p>\n\n\n\n<p>Com o tempo, vieram as enxaquecas e a dificuldade para executar tarefas simples, como levantar da cama. \u201cEntendi que n\u00e3o era uma fase, mas uma condi\u00e7\u00e3o cl\u00ednica. Meu pr\u00f3prio c\u00e9rebro parecia me trair.\u201d<\/p>\n\n\n\n<h2 class=\"wp-block-heading\">Resist\u00eancia aos tratamentos<\/h2>\n\n\n\n<p>O diagn\u00f3stico foi de&nbsp;<strong>transtorno misto de ansiedade e depress\u00e3o, resistente a terapias convencionais<\/strong>. Lorena fez uso de&nbsp;mais de cinco tipos de antidepressivos, ansiol\u00edticos e estabilizadores do humor; passou por psicoterapias diversas, medita\u00e7\u00e3o, medicina funcional, mudan\u00e7as de pa\u00eds e pr\u00e1ticas espirituais. Alguns m\u00e9todos trouxeram al\u00edvio tempor\u00e1rio, mas a melhora nunca se sustentou.<\/p>\n\n\n\n<p>Lorena e o m\u00e9dico, William Contreras, falaram com exclusividade ao&nbsp;<strong>g1<\/strong>. Segundo o neurocirurgi\u00e3o, \u00e9 para casos como o dela, em que m\u00e9todos convencionais j\u00e1 foram testados e falharam, que a estimula\u00e7\u00e3o cerebral profunda (DBS) \u00e9 indicada.<\/p>\n\n\n\n<blockquote class=\"wp-block-quote is-layout-flow wp-block-quote-is-layout-flow\">\n<p>\u201cQuando todos os tratamentos convencionais falham, a DBS oferece modula\u00e7\u00e3o cont\u00ednua e revers\u00edvel dos circuitos cerebrais ligados ao humor e \u00e0 motiva\u00e7\u00e3o. O objetivo \u00e9 ajustar a atividade el\u00e9trica dessas \u00e1reas para aliviar os sintomas\u201d, explica Contreras.<\/p>\n<\/blockquote>\n\n\n\n<figure class=\"wp-block-image\"><img data-recalc-dims=\"1\" decoding=\"async\" src=\"https:\/\/i0.wp.com\/s2-g1.glbimg.com\/cGDfmqwGrsoUGXMUaioKD8vQZ-M%3D\/0x0%3A1280x853\/984x0\/smart\/filters%3Astrip_icc%28%29\/i.s3.glbimg.com\/v1\/AUTH_59edd422c0c84a879bd37670ae4f538a\/internal_photos\/bs\/2025\/O\/v\/AnEVO4QoyTRU7AvzLlsA\/whatsapp-image-2025-08-10-at-10.26.33-2-.jpeg?w=800&#038;ssl=1\" alt=\"Lorena Rodr\u00edguez foi operada no Hospital Internacional da Col\u00f4mbia \u2014 Foto: Divulga\u00e7\u00e3o\/Willam Contreras\"\/><\/figure>\n\n\n\n<p>Lorena Rodr\u00edguez foi operada no Hospital Internacional da Col\u00f4mbia \u2014 Foto: Divulga\u00e7\u00e3o\/Willam Contreras<\/p>\n\n\n\n<h2 class=\"wp-block-heading\">Como \u00e9 a cirurgia<\/h2>\n\n\n\n<p>A possibilidade de cirurgia surgiu por acaso. Lorena conheceu o trabalho de Contreras ao acompanhar a sobrinha em uma consulta com o neurocirurgi\u00e3o. Ao saber que ele tamb\u00e9m operava casos de transtornos do humor, escreveu para o m\u00e9dico em dezembro de 2024 e relatou seu caso.<\/p>\n\n\n\n<p>A cirurgia&nbsp;<strong>consiste na implanta\u00e7\u00e3o de eletrodos<\/strong>&nbsp;no<em>&nbsp;\u00e1rea subgenual do c\u00f3rtex cingulado (SCG25)<\/em>&nbsp;\u2014 uma regi\u00e3o associada \u00e0 tristeza profunda \u2014 e no&nbsp;<em>bra\u00e7o anterior da c\u00e1psula interna<\/em>, uma via que conecta \u00e1reas do pensamento racional a estruturas emocionais, como o n\u00facleo&nbsp;<em>accumbens<\/em>.<\/p>\n\n\n\n<blockquote class=\"wp-block-quote is-layout-flow wp-block-quote-is-layout-flow\">\n<p>\u201cUsamos quatro eletrodos \u2014 dois por hemisf\u00e9rio \u2014 para atingir simultaneamente essas regi\u00f5es. \u00c9 a primeira vez no mundo que essa abordagem multitarget, direcionada a m\u00faltiplos alvos, \u00e9 feita para depress\u00e3o resistente\u201d, diz.<\/p>\n<\/blockquote>\n\n\n\n<p>At\u00e9 a cirurgia de Lorena, n\u00e3o havia nenhuma publica\u00e7\u00e3o cient\u00edfica relatando procedimentos similares.<\/p>\n\n\n\n<h2 class=\"wp-block-heading\">Como funciona a estimula\u00e7\u00e3o cerebral profunda (DBS)?<\/h2>\n\n\n\n<p>O procedimento come\u00e7a com um mapeamento detalhado do c\u00e9rebro, feito por exames de resson\u00e2ncia magn\u00e9tica e uma t\u00e9cnica chamada tractografia, que mostra como as fibras nervosas se conectam. A partir dessas imagens, os&nbsp;<strong>m\u00e9dicos identificam os pontos exatos onde ser\u00e1 feita a estimula\u00e7\u00e3o<\/strong>.<\/p>\n\n\n\n<p>Em seguida, s\u00e3o implantados eletrodos \u2014 fios muito finos \u2014 com precis\u00e3o de mil\u00edmetros em \u00e1reas profundas do c\u00e9rebro. Esses eletrodos s\u00e3o ligados a um neuroestimulador, um pequeno aparelho colocado no t\u00f3rax, que envia impulsos el\u00e9tricos constantes para \u201cregular\u201d a atividade dos circuitos cerebrais.<\/p>\n\n\n\n<p>Os resultados variam:&nbsp;entre 40% e 60% dos pacientes apresentam melhora significativa dos sintomas, e de 20% a 30% chegam a uma remiss\u00e3o duradoura, ou seja, ficam sem sinais da doen\u00e7a por longos per\u00edodos.<\/p>\n\n\n\n<h2 class=\"wp-block-heading\">Sintomas foram base do procedimento<\/h2>\n\n\n\n<p>Lorena sabia que seria um procedimento invasivo, durante boa parte do qual precisaria ficar acordada para que os cirurgi\u00f5es testassem est\u00edmulos. \u201cTinha medo, mas se n\u00e3o tentasse, estaria traindo a parte de mim que ainda acreditava na vida. Entrei no centro cir\u00fargico com medo, mas tamb\u00e9m com f\u00e9\u201d, lembra.<\/p>\n\n\n\n<p>A opera\u00e7\u00e3o, realizada no Hospital Internacional da Col\u00f4mbia, foi guiada por resson\u00e2ncia magn\u00e9tica de alta resolu\u00e7\u00e3o e mapeamento das conex\u00f5es cerebrais.<\/p>\n\n\n\n<blockquote class=\"wp-block-quote is-layout-flow wp-block-quote-is-layout-flow\">\n<p>\u201cA novidade no caso da Lorena \u00e9 que realizamos uma cirurgia baseada diretamente nos sintomas. A condi\u00e7\u00e3o dela inclu\u00eda v\u00e1rios circuitos cerebrais: rumina\u00e7\u00e3o, culpa, ansiedade e tristeza \u2014 cada um envolvendo redes diferentes. Um \u00fanico eletrodo por hemisf\u00e9rio \u2013 que \u00e9 o padr\u00e3o para esse tipo de cirurgia \u2013 seria insuficiente\u201d, explica Contreras.<\/p>\n<\/blockquote>\n\n\n\n<p>\u201cPor isso, usamos quatro pequenos sensores que medem a atividade el\u00e9trica do c\u00e9rebro e analisam como as \u00e1reas se conectam entre si. Assim, conseguimos&nbsp;<strong>ajustar a estimula\u00e7\u00e3o de forma personalizada para cada regi\u00e3o envolvida<\/strong>.\u201d<\/p>\n\n\n\n<p>\u201cNo dia seguinte \u00e0 cirurgia, ela me disse que sentia como se tivesse tirado um peso do peito.\u201d<\/p>\n\n\n\n<h2 class=\"wp-block-heading\">Recupera\u00e7\u00e3o e primeiros resultados<\/h2>\n\n\n\n<p>Nos primeiros dias, Lorena sentiu dores de cabe\u00e7a e cansa\u00e7o, mas tamb\u00e9m percebeu mudan\u00e7as. \u201c\u00c9 como voltar a ver a luz, como se a luz estivesse entrando por frestas que antes estavam fechadas\u201d, afirma. Os ajustes no neuroestimulador, ela e o m\u00e9dico afirmam, t\u00eam&nbsp;<strong>proporcionado momentos in\u00e9ditos de estabilidade<\/strong>.<\/p>\n\n\n\n<p>Operada h\u00e1 quatro meses, Lorena relata pequenas, mas profundas mudan\u00e7as.<\/p>\n\n\n\n<blockquote class=\"wp-block-quote is-layout-flow wp-block-quote-is-layout-flow\">\n<p>\u201cVoltei a fazer planos sem medo. Ainda sou eu, mas agora tenho espa\u00e7o para viver, n\u00e3o s\u00f3 resistir.\u201d<\/p>\n<\/blockquote>\n\n\n\n<p>Para Contreras, casos como o dela s\u00e3o um marco para a medicina latino-americana. \u201cMostram que temos capacidade cient\u00edfica e tecnol\u00f3gica para oferecer tratamentos de ponta sem que o paciente precise ir para fora do continente.\u201d<\/p>\n\n\n\n<p>Para Lorena, a cirurgia n\u00e3o trouxe apenas um recurso m\u00e9dico, mas um renascimento. \u201cEscolhi a vida mais uma vez \u2014 e, desta vez, com esperan\u00e7a real.\u201d<\/p>\n","protected":false},"excerpt":{"rendered":"<p>Lorena Rodr\u00edguez, 37 anos, viveu mais de duas d\u00e9cadas entre crises de ansiedade e epis\u00f3dios depressivos. Depois de tentar in\u00fameros tratamentos sem sucesso duradouro, ela se tornou a primeira pessoa no mundo a passar por uma&nbsp;cirurgia de estimula\u00e7\u00e3o cerebral profunda com quatro eletrodos para reverter a depress\u00e3o resistente. O procedimento foi realizado em abril, em [&hellip;]<\/p>\n","protected":false},"author":2,"featured_media":33777,"comment_status":"open","ping_status":"open","sticky":false,"template":"","format":"standard","meta":{"_jetpack_memberships_contains_paid_content":false,"footnotes":""},"categories":[18],"tags":[],"class_list":["post-33776","post","type-post","status-publish","format-standard","has-post-thumbnail","hentry","category-saude"],"aioseo_notices":[],"jetpack_featured_media_url":"https:\/\/i0.wp.com\/minutobahia24h.com.br\/wp-content\/uploads\/2025\/08\/Sem-titulo-1-10.jpg?fit=984%2C1312&ssl=1","jetpack_sharing_enabled":true,"_links":{"self":[{"href":"https:\/\/minutobahia24h.com.br\/index.php?rest_route=\/wp\/v2\/posts\/33776","targetHints":{"allow":["GET"]}}],"collection":[{"href":"https:\/\/minutobahia24h.com.br\/index.php?rest_route=\/wp\/v2\/posts"}],"about":[{"href":"https:\/\/minutobahia24h.com.br\/index.php?rest_route=\/wp\/v2\/types\/post"}],"author":[{"embeddable":true,"href":"https:\/\/minutobahia24h.com.br\/index.php?rest_route=\/wp\/v2\/users\/2"}],"replies":[{"embeddable":true,"href":"https:\/\/minutobahia24h.com.br\/index.php?rest_route=%2Fwp%2Fv2%2Fcomments&post=33776"}],"version-history":[{"count":1,"href":"https:\/\/minutobahia24h.com.br\/index.php?rest_route=\/wp\/v2\/posts\/33776\/revisions"}],"predecessor-version":[{"id":33778,"href":"https:\/\/minutobahia24h.com.br\/index.php?rest_route=\/wp\/v2\/posts\/33776\/revisions\/33778"}],"wp:featuredmedia":[{"embeddable":true,"href":"https:\/\/minutobahia24h.com.br\/index.php?rest_route=\/wp\/v2\/media\/33777"}],"wp:attachment":[{"href":"https:\/\/minutobahia24h.com.br\/index.php?rest_route=%2Fwp%2Fv2%2Fmedia&parent=33776"}],"wp:term":[{"taxonomy":"category","embeddable":true,"href":"https:\/\/minutobahia24h.com.br\/index.php?rest_route=%2Fwp%2Fv2%2Fcategories&post=33776"},{"taxonomy":"post_tag","embeddable":true,"href":"https:\/\/minutobahia24h.com.br\/index.php?rest_route=%2Fwp%2Fv2%2Ftags&post=33776"}],"curies":[{"name":"wp","href":"https:\/\/api.w.org\/{rel}","templated":true}]}}