{"id":33767,"date":"2025-08-14T08:15:34","date_gmt":"2025-08-14T11:15:34","guid":{"rendered":"https:\/\/minutobahia24h.com.br\/?p=33767"},"modified":"2025-08-14T08:15:36","modified_gmt":"2025-08-14T11:15:36","slug":"apos-alegacoes-finais-processo-contra-bolsonaro-e-sete-reus-tera-julgamento-marcado","status":"publish","type":"post","link":"https:\/\/minutobahia24h.com.br\/?p=33767","title":{"rendered":"Ap\u00f3s alega\u00e7\u00f5es finais, processo contra Bolsonaro e sete r\u00e9us ter\u00e1 julgamento marcado"},"content":{"rendered":"\n<p>O processo penal contra o ex-presidente Jair Bolsonaro (PL) e sete r\u00e9us por tentativa de golpe de Estado encerrou a\u00a0<a class=\"\" href=\"https:\/\/g1.globo.com\/politica\/noticia\/2025\/08\/13\/bolsonaro-e-outros-reus-tem-ate-esta-quarta-para-apresentar-alegacoes-finais-no-julgamento-da-trama-golpista.ghtml\">fase das alega\u00e7\u00f5es finais<\/a>. Agora, o caso que corre no Supremo Tribunal Federal (<a class=\"\" href=\"https:\/\/g1.globo.com\/tudo-sobre\/supremo-tribunal-federal\/\">STF<\/a>) segue para os \u00faltimos procedimentos antes do julgamento que vai decidir se o grupo deve ser condenado ou absolvido.<\/p>\n\n\n\n<p><a class=\"\" href=\"https:\/\/g1.globo.com\/politica\/noticia\/2025\/05\/19\/quem-eram-integrantes-do-nucleo-crucial-do-golpe.ghtml\">O grupo que ser\u00e1 julgado faz parte do \u201cn\u00facleo crucial\u201d<\/a>\u00a0que, segundo a Procuradoria-Geral da Rep\u00fablica (PGR), atuou para a deposi\u00e7\u00e3o do governo eleito. Bolsonaro foi apontado pela PGR como o &#8220;principal articulador, maior benefici\u00e1rio e autor dos mais graves atos execut\u00f3rios voltados \u00e0 ruptura do Estado Democr\u00e1tico de Direito.&#8221;<\/p>\n\n\n\n<p>Segundo o ministro&nbsp;<a class=\"\" href=\"https:\/\/g1.globo.com\/tudo-sobre\/alexandre-de-moraes\/\">Alexandre de Moraes<\/a>, o processo deve ir a julgamento na Primeira Turma da Corte ainda neste semestre. A expectativa nos bastidores \u00e9 que ocorra em setembro.<\/p>\n\n\n<div class=\"wp-block-image\">\n<figure class=\"aligncenter size-full\"><img data-recalc-dims=\"1\" fetchpriority=\"high\" decoding=\"async\" width=\"800\" height=\"520\" src=\"https:\/\/i0.wp.com\/minutobahia24h.com.br\/wp-content\/uploads\/2025\/08\/Sem-titulo-1-7.jpg?resize=800%2C520&#038;ssl=1\" alt=\"\" class=\"wp-image-33768\" srcset=\"https:\/\/i0.wp.com\/minutobahia24h.com.br\/wp-content\/uploads\/2025\/08\/Sem-titulo-1-7.jpg?w=984&amp;ssl=1 984w, https:\/\/i0.wp.com\/minutobahia24h.com.br\/wp-content\/uploads\/2025\/08\/Sem-titulo-1-7.jpg?resize=300%2C195&amp;ssl=1 300w, https:\/\/i0.wp.com\/minutobahia24h.com.br\/wp-content\/uploads\/2025\/08\/Sem-titulo-1-7.jpg?resize=768%2C499&amp;ssl=1 768w, https:\/\/i0.wp.com\/minutobahia24h.com.br\/wp-content\/uploads\/2025\/08\/Sem-titulo-1-7.jpg?resize=750%2C487&amp;ssl=1 750w\" sizes=\"(max-width: 800px) 100vw, 800px\" \/><figcaption class=\"wp-element-caption\">Montagem mostra Bolsonaro e Alexandre de Moraes \u2014 Foto: Evaristo SA \/ AFP<br><br><\/figcaption><\/figure>\n<\/div>\n\n\n<h2 class=\"wp-block-heading\">Mais provas<\/h2>\n\n\n\n<p>Ap\u00f3s as alega\u00e7\u00f5es finais, o relator do processo pode determinar a produ\u00e7\u00e3o de \u201cprovas imprescind\u00edveis para o julgamento\u201d. Caber\u00e1 ao ministro Alexandre de Moraes, relator da a\u00e7\u00e3o, avaliar se a medida \u00e9 necess\u00e1ria.<\/p>\n\n\n\n<p>Na sequ\u00eancia, o relator elabora um relat\u00f3rio \u2013 um resumo com os principais andamentos da a\u00e7\u00e3o penal.<\/p>\n\n\n\n<h2 class=\"wp-block-heading\">Marca\u00e7\u00e3o do julgamento<\/h2>\n\n\n\n<p>Passada essa etapa, o presidente da Primeira Turma, ministro Cristiano Zanin, vai marcar a data da an\u00e1lise do caso.<\/p>\n\n\n\n<p>O julgamento ocorrer\u00e1 na Primeira Turma e segue a lei penal e regras internas do Supremo:<\/p>\n\n\n\n<ul class=\"wp-block-list\">\n<li>o relator apresenta o relat\u00f3rio;<\/li>\n\n\n\n<li>eventuais testemunhas dep\u00f5em;<\/li>\n\n\n\n<li>acusa\u00e7\u00e3o e defesa ter\u00e3o, nesta ordem e sucessivamente, prazo de uma hora para apresentar seus argumentos. O tempo pode ser prorrogado pelo presidente da turma;<\/li>\n\n\n\n<li>encerrados os debates, o tribunal delibera, com a apresenta\u00e7\u00e3o dos votos dos ministros. A decis\u00e3o de condena\u00e7\u00e3o ou absolvi\u00e7\u00e3o \u00e9 por maioria da turma \u2013 no caso, pelo menos tr\u00eas ministros.<\/li>\n<\/ul>\n\n\n\n<p>Tanto em caso de absolvi\u00e7\u00e3o quanto de condena\u00e7\u00e3o, \u00e9 poss\u00edvel a apresenta\u00e7\u00e3o de recursos, dentro do pr\u00f3prio STF.<\/p>\n","protected":false},"excerpt":{"rendered":"<p>O processo penal contra o ex-presidente Jair Bolsonaro (PL) e sete r\u00e9us por tentativa de golpe de Estado encerrou a\u00a0fase das alega\u00e7\u00f5es finais. Agora, o caso que corre no Supremo Tribunal Federal (STF) segue para os \u00faltimos procedimentos antes do julgamento que vai decidir se o grupo deve ser condenado ou absolvido. O grupo que [&hellip;]<\/p>\n","protected":false},"author":2,"featured_media":33768,"comment_status":"open","ping_status":"open","sticky":false,"template":"","format":"standard","meta":{"_jetpack_memberships_contains_paid_content":false,"footnotes":""},"categories":[39],"tags":[],"class_list":["post-33767","post","type-post","status-publish","format-standard","has-post-thumbnail","hentry","category-politica"],"aioseo_notices":[],"jetpack_featured_media_url":"https:\/\/i0.wp.com\/minutobahia24h.com.br\/wp-content\/uploads\/2025\/08\/Sem-titulo-1-7.jpg?fit=984%2C639&ssl=1","jetpack_sharing_enabled":true,"_links":{"self":[{"href":"https:\/\/minutobahia24h.com.br\/index.php?rest_route=\/wp\/v2\/posts\/33767","targetHints":{"allow":["GET"]}}],"collection":[{"href":"https:\/\/minutobahia24h.com.br\/index.php?rest_route=\/wp\/v2\/posts"}],"about":[{"href":"https:\/\/minutobahia24h.com.br\/index.php?rest_route=\/wp\/v2\/types\/post"}],"author":[{"embeddable":true,"href":"https:\/\/minutobahia24h.com.br\/index.php?rest_route=\/wp\/v2\/users\/2"}],"replies":[{"embeddable":true,"href":"https:\/\/minutobahia24h.com.br\/index.php?rest_route=%2Fwp%2Fv2%2Fcomments&post=33767"}],"version-history":[{"count":1,"href":"https:\/\/minutobahia24h.com.br\/index.php?rest_route=\/wp\/v2\/posts\/33767\/revisions"}],"predecessor-version":[{"id":33769,"href":"https:\/\/minutobahia24h.com.br\/index.php?rest_route=\/wp\/v2\/posts\/33767\/revisions\/33769"}],"wp:featuredmedia":[{"embeddable":true,"href":"https:\/\/minutobahia24h.com.br\/index.php?rest_route=\/wp\/v2\/media\/33768"}],"wp:attachment":[{"href":"https:\/\/minutobahia24h.com.br\/index.php?rest_route=%2Fwp%2Fv2%2Fmedia&parent=33767"}],"wp:term":[{"taxonomy":"category","embeddable":true,"href":"https:\/\/minutobahia24h.com.br\/index.php?rest_route=%2Fwp%2Fv2%2Fcategories&post=33767"},{"taxonomy":"post_tag","embeddable":true,"href":"https:\/\/minutobahia24h.com.br\/index.php?rest_route=%2Fwp%2Fv2%2Ftags&post=33767"}],"curies":[{"name":"wp","href":"https:\/\/api.w.org\/{rel}","templated":true}]}}