{"id":33643,"date":"2025-08-12T07:34:29","date_gmt":"2025-08-12T10:34:29","guid":{"rendered":"https:\/\/minutobahia24h.com.br\/?p=33643"},"modified":"2025-08-12T07:34:31","modified_gmt":"2025-08-12T10:34:31","slug":"governo-lula-e-alexandre-de-moraes-serao-criticados-em-relatorio-de-direitos-humanos-da-gestao-trump-diz-jornal","status":"publish","type":"post","link":"https:\/\/minutobahia24h.com.br\/?p=33643","title":{"rendered":"Governo Lula e Alexandre de Moraes ser\u00e3o criticados em relat\u00f3rio de direitos humanos da gest\u00e3o Trump, diz jornal"},"content":{"rendered":"<div class=\"wp-block-image\">\n<figure class=\"aligncenter size-full is-resized\"><img data-recalc-dims=\"1\" fetchpriority=\"high\" decoding=\"async\" width=\"303\" height=\"170\" src=\"https:\/\/i0.wp.com\/minutobahia24h.com.br\/wp-content\/uploads\/2025\/08\/Sem-titulo-159.jpg?resize=303%2C170&#038;ssl=1\" alt=\"\" class=\"wp-image-33644\" style=\"width:453px;height:auto\" srcset=\"https:\/\/i0.wp.com\/minutobahia24h.com.br\/wp-content\/uploads\/2025\/08\/Sem-titulo-159.jpg?w=303&amp;ssl=1 303w, https:\/\/i0.wp.com\/minutobahia24h.com.br\/wp-content\/uploads\/2025\/08\/Sem-titulo-159.jpg?resize=300%2C168&amp;ssl=1 300w\" sizes=\"(max-width: 303px) 100vw, 303px\" \/><\/figure>\n<\/div>\n\n\n<p>Trechos do relat\u00f3rio anual de direitos humanos do Departamento de Estados dos EUA obtidos pelo jornal americano &#8220;The Washington Post&#8221; mostram que o documento, preparado pela gest\u00e3o Trump, deve criticar o governo brasileiro e o ministro do\u00a0<a class=\"\" href=\"https:\/\/g1.globo.com\/tudo-sobre\/supremo-tribunal-federal\/\">STF<\/a>\u00a0(Supremo Tribunal Federal)\u00a0<a class=\"\" href=\"https:\/\/g1.globo.com\/tudo-sobre\/alexandre-de-moraes\/\">Alexandre de Moraes<\/a>\u00a0por uma suposta persegui\u00e7\u00e3o ao ex-presidente, Jair Bolsonaro, e seus aliados. O relat\u00f3rio deve ser apresentado ao Congresso dos EUA nesta ter\u00e7a-feira (12).<\/p>\n\n\n\n<p>Segundo o Post, &#8220;no rascunho do relat\u00f3rio sobre o Brasil,&nbsp;<strong>o Departamento de Estado acusou o governo de esquerda do pa\u00eds de &#8216;suprimir desproporcionalmente o discurso de apoiadores do ex-presidente Jair Bolsonaro&#8217;, acusado de tentar se manter no poder por meio de um golpe violento<\/strong>&#8220;.<\/p>\n\n\n\n<blockquote class=\"wp-block-quote is-layout-flow wp-block-quote-is-layout-flow\">\n<p>&#8220;O relat\u00f3rio menciona especificamente o ministro Alexandre de Moraes, do Supremo Tribunal Federal&#8221;, prossegue a reportagem, &#8220;afirmando que ele &#8216;determinou pessoalmente a suspens\u00e3o de mais de 100 perfis de usu\u00e1rios na plataforma de m\u00eddia social X (antigo Twitter)&#8217;, de uma forma que impactou os apoiadores de Bolsonaro na extrema direita.&#8221;<\/p>\n<\/blockquote>\n\n\n\n<p>No \u00faltimo dia 30 de julho,&nbsp;<a class=\"\" href=\"https:\/\/g1.globo.com\/mundo\/noticia\/2025\/07\/30\/eua-sancionam-moraes-lei-magnitsky.ghtml\">o governo Trump sancionou Moraes com a Lei Magnitsky<\/a>, que imp\u00f5e san\u00e7\u00f5es econ\u00f4micas a estrangeiros acusados pela Casa Branca de viola\u00e7\u00f5es graves contra os direitos humanos.&nbsp;<a class=\"\" href=\"https:\/\/g1.globo.com\/fantastico\/noticia\/2025\/08\/03\/criador-da-lei-magnitsky-critica-sancoes-impostas-a-alexandre-de-moraes-acerto-de-contas-politico.ghtml\">O criador da Lei Magnitsky foi contra a aplica\u00e7\u00e3o do dispositivo<\/a>&nbsp;contra o juiz do STF.<\/p>\n\n\n\n<p>O relat\u00f3rio de direitos humanos de 2025, que ser\u00e1 apresentado nesta ter\u00e7a, \u00e9 produzido pelo pela gest\u00e3o Trump e diz respeito a eventos ocorridos em 2024.<\/p>\n\n\n\n<p>Procurado pelo &#8220;Post&#8221;, o Departamento de Estado se recusou a comentar a reportagem. De acordo com o jornal, no entanto, um funcion\u00e1rio disse, sob a condi\u00e7\u00e3o de n\u00e3o ter sua identidade revelada, que &#8220;governos em todo o mundo continuam a usar a censura, a vigil\u00e2ncia arbitr\u00e1ria ou ilegal e leis restritivas contra vozes desfavorecidas, muitas vezes por motivos pol\u00edticos e religiosos&#8221;.<\/p>\n\n\n\n<h2 class=\"wp-block-heading\">Relat\u00f3rio de Biden considerou elei\u00e7\u00f5es justas<\/h2>\n\n\n\n<p>O governo Trump v\u00ea Bolsonaro e sua fam\u00edlia como aliados, e Trump j\u00e1 afirmou diversas vezes que v\u00ea os processos movidos contra o pol\u00edtico do PL como uma &#8220;ca\u00e7a \u00e0s bruxas&#8221;.&nbsp;<strong>No STF, o ex-presidente \u00e9 r\u00e9u por tentativa de golpe de Estado ap\u00f3s perder as elei\u00e7\u00f5es para Lula (PT) em 2022.<\/strong><\/p>\n\n\n\n<p>No relat\u00f3rio de 2024, produzido pela gest\u00e3o do democrata Joe Biden e relativo aos acontecimentos de 2023 ou anteriores, as elei\u00e7\u00f5es presidenciais brasileiras foram amplamente consideradas justas e livres de abusos ou irregularidades.<\/p>\n\n\n\n<p>O relat\u00f3rio menciona pontos de aten\u00e7\u00e3o em rela\u00e7\u00e3o ao processo eleitoral no Brasil, como ass\u00e9dio eleitoral e tentativas de interfer\u00eancias de organiza\u00e7\u00f5es criminosas, como redes de tr\u00e1fico ou mil\u00edcias, no voto de moradores de certas comunidades.<\/p>\n\n\n\n<p>O documento fala especificamente sobre o aumento nas inspe\u00e7\u00f5es da Pol\u00edcia Rodovi\u00e1ria Federal em \u00f4nibus p\u00fablicos no Nordeste nas elei\u00e7\u00f5es presidenciais de 2022, num suposto movimento para dissuadir o voto em uma regi\u00e3o com maior presen\u00e7a de eleitores de Lula.<\/p>\n\n\n\n<p>Al\u00e9m disso, o documento de 2024 cita outras preocupa\u00e7\u00f5es com os direitos humanos no Brasil, como m\u00e1s condi\u00e7\u00f5es prisionais, pris\u00f5es arbitr\u00e1rias, restri\u00e7\u00f5es \u00e0 liberdade de express\u00e3o, corrup\u00e7\u00e3o em diferentes esferas de governo, viol\u00eancia de g\u00eanero, viol\u00eancia contra afro-brasileiros e povos ind\u00edgenas e viol\u00eancia contra pessoas LGBTQIA+.<\/p>\n","protected":false},"excerpt":{"rendered":"<p>Trechos do relat\u00f3rio anual de direitos humanos do Departamento de Estados dos EUA obtidos pelo jornal americano &#8220;The Washington Post&#8221; mostram que o documento, preparado pela gest\u00e3o Trump, deve criticar o governo brasileiro e o ministro do\u00a0STF\u00a0(Supremo Tribunal Federal)\u00a0Alexandre de Moraes\u00a0por uma suposta persegui\u00e7\u00e3o ao ex-presidente, Jair Bolsonaro, e seus aliados. O relat\u00f3rio deve ser [&hellip;]<\/p>\n","protected":false},"author":2,"featured_media":33644,"comment_status":"open","ping_status":"open","sticky":false,"template":"","format":"standard","meta":{"_jetpack_memberships_contains_paid_content":false,"footnotes":""},"categories":[46],"tags":[],"class_list":["post-33643","post","type-post","status-publish","format-standard","has-post-thumbnail","hentry","category-noticia"],"aioseo_notices":[],"jetpack_featured_media_url":"https:\/\/i0.wp.com\/minutobahia24h.com.br\/wp-content\/uploads\/2025\/08\/Sem-titulo-159.jpg?fit=303%2C170&ssl=1","jetpack_sharing_enabled":true,"_links":{"self":[{"href":"https:\/\/minutobahia24h.com.br\/index.php?rest_route=\/wp\/v2\/posts\/33643","targetHints":{"allow":["GET"]}}],"collection":[{"href":"https:\/\/minutobahia24h.com.br\/index.php?rest_route=\/wp\/v2\/posts"}],"about":[{"href":"https:\/\/minutobahia24h.com.br\/index.php?rest_route=\/wp\/v2\/types\/post"}],"author":[{"embeddable":true,"href":"https:\/\/minutobahia24h.com.br\/index.php?rest_route=\/wp\/v2\/users\/2"}],"replies":[{"embeddable":true,"href":"https:\/\/minutobahia24h.com.br\/index.php?rest_route=%2Fwp%2Fv2%2Fcomments&post=33643"}],"version-history":[{"count":1,"href":"https:\/\/minutobahia24h.com.br\/index.php?rest_route=\/wp\/v2\/posts\/33643\/revisions"}],"predecessor-version":[{"id":33645,"href":"https:\/\/minutobahia24h.com.br\/index.php?rest_route=\/wp\/v2\/posts\/33643\/revisions\/33645"}],"wp:featuredmedia":[{"embeddable":true,"href":"https:\/\/minutobahia24h.com.br\/index.php?rest_route=\/wp\/v2\/media\/33644"}],"wp:attachment":[{"href":"https:\/\/minutobahia24h.com.br\/index.php?rest_route=%2Fwp%2Fv2%2Fmedia&parent=33643"}],"wp:term":[{"taxonomy":"category","embeddable":true,"href":"https:\/\/minutobahia24h.com.br\/index.php?rest_route=%2Fwp%2Fv2%2Fcategories&post=33643"},{"taxonomy":"post_tag","embeddable":true,"href":"https:\/\/minutobahia24h.com.br\/index.php?rest_route=%2Fwp%2Fv2%2Ftags&post=33643"}],"curies":[{"name":"wp","href":"https:\/\/api.w.org\/{rel}","templated":true}]}}